{"id":1485,"date":"2022-06-26T08:19:56","date_gmt":"2022-06-26T08:19:56","guid":{"rendered":"http:\/\/agendaurbana.castello.es\/?p=1485"},"modified":"2022-06-28T08:27:01","modified_gmt":"2022-06-28T08:27:01","slug":"presentamos-la-agenda-urbana-de-castello-en-el-world-urban-forum-de-la-onu","status":"publish","type":"post","link":"https:\/\/agendaurbanacastello.es\/va\/presentamos-la-agenda-urbana-de-castello-en-el-world-urban-forum-de-la-onu\/","title":{"rendered":"Presentem l'Agenda Urbana de Castell\u00f3 en el World Urban F\u00f2rum de l'ONU"},"content":{"rendered":"<h2>Marco compartir\u00e0 a Pol\u00f2nia l'experi\u00e8ncia de Castell\u00f3 en l'elaboraci\u00f3 i implantaci\u00f3 de l'Agenda Urbana<\/h2>\n<p>L'alcaldessa de Castell\u00f3, Amparo Marco, participa aquesta setmana en el <a href=\"https:\/\/wuf.unhabitat.org\/\" target=\"_blank\" rel=\"noopener\">World Urban Forum<\/a> organitzat pel programa de les Nacions Urbanes per als Assentaments Humans (ONU-H\u00e0bitat) i que se celebra del 26 al 30 de juny en *Katowice, Pol\u00f2nia. Un f\u00f2rum que amb el lema principal <strong>\u201cTransformar les nostres ciutats per a un millor futur urb\u00e0\u201d<\/strong> , ha sigut dissenyat com a escenari per a debatre els principals reptes urbans als quals s'enfronta el m\u00f3n en l'actualitat i en el futur, com l'impacte en les comunitats, ciutats, economies, canvi clim\u00e0tics i pol\u00edtiques d'urbanitzaci\u00f3, tenint en compte els <a href=\"https:\/\/www.un.org\/sustainabledevelopment\/es\/objetivos-de-desarrollo-sostenible\/\" target=\"_blank\" rel=\"noopener\">Objectius de Desenvolupament Sostenible (ODS)<\/a> i <a href=\"https:\/\/www.mdsocialesa2030.gob.es\/agenda2030\/index.htm\" target=\"_blank\" rel=\"noopener\">l'Agenda 2030<\/a>.<\/p>\n<p>El F\u00f2rum Urb\u00e0 Mundial 2022 est\u00e0 coorganitzat pel Ministeri de Fons de Desenvolupament i Pol\u00edtica Regional de Pol\u00f2nia i l'Oficina Municipal de Katowice i comptar\u00e0 amb diferents esdeveniments, com a assemblees, di\u00e0legs, taules redones i formaci\u00f3, entre altres. Marco prendr\u00e0 part en dues taules redones i ser\u00e0 l'\u00fanica alcaldessa espanyola present en una d'elles, la del dilluns 27 de juny organitzada pel <a href=\"https:\/\/www.mitma.gob.es\/\" target=\"_blank\" rel=\"nofollow noopener\">Ministeri de Transports, Mobilitat i Agenda Urbana<\/a> amb l'objectiu de donar a con\u00e9ixer la Pol\u00edtica Nacional Urbana d'Espanya i la forma en la qual s'est\u00e0 procedint a la seua implementaci\u00f3 efectiva, posar en com\u00fa bones pr\u00e0ctiques i experi\u00e8ncies provades en l'elaboraci\u00f3 i aprovaci\u00f3 de plans d'acci\u00f3 d'agenda urbana a escala nacional, regional i local.<\/p>\n<p>Aix\u00ed, l'alcaldessa abordar\u00e0 en aquesta taula les actuacions en mat\u00e8ria de governan\u00e7a i traslladar\u00e0 l'experi\u00e8ncia de Castell\u00f3 com a projecte pilot en plans d'acci\u00f3 local i el F\u00f2rum Local de l'Agenda Urbana amb la <a href=\"http:\/\/www.femp.es\/\" target=\"_blank\" rel=\"noopener\">Federaci\u00f3 Espanyola de Municipis i Prov\u00edncies (FEMP)<\/a>.<\/p>\n\n\n<figure class=\"wp-block-image size-large\"><img loading=\"lazy\" width=\"1024\" height=\"683\" src=\"https:\/\/agendaurbana.castello.es\/wp-content\/uploads\/2022\/06\/26-06-22-Marco-Presentacion-Agenda-Urbana-Castello-1024x683.jpg\" alt=\"\" class=\"wp-image-1488\" srcset=\"https:\/\/agendaurbanacastello.es\/wp-content\/uploads\/2022\/06\/26-06-22-Marco-Presentacion-Agenda-Urbana-Castello-1024x683.jpg 1024w, https:\/\/agendaurbanacastello.es\/wp-content\/uploads\/2022\/06\/26-06-22-Marco-Presentacion-Agenda-Urbana-Castello-300x200.jpg 300w, https:\/\/agendaurbanacastello.es\/wp-content\/uploads\/2022\/06\/26-06-22-Marco-Presentacion-Agenda-Urbana-Castello-768x512.jpg 768w, https:\/\/agendaurbanacastello.es\/wp-content\/uploads\/2022\/06\/26-06-22-Marco-Presentacion-Agenda-Urbana-Castello-1536x1024.jpg 1536w, https:\/\/agendaurbanacastello.es\/wp-content\/uploads\/2022\/06\/26-06-22-Marco-Presentacion-Agenda-Urbana-Castello-2048x1365.jpg 2048w, https:\/\/agendaurbanacastello.es\/wp-content\/uploads\/2022\/06\/26-06-22-Marco-Presentacion-Agenda-Urbana-Castello-18x12.jpg 18w, https:\/\/agendaurbanacastello.es\/wp-content\/uploads\/2022\/06\/26-06-22-Marco-Presentacion-Agenda-Urbana-Castello-365x243.jpg 365w\" sizes=\"(max-width: 1024px) 100vw, 1024px\" \/><\/figure>\n\n\n\n<blockquote class=\"wp-block-quote\"><p>Castell\u00f3 \u00e9s exemple a nivell nacional en la materialitzaci\u00f3 de l'Agenda Urbana, des que signem en 2020 el protocol d'actuaci\u00f3 entre l'Ajuntament i el Ministeri, de manera que la ciutat es va convertir en model per a orientar a altres municipis en l'elaboraci\u00f3 dels seus respectius plans d'acci\u00f3. Aquesta mateixa setmana hem presenteu el Pla d'Acci\u00f3 de l'Agenda Urbana de Castell\u00f3, que inclou una proposta amb 16 projectes prioritaris a desenvolupar fins a 2030 fruit d'un proc\u00e9s de participaci\u00f3 previ i que configuren el full de ruta estrat\u00e8gic per a continuar transformant Castell\u00f3 amb criteris de sostenibilitat social, mediambiental i econ\u00f2mica.<\/p><cite>Amparo Marco, alcaldessa de Castell\u00f3 <\/cite><\/blockquote>\n\n\n\n<p>L'altra taula redona ser\u00e0 el dimarts 28 de juny i se centrar\u00e0 en Governs locals, la clau de l'\u00e8xit de l'Agenda Urbana, i estar\u00e0 moderada per la subdirectora de Pol\u00edtiques Urbanes del Ministeri de Transports, Mobilitat i Agenda Urbana, \u00c1ngela de la Creu. Marco compartir\u00e0 l'experi\u00e8ncia de Castell\u00f3 amb els alcaldes i alcaldesses <a href=\"https:\/\/alfaro.es\/\" target=\"_blank\" rel=\"noreferrer noopener\" title=\"d&#039;Alfaro\">d'Alfaro<\/a>, <a href=\"https:\/\/www.santfeliu.cat\/go.faces?xmid=1\" target=\"_blank\" rel=\"noreferrer noopener\" title=\"Sant Feliu de Llobregat\">Sant Feliu de Llobregat<\/a> i <a href=\"https:\/\/www.arandadeduero.es\/\" target=\"_blank\" rel=\"noreferrer noopener\" title=\"Aranda de Duero\">Aranda de Duero<\/a>.<\/p>","protected":false},"excerpt":{"rendered":"<p>Marco compartir\u00e0 a Pol\u00f2nia l'experi\u00e8ncia de Castell\u00f3 en l'elaboraci\u00f3 i implantaci\u00f3 de l'Agenda Urbana <\/p>","protected":false},"author":2,"featured_media":1486,"comment_status":"closed","ping_status":"closed","sticky":false,"template":"","format":"standard","meta":{"_monsterinsights_skip_tracking":false,"_monsterinsights_sitenote_active":false,"_monsterinsights_sitenote_note":"","_monsterinsights_sitenote_category":0},"categories":[1],"tags":[42,50,63],"acf":[],"_links":{"self":[{"href":"https:\/\/agendaurbanacastello.es\/va\/wp-json\/wp\/v2\/posts\/1485"}],"collection":[{"href":"https:\/\/agendaurbanacastello.es\/va\/wp-json\/wp\/v2\/posts"}],"about":[{"href":"https:\/\/agendaurbanacastello.es\/va\/wp-json\/wp\/v2\/types\/post"}],"author":[{"embeddable":true,"href":"https:\/\/agendaurbanacastello.es\/va\/wp-json\/wp\/v2\/users\/2"}],"replies":[{"embeddable":true,"href":"https:\/\/agendaurbanacastello.es\/va\/wp-json\/wp\/v2\/comments?post=1485"}],"version-history":[{"count":6,"href":"https:\/\/agendaurbanacastello.es\/va\/wp-json\/wp\/v2\/posts\/1485\/revisions"}],"predecessor-version":[{"id":1495,"href":"https:\/\/agendaurbanacastello.es\/va\/wp-json\/wp\/v2\/posts\/1485\/revisions\/1495"}],"wp:featuredmedia":[{"embeddable":true,"href":"https:\/\/agendaurbanacastello.es\/va\/wp-json\/wp\/v2\/media\/1486"}],"wp:attachment":[{"href":"https:\/\/agendaurbanacastello.es\/va\/wp-json\/wp\/v2\/media?parent=1485"}],"wp:term":[{"taxonomy":"category","embeddable":true,"href":"https:\/\/agendaurbanacastello.es\/va\/wp-json\/wp\/v2\/categories?post=1485"},{"taxonomy":"post_tag","embeddable":true,"href":"https:\/\/agendaurbanacastello.es\/va\/wp-json\/wp\/v2\/tags?post=1485"}],"curies":[{"name":"wp","href":"https:\/\/api.w.org\/{rel}","templated":true}]}}