{"id":1545,"date":"2022-06-14T08:49:17","date_gmt":"2022-06-14T08:49:17","guid":{"rendered":"http:\/\/agendaurbana.castello.es\/?p=1545"},"modified":"2022-07-25T08:51:52","modified_gmt":"2022-07-25T08:51:52","slug":"castello-lleva-su-plan-general-ante-el-foro-de-las-ciudades-como-ejemplo-de-urbanismo-del-siglo-xxi","status":"publish","type":"post","link":"https:\/\/agendaurbanacastello.es\/va\/castello-lleva-su-plan-general-ante-el-foro-de-las-ciudades-como-ejemplo-de-urbanismo-del-siglo-xxi\/","title":{"rendered":"Castell\u00f3 lleva su Plan General ante el Foro de las Ciudades como ejemplo de urbanismo del siglo XXI"},"content":{"rendered":"<h3>La alcaldesa pone en valor el nuevo modelo urbano \u201cm\u00e1s sostenible, saludable e integrador\u201d<\/h3>\n\n\n<p>La alcaldesa de Castell\u00f3, Amparo Marco, ha participado este martes en el <a href=\"https:\/\/forociudadesmadrid.com\/\" target=\"_blank\" rel=\"noreferrer noopener\" title=\"Foro de las Ciudades de Madrid 2022\">Foro de las Ciudades de Madrid 2022<\/a>, un espacio que re\u00fane en IFEMA, Madrid, (desde hoy y hasta el pr\u00f3ximo jueves) a expertos, acad\u00e9micos y representantes de administraciones p\u00fablicas y otras organizaciones de m\u00e1s de 60 ciudades espa\u00f1olas e iberoamericanas para debatir sobre nuevo urbanismo y visibilizar las buenas pr\u00e1cticas de gesti\u00f3n del espacio p\u00fablico, movilidad, renaturalizaci\u00f3n o innovaci\u00f3n social, entre otros aspectos.<\/p>\n\n\n\n<p>La alcaldesa ha participado en la <strong>mesa redonda \u2018Nuevos urbanismos para el siglo XXI\u2019,<\/strong> en la que ha compartido las l\u00edneas estrat\u00e9gicas del nuevo <a href=\"http:\/\/www.plageneralcastello.es\/\" target=\"_blank\" rel=\"noreferrer noopener\" title=\"Plan General de la ciudad\">Plan General de la ciudad<\/a>. \u201cUn plan que dise\u00f1a un nuevo modelo de ciudad, m\u00e1s moderna, inclusiva, sostenible, ordenada, vertebrada y racional, que permitir\u00e1 dotar de nuevos espacios m\u00e1s habitables y sostenibles a la ciudadan\u00eda, mejorando as\u00ed la calidad de vida de nuestras vecinas y vecinos\u201d, ha indicado.<\/p>\n\n\n\n<blockquote class=\"wp-block-quote\"><p>Con este Plan General Castell\u00f3 promueve un uso racional y sostenible del suelo, Se trata de un documento que se ha dise\u00f1ado bajo los criterios de sostenibilidad social, ambiental y econ\u00f3mica, que apuesta por la infraestructura verde y que mejora la calidad de los espacios urbanos.<\/p><cite>Amparo Marco, alcaldesa de Castell\u00f3 de la Plana<\/cite><\/blockquote>\n\n\n\n<p>El planeamiento urban\u00edstico recoge una superficie de m\u00e1s de 6,4 millones de metros cuadrados que ser\u00e1n destinados a sectores de nuevos desarrollos para actividades econ\u00f3micas (4,2 millones de metros cuadrados) y residenciales (2,14 millones de metros cuadrados). En cuanto a infraestructura verde, prev\u00e9 ampliar hasta los 1,2 millones de metros cuadrados la superficie de parques p\u00fablicos, lo que supone un aumento de 383.000 metros cuadrados y superar la ratio de 5 m2 de superficie de parque p\u00fablico por habitante.<\/p>\n\n\n\n<figure class=\"wp-block-image size-large\"><img loading=\"lazy\" width=\"900\" height=\"600\" src=\"http:\/\/agendaurbana.castello.es\/wp-content\/uploads\/2022\/05\/parque_pinar_agenda_urbana_castello.jpg\" alt=\"\" class=\"wp-image-1026\" srcset=\"https:\/\/agendaurbanacastello.es\/wp-content\/uploads\/2022\/05\/parque_pinar_agenda_urbana_castello.jpg 900w, https:\/\/agendaurbanacastello.es\/wp-content\/uploads\/2022\/05\/parque_pinar_agenda_urbana_castello-300x200.jpg 300w, https:\/\/agendaurbanacastello.es\/wp-content\/uploads\/2022\/05\/parque_pinar_agenda_urbana_castello-768x512.jpg 768w, https:\/\/agendaurbanacastello.es\/wp-content\/uploads\/2022\/05\/parque_pinar_agenda_urbana_castello-18x12.jpg 18w, https:\/\/agendaurbanacastello.es\/wp-content\/uploads\/2022\/05\/parque_pinar_agenda_urbana_castello-365x243.jpg 365w\" sizes=\"(max-width: 900px) 100vw, 900px\" \/><\/figure>\n\n\n\n<p>La alcaldesa ha explicado que Castell\u00f3 \u201cya ha ido introduciendo cambios en los \u00faltimos a\u00f1os gracias a los fondos europeos que ha permitido iniciar la transformaci\u00f3n hacia un modelo de ciudad m\u00e1s sostenible y saludable, que da protagonismo al peat\u00f3n\u201d. \u201cTodos los proyectos que se han ido realizando en nuestra ciudad en los \u00faltimos a\u00f1os se han ido adaptando a este nuevo modelo de urbanismo del siglo XXI que perseguimos, teniendo siempre en cuenta criterios de accesibilidad, eficiencia energ\u00e9tica o econom\u00eda circular\u201d, ha manifestado.<\/p>\n\n\n\n<p>Marco ha estado acompa\u00f1ada en esta mesa de debate por Juan Jos\u00e9 Echeverr\u00eda, concejal delegado de Urbanismo, Vivienda y Sanidad del <a href=\"https:\/\/www.pamplona.es\/\" target=\"_blank\" rel=\"noreferrer noopener\" title=\"Ayuntamiento de Pamplona\">Ayuntamiento de Pamplona<\/a>; Ricardo Jord\u00e1n, director de la Fundaci\u00f3n Ciudades 2030. Ciudades en Movimiento (Chile); y Fernando Porras-Isla, arquitecto y miembro del Comit\u00e9 Cient\u00edfico de la Asociaci\u00f3n Sostenibilidad y Arquitectura, ASA.<\/p>\n\n\n\n<p>El Foro de las Ciudades, al que tambi\u00e9n ha asistido el concejal de Urbanismo, Jos\u00e9 Luis L\u00f3pez, cuenta en esta edici\u00f3n con la participaci\u00f3n de m\u00e1s de 250 ponentes de 60 ciudades.<\/p>","protected":false},"excerpt":{"rendered":"<p>Amparo Marco participa en la mesa redonda \u2018Nuevos urbanismos para el siglo XXI\u2019, en la que ha compartido las l\u00edneas estrat\u00e9gicas del nuevo Plan General de la ciudad. <\/p>","protected":false},"author":2,"featured_media":1546,"comment_status":"closed","ping_status":"closed","sticky":false,"template":"","format":"standard","meta":{"_monsterinsights_skip_tracking":false,"_monsterinsights_sitenote_active":false,"_monsterinsights_sitenote_note":"","_monsterinsights_sitenote_category":0},"categories":[1],"tags":[42,48],"acf":[],"_links":{"self":[{"href":"https:\/\/agendaurbanacastello.es\/va\/wp-json\/wp\/v2\/posts\/1545"}],"collection":[{"href":"https:\/\/agendaurbanacastello.es\/va\/wp-json\/wp\/v2\/posts"}],"about":[{"href":"https:\/\/agendaurbanacastello.es\/va\/wp-json\/wp\/v2\/types\/post"}],"author":[{"embeddable":true,"href":"https:\/\/agendaurbanacastello.es\/va\/wp-json\/wp\/v2\/users\/2"}],"replies":[{"embeddable":true,"href":"https:\/\/agendaurbanacastello.es\/va\/wp-json\/wp\/v2\/comments?post=1545"}],"version-history":[{"count":2,"href":"https:\/\/agendaurbanacastello.es\/va\/wp-json\/wp\/v2\/posts\/1545\/revisions"}],"predecessor-version":[{"id":1548,"href":"https:\/\/agendaurbanacastello.es\/va\/wp-json\/wp\/v2\/posts\/1545\/revisions\/1548"}],"wp:featuredmedia":[{"embeddable":true,"href":"https:\/\/agendaurbanacastello.es\/va\/wp-json\/wp\/v2\/media\/1546"}],"wp:attachment":[{"href":"https:\/\/agendaurbanacastello.es\/va\/wp-json\/wp\/v2\/media?parent=1545"}],"wp:term":[{"taxonomy":"category","embeddable":true,"href":"https:\/\/agendaurbanacastello.es\/va\/wp-json\/wp\/v2\/categories?post=1545"},{"taxonomy":"post_tag","embeddable":true,"href":"https:\/\/agendaurbanacastello.es\/va\/wp-json\/wp\/v2\/tags?post=1545"}],"curies":[{"name":"wp","href":"https:\/\/api.w.org\/{rel}","templated":true}]}}