{"id":1621,"date":"2022-10-14T18:34:00","date_gmt":"2022-10-14T18:34:00","guid":{"rendered":"http:\/\/agendaurbana.castello.es\/?p=1621"},"modified":"2022-10-18T09:18:51","modified_gmt":"2022-10-18T09:18:51","slug":"la-agenda-urbana-de-castello-apoya-el-emprendimiento-innovador-como-pilar-de-desarrollo-social-y-economico","status":"publish","type":"post","link":"https:\/\/agendaurbanacastello.es\/va\/la-agenda-urbana-de-castello-apoya-el-emprendimiento-innovador-como-pilar-de-desarrollo-social-y-economico\/","title":{"rendered":"La Agenda Urbana de Castell\u00f3 apoya el emprendimiento innovador como pilar de desarrollo social y econ\u00f3mico"},"content":{"rendered":"<h3><strong>La empresa seleccionada gan\u00f3 la primera edici\u00f3n de los Premios al Talento Emprendedor del estudiantado de la UJI <\/strong><\/h3>\n<p>La alcaldesa de Castell\u00f3, Amparo Marco, ha participado en la 6\u00aa edici\u00f3n de <a href=\"https:\/\/redinnpulso.es\/events\/vi-edicion-innpulso-emprende\/\" target=\"_blank\" rel=\"noopener\">Innpulso Emprende: Encuentro de alcaldes y alcaldesas con la innovaci\u00f3n<\/a>. Un evento promovido por la <a href=\"https:\/\/redinnpulso.es\/\" target=\"_blank\" rel=\"noopener\">Red Innpulso<\/a> y el <a href=\"https:\/\/www.ciencia.gob.es\/\" target=\"_blank\" rel=\"noopener\">Ministerio de Ciencia e Innovaci\u00f3n<\/a> que ha reunido en el espacio Veles e Vents de la Marina de Val\u00e8ncia a representantes de 53 ciudades de la Red Innpulso.<\/p>\n<p>Este acto tiene como finalidad facilitar el encuentro entre responsables municipales y el tejido emprendedor, al tiempo que se premian las iniciativas m\u00e1s innovadoras. El evento cita anualmente a alcaldes y alcaldesas de las ciudades pertenecientes a la red con las pymes, micropymes y startups m\u00e1s innovadoras que han sido seleccionadas por cada una de las ciudades y en esta ocasi\u00f3n, y por segundo a\u00f1o, gira en torno a la Misi\u00f3n de Ciudades Inteligentes y Clim\u00e1ticamente Neutras impulsada por la Comisi\u00f3n Europea.<\/p>\n<p><img loading=\"lazy\" class=\"alignnone wp-image-1622 size-full\" src=\"http:\/\/agendaurbana.castello.es\/wp-content\/uploads\/2022\/10\/Presentacion-Ayuntamiento-Castello-Innpulso-Emprende5.jpg\" alt=\"\" width=\"640\" height=\"360\" srcset=\"https:\/\/agendaurbanacastello.es\/wp-content\/uploads\/2022\/10\/Presentacion-Ayuntamiento-Castello-Innpulso-Emprende5.jpg 640w, https:\/\/agendaurbanacastello.es\/wp-content\/uploads\/2022\/10\/Presentacion-Ayuntamiento-Castello-Innpulso-Emprende5-300x169.jpg 300w, https:\/\/agendaurbanacastello.es\/wp-content\/uploads\/2022\/10\/Presentacion-Ayuntamiento-Castello-Innpulso-Emprende5-18x10.jpg 18w\" sizes=\"(max-width: 640px) 100vw, 640px\" \/><\/p>\n<p>En el caso de Castell\u00f3, la empresa <strong>CEBIMAT (Centro para el Estudio de la Biodegradaci\u00f3n de los Materiales)<\/strong> ha sido la seleccionada para representar a la ciudad tras haber recibido el pasado mes de abril el m\u00e1ximo galard\u00f3n de la primera edici\u00f3n de los<a href=\"https:\/\/www.uji.es\/serveis\/increa\/base\/actividadesV2\/premis\/premisemprenedors\/?urlRedirect=https:\/\/www.uji.es\/serveis\/increa\/base\/actividadesV2\/premis\/premisemprenedors\/&amp;url=\/serveis\/increa\/base\/actividadesV2\/premis\/premisemprenedors\/#\" target=\"_blank\" rel=\"noopener\"> Premios al Talento Emprendedor del estudiantado de la Universitat Jaume I<\/a> en la categor\u00eda de aceleraci\u00f3n empresarial UJI-Ayuntamiento de Castell\u00f3, por su car\u00e1cter innovador, su potencial de crecimiento y su vinculaci\u00f3n a varios de los objetivos estrat\u00e9gicos del <a title=\"Pla d&#039;Acci\u00f3 de l&#039;Agenda Urbana de Castell\u00f3\" href=\"http:\/\/agendaurbana.castello.es\/download\/plan-de-accion-agenda-urbana-castello\/\">plan de acci\u00f3n de la Agenda Urbana de Castell\u00f3 2030.<\/a> Unos premios financiados por los fondos Next Generation de la Uni\u00f3n Europea a trav\u00e9s del Plan de Recuperaci\u00f3n, Transformaci\u00f3n y Resiliencia, para elaborar la Agenda Urbana Castell\u00f3 2030.<\/p>\n<blockquote><p>CEBIMAT ha sido seleccionada en representaci\u00f3n de Castell\u00f3 porque est\u00e1 alienada con los Objetivos de Desarrollo Sostenible y la Agenda Urbana, porque es innovaci\u00f3n, conocimiento y talento, y porque es una empresa de crecimiento y de futuro.<\/p>\n<p><em>Amparo Marco, alcaldesa de Castell\u00f3 de la Plana<\/em><\/p><\/blockquote>\n<p>Luis Cabedo, fundador y presidente del consejo de administraci\u00f3n de CEBIMAT fue el responsalbe de defender este proyecto empresarial, una pin-off de la UJI que tiene como objetivo acercar las claves de la biodegradaci\u00f3n de materiales al tejido social y empresarial.<\/p>\n<h4>Red de Ciudades de la Ciencia y la Innovaci\u00f3n (Red Innpulso)<\/h4>\n<p>El Ayuntamiento de Castell\u00f3 forma parte del Consejo Rector de la Red de Ciudades de la Ciencia y la Innovaci\u00f3n (Red Innpulso), tras una apuesta clara por la innovaci\u00f3n que ha permitido a Castell\u00f3 obtener reconocimientos como el de Ciudad de la Ciencia y la Innovaci\u00f3n 2019, y el premio Innovagloc 2020. Adem\u00e1s, Castell\u00f3 forma parte de la red europea de <a href=\"https:\/\/www.intelligentcitieschallenge.eu\/\" target=\"_blank\" rel=\"noopener\">Intelligent Cities Challenge (ICC)<\/a> para avanzar en una hoja de ruta basada en la transformaci\u00f3n innovadora con impacto social, medioambiental y tecnol\u00f3gico.<\/p>\n<p><img loading=\"lazy\" class=\"alignnone wp-image-1632 size-full\" src=\"http:\/\/agendaurbana.castello.es\/wp-content\/uploads\/2022\/10\/Amparo-Marco-Innpulso-Emprende5.jpg\" alt=\"\" width=\"800\" height=\"616\" srcset=\"https:\/\/agendaurbanacastello.es\/wp-content\/uploads\/2022\/10\/Amparo-Marco-Innpulso-Emprende5.jpg 800w, https:\/\/agendaurbanacastello.es\/wp-content\/uploads\/2022\/10\/Amparo-Marco-Innpulso-Emprende5-300x231.jpg 300w, https:\/\/agendaurbanacastello.es\/wp-content\/uploads\/2022\/10\/Amparo-Marco-Innpulso-Emprende5-768x591.jpg 768w, https:\/\/agendaurbanacastello.es\/wp-content\/uploads\/2022\/10\/Amparo-Marco-Innpulso-Emprende5-16x12.jpg 16w, https:\/\/agendaurbanacastello.es\/wp-content\/uploads\/2022\/10\/Amparo-Marco-Innpulso-Emprende5-130x100.jpg 130w\" sizes=\"(max-width: 800px) 100vw, 800px\" \/>\u00a0Con Innpulso Emprende, se facilita el acercamiento entre pymes innovadoras a nivel nacional, potencia el intercambio de experiencias en la promoci\u00f3n y el apoyo a la innovaci\u00f3n desde la administraci\u00f3n y posiciona a las pymes innovadoras pertenecientes a las ciudades de la red, d\u00e1ndoles visibilidad para facilitar su acceso a mercados potenciales y posibles inversiones.<\/p>\n<blockquote><p>Las pol\u00edticas p\u00fablicas de innovaci\u00f3n son un pilar b\u00e1sico de desarrollo de las ciudades y motor de recuperaci\u00f3n econ\u00f3mico y social, y contribuyen a combatir uno de los retos de nuestra sociedad como es la lucha contra el cambio clim\u00e1tico. Por ello el gobierno municipal de Castell\u00f3 ha incorporado en los \u00faltimos a\u00f1os la innovaci\u00f3n de manera transversal en todas sus pol\u00edticas.<\/p>\n<p><em>Amparo Marco, alcaldesa de Castell\u00f3 de la Plana<\/em><\/p><\/blockquote>\n<h4><strong>CEBIMAT, un ejemplo de transferencia de conocimiento de \u00e9xito<\/strong><\/h4>\n<p>Empresa innovadora que tiene como objetivo acercar las claves de la biodegradaci\u00f3n de materiales al tejido social y empresarial a trav\u00e9s de ensayos que miden la biodegradaci\u00f3n y compostabilidad de materiales en diferentes ambientes. Asimismo, la empresa ofrece asesoramiento en el desarrollo de productos biodegradables y sostenibles.<\/p>\n<p>Esta spin-off de la <a href=\"https:\/\/www.uji.es\/\" target=\"_blank\" rel=\"noopener\">Universitat Jaume I<\/a> es un claro ejemplo de transferencia de conocimiento desde el entorno acad\u00e9mico al tejido social y econ\u00f3mico, ya que est\u00e1 promovida por el personal del <a href=\"https:\/\/www.uji.es\/serveis\/ocit\/base\/grupsinvestigacio\/detall\/?urlRedirect=https:\/\/www.uji.es\/serveis\/ocit\/base\/grupsinvestigacio\/detall\/&amp;url=\/serveis\/ocit\/base\/grupsinvestigacio\/detall&amp;codi=239&amp;p_idioma=ca&amp;antiguedad=10\" target=\"_blank\" rel=\"noopener\">grupo de investigaci\u00f3n Pol\u00edmeros y Materiales Avanzados (PIMA) de la Universitat Jaume I<\/a> y la compa\u00f1\u00eda valenciana Nastepur S.L. Con este proyecto la empresa asume el reto de dar respuesta a la creciente demanda de materiales biodegradables, tanto por una sociedad cada vez m\u00e1s concienciada con el medioambiente, como por el sector empresarial que responde y se adapta con celeridad a la nuevas normativas nacionales e internacionales.<\/p>\n<p><img loading=\"lazy\" class=\"alignnone wp-image-1637 size-full\" src=\"http:\/\/agendaurbana.castello.es\/wp-content\/uploads\/2022\/10\/CEBIMAT-Innpulso-Emprende6.jpg\" alt=\"\" width=\"799\" height=\"533\" srcset=\"https:\/\/agendaurbanacastello.es\/wp-content\/uploads\/2022\/10\/CEBIMAT-Innpulso-Emprende6.jpg 799w, https:\/\/agendaurbanacastello.es\/wp-content\/uploads\/2022\/10\/CEBIMAT-Innpulso-Emprende6-300x200.jpg 300w, https:\/\/agendaurbanacastello.es\/wp-content\/uploads\/2022\/10\/CEBIMAT-Innpulso-Emprende6-768x512.jpg 768w, https:\/\/agendaurbanacastello.es\/wp-content\/uploads\/2022\/10\/CEBIMAT-Innpulso-Emprende6-18x12.jpg 18w, https:\/\/agendaurbanacastello.es\/wp-content\/uploads\/2022\/10\/CEBIMAT-Innpulso-Emprende6-365x243.jpg 365w\" sizes=\"(max-width: 799px) 100vw, 799px\" \/><\/p>\n<p>Para conseguir sus objetivos CEBIMAT tiene transferida en exclusividad la tecnolog\u00eda desarrollada por el grupo de investigaci\u00f3n universitario y centra su actividad en tres servicios principales:<\/p>\n<ul>\n<li>Realizaci\u00f3n de ensayos seg\u00fan norma para la medida de la biodegradaci\u00f3n y compostabilidad de materiales.<\/li>\n<li>Desarrollo de ensayos y estudios a medida para el estudio de la biodegradaci\u00f3n de los materiales en diferentes ambientes.<\/li>\n<li>Asesoramiento en el desarrollo de productos biodegradables y sostenibles.<\/li>\n<\/ul>","protected":false},"excerpt":{"rendered":"<p>El Ayuntamiento de Castell\u00f3 participa en la sexta edici\u00f3n de Innpulso Emprende resaltando su apoyo al emprendimiento y la innovaci\u00f3n como motores de transformaci\u00f3n social y econ\u00f3mica. <\/p>","protected":false},"author":2,"featured_media":1630,"comment_status":"closed","ping_status":"closed","sticky":false,"template":"","format":"standard","meta":{"_monsterinsights_skip_tracking":false,"_monsterinsights_sitenote_active":false,"_monsterinsights_sitenote_note":"","_monsterinsights_sitenote_category":0},"categories":[1],"tags":[42,48],"acf":[],"_links":{"self":[{"href":"https:\/\/agendaurbanacastello.es\/va\/wp-json\/wp\/v2\/posts\/1621"}],"collection":[{"href":"https:\/\/agendaurbanacastello.es\/va\/wp-json\/wp\/v2\/posts"}],"about":[{"href":"https:\/\/agendaurbanacastello.es\/va\/wp-json\/wp\/v2\/types\/post"}],"author":[{"embeddable":true,"href":"https:\/\/agendaurbanacastello.es\/va\/wp-json\/wp\/v2\/users\/2"}],"replies":[{"embeddable":true,"href":"https:\/\/agendaurbanacastello.es\/va\/wp-json\/wp\/v2\/comments?post=1621"}],"version-history":[{"count":7,"href":"https:\/\/agendaurbanacastello.es\/va\/wp-json\/wp\/v2\/posts\/1621\/revisions"}],"predecessor-version":[{"id":1641,"href":"https:\/\/agendaurbanacastello.es\/va\/wp-json\/wp\/v2\/posts\/1621\/revisions\/1641"}],"wp:featuredmedia":[{"embeddable":true,"href":"https:\/\/agendaurbanacastello.es\/va\/wp-json\/wp\/v2\/media\/1630"}],"wp:attachment":[{"href":"https:\/\/agendaurbanacastello.es\/va\/wp-json\/wp\/v2\/media?parent=1621"}],"wp:term":[{"taxonomy":"category","embeddable":true,"href":"https:\/\/agendaurbanacastello.es\/va\/wp-json\/wp\/v2\/categories?post=1621"},{"taxonomy":"post_tag","embeddable":true,"href":"https:\/\/agendaurbanacastello.es\/va\/wp-json\/wp\/v2\/tags?post=1621"}],"curies":[{"name":"wp","href":"https:\/\/api.w.org\/{rel}","templated":true}]}}