{"id":1658,"date":"2023-04-24T09:40:31","date_gmt":"2023-04-24T09:40:31","guid":{"rendered":"http:\/\/agendaurbana.castello.es\/?p=1658"},"modified":"2023-04-24T09:46:38","modified_gmt":"2023-04-24T09:46:38","slug":"castello-explica-en-la-uji-los-beneficios-de-una-planificacion-local-mediante-la-agenda-urbana","status":"publish","type":"post","link":"https:\/\/agendaurbanacastello.es\/va\/castello-explica-en-la-uji-los-beneficios-de-una-planificacion-local-mediante-la-agenda-urbana\/","title":{"rendered":"Castell\u00f3 explica los beneficios de una planificaci\u00f3n local mediante la Agenda Urbana"},"content":{"rendered":"<h3>La jornada ha sido organizada por la C\u00e1tedra de Arquitectura Circular con el fin de dar a conocer las diferentes Agendas Urbanas<\/h3>\n\n\n\n<p>La <a href=\"https:\/\/www.uji.es\/institucional\/estrategia\/plans\/comunicacio\/patrocini-mecenatge\/comcolaborar\/catedres\/base\/catedres\/catedra_arq_circular\/#0\" target=\"_blank\" rel=\"noreferrer noopener\" title=\"C\u00e1tedra de Arquitectura Circular de la Universitat Jaume I\">C\u00e1tedra de Arquitectura Circular de la Universitat Jaume I<\/a>, con el apoyo de la <a href=\"https:\/\/habitatge.gva.es\/es\/\" target=\"_blank\" rel=\"noreferrer noopener\" title=\"Vicepresidencia Segunda y Conselleria de Vivienda y Arquitectura Bioclim\u00e1tica\">Vicepresidencia Segunda y Conselleria de Vivienda y Arquitectura Bioclim\u00e1tica<\/a>, ha realizado la jornada \u00abLas Agendas Urbanas en la Comunidad Valenciana\u00bb, en la que se han presentado dos iniciativas concretas de agenda urbana en las ciudades de Onda y Castell\u00f3 de la Plana, y la definici\u00f3n de la Agenda Urbana Valenciana. <\/p>\n\n\n\n<p>En la presentaci\u00f3n, el director de la C\u00e1tedra \u00c1ngel M. Pitarch ha se\u00f1alado la importancia de conocer estos documentos, que permiten definir los objetivos que pretenden alcanzar cada una de las ciudades, as\u00ed como la planificaci\u00f3n de las acciones que debe llevar a cabo para mejorar la sostenibilidad y la calidad de vida con un horizonte temporal de 2030. As\u00ed mismo, ha destacado que as\u00ed se puede intervenir en los mismos como ciudadanos mediante las estrategias de participaci\u00f3n ciudadana a la hora de redactar las estrategias y proyectos para su consecuci\u00f3n.<\/p>\n\n\n\n<p>Adem\u00e1s, ha recalcado que la <a href=\"https:\/\/www.aue.gob.es\/\" target=\"_blank\" rel=\"noreferrer noopener\" title=\"Agenda Urbana\">Agenda Urbana<\/a> es una iniciativa de la <a href=\"https:\/\/www.un.org\/es\/about-us\" target=\"_blank\" rel=\"noreferrer noopener\" title=\"Organizaci\u00f3n de Naciones Unidas\">Organizaci\u00f3n de Naciones Unidas<\/a> que ha tenido su traslaci\u00f3n nacional y local, y ha apuntado que esta visi\u00f3n local se plasma en los ejemplos de Onda Castell\u00f3 y la Generalitat Valenciana, sirviendo de gu\u00eda a los municipios medianos o peque\u00f1os que no disponen de recursos suficientes para emprender el trabajo de elaboraci\u00f3n de una agenda propia.<\/p>\n\n\n\n<figure class=\"wp-block-image size-large\"><img loading=\"lazy\" width=\"1024\" height=\"683\" src=\"https:\/\/agendaurbana.castello.es\/wp-content\/uploads\/2023\/04\/Presentacion-Agenda-Urbana-Castello-Universitat-Jaume-I-2-1024x683.jpg\" alt=\"\" class=\"wp-image-1659\" srcset=\"https:\/\/agendaurbanacastello.es\/wp-content\/uploads\/2023\/04\/Presentacion-Agenda-Urbana-Castello-Universitat-Jaume-I-2-1024x683.jpg 1024w, https:\/\/agendaurbanacastello.es\/wp-content\/uploads\/2023\/04\/Presentacion-Agenda-Urbana-Castello-Universitat-Jaume-I-2-300x200.jpg 300w, https:\/\/agendaurbanacastello.es\/wp-content\/uploads\/2023\/04\/Presentacion-Agenda-Urbana-Castello-Universitat-Jaume-I-2-768x512.jpg 768w, https:\/\/agendaurbanacastello.es\/wp-content\/uploads\/2023\/04\/Presentacion-Agenda-Urbana-Castello-Universitat-Jaume-I-2-1536x1024.jpg 1536w, https:\/\/agendaurbanacastello.es\/wp-content\/uploads\/2023\/04\/Presentacion-Agenda-Urbana-Castello-Universitat-Jaume-I-2-2048x1365.jpg 2048w, https:\/\/agendaurbanacastello.es\/wp-content\/uploads\/2023\/04\/Presentacion-Agenda-Urbana-Castello-Universitat-Jaume-I-2-18x12.jpg 18w, https:\/\/agendaurbanacastello.es\/wp-content\/uploads\/2023\/04\/Presentacion-Agenda-Urbana-Castello-Universitat-Jaume-I-2-365x243.jpg 365w\" sizes=\"(max-width: 1024px) 100vw, 1024px\" \/><\/figure>\n\n\n\n<p>En la jornada han participado tres personas expertas en la materia. En primer lugar, ha intervenido<strong> Inmaculada Escrig<\/strong>, t\u00e9cnico de la Administraci\u00f3n General de Medio Ambiente del <a href=\"https:\/\/www.onda.es\/ond\/web_php\/index.php?lang=1\" target=\"_blank\" rel=\"noreferrer noopener\" title=\"Ayuntamiento de Onda\">Ayuntamiento de Onda<\/a>, quien ha expuesto la <strong>\u00abElaboraci\u00f3n e implementaci\u00f3n del Plan de Actuaci\u00f3n Onda 2030: El camino hacia una ciudad m\u00e1s amable y sostenible\u00bb<\/strong>. Escrig ha explicado el contexto en el que se realiza el Plan Estrat\u00e9gico de Onda, detallando el proceso de elaboraci\u00f3n del que parti\u00f3 de una iniciativa pol\u00edtica que se ha completado con los diferentes procesos de an\u00e1lisis y participaci\u00f3n ciudadana, y que se ha concretado en cuatro ejes diferentes: econom\u00eda y prosperidad, personas, ciudades sostenibles e innovaci\u00f3n y gobernanza, que se dividen en l\u00edneas de actuaci\u00f3n alineados con la Agenda 2030 y la Agenda Urbana Espa\u00f1ola.<\/p>\n\n\n\n<p>En segundo lugar, <strong>Luis Gargori Reverter<\/strong>, t\u00e9cnico de la Oficina de Planificaci\u00f3n y Proyecci\u00f3n Econ\u00f3mica del <a href=\"https:\/\/www.castello.es\/va\/inici\" target=\"_blank\" rel=\"noreferrer noopener\" title=\"l&#039;Ajuntament de Castell\u00f3 de la Plana\">l'Ajuntament de Castell\u00f3 de la Plana<\/a> ha explicado la <strong>\u00abAgenda Urbana Castell\u00f3 2030. Un plan de acci\u00f3n para afrontar la sostenibilidad del futuro\u00bb<\/strong>. As\u00ed, ha se\u00f1alado que la Agenda Urbana no es un marco normativo, sino una herramienta estrat\u00e9gica para tener los objetivos e iniciativas preparados y poder aprovechar las diferentes convocatorias de ayudas que permiten la financiaci\u00f3n de los proyectos.<\/p>\n\n\n\n<figure class=\"wp-block-image size-large\"><img loading=\"lazy\" width=\"1024\" height=\"683\" src=\"https:\/\/agendaurbana.castello.es\/wp-content\/uploads\/2023\/04\/Presentacion-Agenda-Urbana-Castello-Universitat-Jaume-I-1-1024x683.jpg\" alt=\"\" class=\"wp-image-1660\" srcset=\"https:\/\/agendaurbanacastello.es\/wp-content\/uploads\/2023\/04\/Presentacion-Agenda-Urbana-Castello-Universitat-Jaume-I-1-1024x683.jpg 1024w, https:\/\/agendaurbanacastello.es\/wp-content\/uploads\/2023\/04\/Presentacion-Agenda-Urbana-Castello-Universitat-Jaume-I-1-300x200.jpg 300w, https:\/\/agendaurbanacastello.es\/wp-content\/uploads\/2023\/04\/Presentacion-Agenda-Urbana-Castello-Universitat-Jaume-I-1-768x512.jpg 768w, https:\/\/agendaurbanacastello.es\/wp-content\/uploads\/2023\/04\/Presentacion-Agenda-Urbana-Castello-Universitat-Jaume-I-1-1536x1024.jpg 1536w, https:\/\/agendaurbanacastello.es\/wp-content\/uploads\/2023\/04\/Presentacion-Agenda-Urbana-Castello-Universitat-Jaume-I-1-2048x1365.jpg 2048w, https:\/\/agendaurbanacastello.es\/wp-content\/uploads\/2023\/04\/Presentacion-Agenda-Urbana-Castello-Universitat-Jaume-I-1-18x12.jpg 18w, https:\/\/agendaurbanacastello.es\/wp-content\/uploads\/2023\/04\/Presentacion-Agenda-Urbana-Castello-Universitat-Jaume-I-1-365x243.jpg 365w\" sizes=\"(max-width: 1024px) 100vw, 1024px\" \/><\/figure>\n\n\n\n<p>Gargori ha puesto de manifiesto la necesidad de involucrar a todos los agentes posibles, mediante grupos de trabajo, el consejo social y la participaci\u00f3n ciudadana, as\u00ed como de formar a los que van a intervenir directamente tales como t\u00e9cnicos y pol\u00edticos del equipo municipal mediante el an\u00e1lisis de los ejes estrat\u00e9gicos, e incluso en el caso de Castell\u00f3 con el an\u00e1lisis de casos pr\u00e1cticos y visitas a otras ciudades. Tras todo el proceso se han definido 16 proyectos estrat\u00e9gicos con sus actuaciones concretas, lo que ha permitido a Castell\u00f3 ser un referente a nivel estatal.<\/p>\n\n\n\n<p>Por \u00faltimo, <strong>Rosa Pardo Mar\u00edn<\/strong>, directora general de Pol\u00edtica Territorial i Paisaje de la Generalitat Valenciana ha abordado la <strong>\u00abAgenda Urbana de la Comunidad Valenciana\u00bb<\/strong>, contextualizando el origen de la Agenda Urbana Valenciana como una herramienta para que las administraciones locales puedan implantar la Agenda Urbana Espa\u00f1ola basada en la Agenda 2030 de Naciones Unidas.<\/p>\n\n\n\n<p>La Agenda Urbana Valenciana, ha sido elaborada de forma coordinada por la Conselleria de Pol\u00edtica Territorial y la Conselleria de Vivienda y Arquitectura Bioclim\u00e1tica, y han intervenido diferentes secretar\u00edas auton\u00f3micas y direcciones generales con un proceso de participaci\u00f3n basado en entrevistas, encuestas, talleres tem\u00e1ticos y jornadas participativas. Todo ello ha permitido definir las diferentes tem\u00e1ticas e indicadores planteados.<\/p>\n\n\n\n<p>Por \u00faltimo, Pardo ha destacado de esta Agenda Urbana la capacidad de adaptaci\u00f3n a las necesidades de cada uno de los municipios que pretenda implantarla, permitiendo una mayor agilidad y adaptaci\u00f3n a la realidad cambiante que la de la planificaci\u00f3n tradicional. As\u00ed mismo, ha se\u00f1alado que la Agenda Urbana Valenciana ofrece un novedoso cat\u00e1logo de soluciones y ejemplos de otras ciudades, y un sistema de indicadores con informaci\u00f3n de portales oficiales f\u00e1cil de obtener.<\/p>\n\n\n\n<p>En el debate posterior, se ha tratado la dificultad de aplicaci\u00f3n que puede tener en los municipios con menos recursos. As\u00ed mismo se ha presentado la disyuntiva entre el uso de indicadores basados en informaci\u00f3n dif\u00edcil de obtener pero que reflejan muy bien la situaci\u00f3n actual, y otros que proporcionan menos informaci\u00f3n, pero cuya recopilaci\u00f3n es m\u00e1s f\u00e1cil. La jornada ha puesto de manifiesto el inter\u00e9s por definir una planificaci\u00f3n estrat\u00e9gica de la ciudades y entornos urbanos que permita el m\u00e1ximo aprovechamiento de los recursos y fuentes de financiaci\u00f3n de forma alineada con los Objetivos de Desarrollo Sostenible.&nbsp;<\/p>","protected":false},"excerpt":{"rendered":"<p>El Ayuntamiento de Castell\u00f3 presenta su Agenda Urbana ante el alumnado de arquitectura de la Universitat Jaume I en una jornada organizada por C\u00e1tedra de Arquitectura Circular de la UJI-<\/p>","protected":false},"author":2,"featured_media":1661,"comment_status":"closed","ping_status":"closed","sticky":false,"template":"","format":"standard","meta":{"_monsterinsights_skip_tracking":false,"_monsterinsights_sitenote_active":false,"_monsterinsights_sitenote_note":"","_monsterinsights_sitenote_category":0},"categories":[1],"tags":[],"acf":[],"_links":{"self":[{"href":"https:\/\/agendaurbanacastello.es\/va\/wp-json\/wp\/v2\/posts\/1658"}],"collection":[{"href":"https:\/\/agendaurbanacastello.es\/va\/wp-json\/wp\/v2\/posts"}],"about":[{"href":"https:\/\/agendaurbanacastello.es\/va\/wp-json\/wp\/v2\/types\/post"}],"author":[{"embeddable":true,"href":"https:\/\/agendaurbanacastello.es\/va\/wp-json\/wp\/v2\/users\/2"}],"replies":[{"embeddable":true,"href":"https:\/\/agendaurbanacastello.es\/va\/wp-json\/wp\/v2\/comments?post=1658"}],"version-history":[{"count":4,"href":"https:\/\/agendaurbanacastello.es\/va\/wp-json\/wp\/v2\/posts\/1658\/revisions"}],"predecessor-version":[{"id":1667,"href":"https:\/\/agendaurbanacastello.es\/va\/wp-json\/wp\/v2\/posts\/1658\/revisions\/1667"}],"wp:featuredmedia":[{"embeddable":true,"href":"https:\/\/agendaurbanacastello.es\/va\/wp-json\/wp\/v2\/media\/1661"}],"wp:attachment":[{"href":"https:\/\/agendaurbanacastello.es\/va\/wp-json\/wp\/v2\/media?parent=1658"}],"wp:term":[{"taxonomy":"category","embeddable":true,"href":"https:\/\/agendaurbanacastello.es\/va\/wp-json\/wp\/v2\/categories?post=1658"},{"taxonomy":"post_tag","embeddable":true,"href":"https:\/\/agendaurbanacastello.es\/va\/wp-json\/wp\/v2\/tags?post=1658"}],"curies":[{"name":"wp","href":"https:\/\/api.w.org\/{rel}","templated":true}]}}