{"id":1995,"date":"2024-04-18T07:19:00","date_gmt":"2024-04-18T07:19:00","guid":{"rendered":"http:\/\/agendaurbana.castello.es\/?p=1995"},"modified":"2024-04-25T07:50:32","modified_gmt":"2024-04-25T07:50:32","slug":"adjudicado-el-proyecto-de-remodelacion-y-mejora-de-la-avenida-ferrandis-salvador","status":"publish","type":"post","link":"https:\/\/agendaurbanacastello.es\/va\/adjudicado-el-proyecto-de-remodelacion-y-mejora-de-la-avenida-ferrandis-salvador\/","title":{"rendered":"Adjudicado el proyecto de remodelaci\u00f3n y mejora de la Avenida Ferrandis Salvador"},"content":{"rendered":"<h2>Una actuaci\u00f3n urbana  para poner en valor el atractivo tur\u00edstico de las playas de Castell\u00f3, haci\u00e9ndolas m\u00e1s accesibles y sostenibles<\/h2>\n\n\n\n<p>La Junta de Gobierno Local  ha aprobado la adjudicaci\u00f3n de la redacci\u00f3n del proyecto y ejecuci\u00f3n de las obras de remodelaci\u00f3n del Paseo Mar\u00edtimo en Avda. Ferrandis Salvador, tramo entre Cam\u00ed La Plana hasta Cam\u00ed La Ratlla. Unas obras cofinanciadas con fondos europeos Next Generation en el marco del <a href=\"https:\/\/planderecuperacion.gob.es\/\" target=\"_blank\" rel=\"noreferrer noopener\" title=\"Plan de Recuperaci\u00f3n, Transformaci\u00f3n y Resiliencia.\">Plan de Recuperaci\u00f3n, Transformaci\u00f3n y Resiliencia.<\/a><\/p>\n\n\n\n<p>El portavoz, Vicent Sales, ha comentado que \u201cse ha adjudicado el referido contrato a la mercantil Becsa, S.A., por importe de 3.076.534,92 euros, m\u00e1s 646.072,34 euros en concepto de IVA, siendo el importe total de 3.722.607,26 euros, y contando con un plazo m\u00e1ximo de 3 meses para la redacci\u00f3n del proyecto de ejecuci\u00f3n y un plazo m\u00e1ximo de 12 meses para la ejecuci\u00f3n de las obras\u201d.<\/p>\n\n\n\n<p>Para el concejal se trata \u201cde una actuaci\u00f3n urbana que mejorar\u00e1 la movilidad y el disfrute de esta zona de la ciudad y de nuestras playas, apostando por la sostenibilidad y por una avenida m\u00e1s verde, con m\u00e1s servicios p\u00fablicos, aumentando de manera importante el atractivo tur\u00edstico de uno de los principales reclamos de nuestra ciudad\u201d.<\/p>\n\n\n\n<p>Este proyecto forma parte del <a href=\"https:\/\/www.turisme.gva.es\/opencms\/opencms\/turisme\/es\/contents\/planificacion\/PSTDs.html?tam=&amp;menu_id=77\" target=\"_blank\" rel=\"noreferrer noopener\" title=\"Plan de Sostenibilidad Tur\u00edstica de la Comunitat Valenciana\">Plan de Sostenibilidad Tur\u00edstica de la Comunitat Valenciana<\/a> y se enmarca en el Plan de Acci\u00f3n de la Agenda Urbana de Castell\u00f3, concretamente en el proyecto prioritario <strong>\u201cTurismo sostenible, inteligente y deportivo\u201d<\/strong>. Una l\u00ednea prioritaria que tiene como objetivos principales: consolidar la ciudad y su entorno como un destino tur\u00edstico sostenible a trav\u00e9s de actuaciones centradas en la conectividad y la movilidad sostenible en torno a v\u00edas verdes, paseos mar\u00edtimos y parque urbanos; fomentar la digitalizaci\u00f3n del sector para aumentar su competitividad y reforzar el papel de Castell\u00f3 como \u201cCiudad del Deporte\u201d.<\/p>\n\n\n\n<p>La actuaci\u00f3n est\u00e1 cofinanciada con el programa extraordinario del a\u00f1o 2022 a trav\u00e9s de <a href=\"https:\/\/www.turisme.gva.es\/opencms\/opencms\/turisme\/es\/index.jsp\" target=\"_blank\" rel=\"noreferrer noopener\" title=\"Turisme de la Comunitat Valenciana\">Turisme de la Comunitat Valenciana<\/a>. <\/p>\n\n\n\n<p><\/p>","protected":false},"excerpt":{"rendered":"<p>Un proyecto para mejorar la movilidad y el disfrute de esta zona de la ciudad apostando por la sostenibilidad y por una avenida m\u00e1s verde. <\/p>","protected":false},"author":3,"featured_media":1996,"comment_status":"closed","ping_status":"closed","sticky":false,"template":"","format":"standard","meta":{"_monsterinsights_skip_tracking":false,"_monsterinsights_sitenote_active":false,"_monsterinsights_sitenote_note":"","_monsterinsights_sitenote_category":0},"categories":[1],"tags":[48,98,93,57,91],"acf":[],"_links":{"self":[{"href":"https:\/\/agendaurbanacastello.es\/va\/wp-json\/wp\/v2\/posts\/1995"}],"collection":[{"href":"https:\/\/agendaurbanacastello.es\/va\/wp-json\/wp\/v2\/posts"}],"about":[{"href":"https:\/\/agendaurbanacastello.es\/va\/wp-json\/wp\/v2\/types\/post"}],"author":[{"embeddable":true,"href":"https:\/\/agendaurbanacastello.es\/va\/wp-json\/wp\/v2\/users\/3"}],"replies":[{"embeddable":true,"href":"https:\/\/agendaurbanacastello.es\/va\/wp-json\/wp\/v2\/comments?post=1995"}],"version-history":[{"count":1,"href":"https:\/\/agendaurbanacastello.es\/va\/wp-json\/wp\/v2\/posts\/1995\/revisions"}],"predecessor-version":[{"id":1997,"href":"https:\/\/agendaurbanacastello.es\/va\/wp-json\/wp\/v2\/posts\/1995\/revisions\/1997"}],"wp:featuredmedia":[{"embeddable":true,"href":"https:\/\/agendaurbanacastello.es\/va\/wp-json\/wp\/v2\/media\/1996"}],"wp:attachment":[{"href":"https:\/\/agendaurbanacastello.es\/va\/wp-json\/wp\/v2\/media?parent=1995"}],"wp:term":[{"taxonomy":"category","embeddable":true,"href":"https:\/\/agendaurbanacastello.es\/va\/wp-json\/wp\/v2\/categories?post=1995"},{"taxonomy":"post_tag","embeddable":true,"href":"https:\/\/agendaurbanacastello.es\/va\/wp-json\/wp\/v2\/tags?post=1995"}],"curies":[{"name":"wp","href":"https:\/\/api.w.org\/{rel}","templated":true}]}}