{"id":2076,"date":"2024-06-21T08:21:00","date_gmt":"2024-06-21T08:21:00","guid":{"rendered":"http:\/\/agendaurbana.castello.es\/?p=2076"},"modified":"2024-06-25T09:11:26","modified_gmt":"2024-06-25T09:11:26","slug":"aprobada-la-direccion-tecnica-remodelacion-ferrandis-salvador","status":"publish","type":"post","link":"https:\/\/agendaurbanacastello.es\/va\/aprobada-la-direccion-tecnica-remodelacion-ferrandis-salvador\/","title":{"rendered":"Aprobada la direcci\u00f3n t\u00e9cnica de la remodelaci\u00f3n Ferrandis Salvador"},"content":{"rendered":"<h2>Una inversi\u00f3n total de 3,7 millones de euros que cuenta con 2,4 millones de financiaci\u00f3n europea<\/h2>\n\n\n\n<p>La Junta de Gobierno Local del 21 de junio de 2024 ha dado luz verde al servicio de arquitectura e ingenier\u00eda para la direcci\u00f3n t\u00e9cnica del proyecto de remodelaci\u00f3n de la avenida Ferrandis Salvador.<\/p>\n\n\n\n<p>Se trata del expediente para contratar, mediante procedimiento abierto, el servicio de arquitectura e ingenier\u00eda para la direcci\u00f3n t\u00e9cnica facultativa y coordinaci\u00f3n de seguridad y salud de la ejecuci\u00f3n de las obras de remodelaci\u00f3n del Paseo Mar\u00edtimo, en Avda. Ferrandis Salvador (tramo entre cam\u00ed La Plana hasta el cam\u00ed La Ratlla).<\/p>\n\n\n\n<p>Una actuaci\u00f3n enmarcada dentro del proyecto prioritario <a href=\"https:\/\/agendaurbana.castello.es\/ficha\/turismo-sostenible-inteligente-y-deportivo\/\" target=\"_blank\" rel=\"noreferrer noopener\" title=\"\u201cTurismo sostenible, inteligente y deportivo\u201d \">\u201cTurismo sostenible, inteligente y deportivo\u201d <\/a>del plan de acci\u00f3n de la <a href=\"https:\/\/agendaurbana.castello.es\/\" target=\"_blank\" rel=\"noreferrer noopener\" title=\"Agenda Urbana de Castell\u00f3n\">Agenda Urbana de Castell\u00f3n<\/a>, que tiene como objetivo consolidar la ciudad y su entorno como un destino tur\u00edstico sostenible.<\/p>\n\n\n\n<blockquote class=\"wp-block-quote\"><p>Este proyecto es uno de los m\u00e1s importantes de cuantos se van a poner en marcha pr\u00f3ximamente por parte del equipo de gobierno.<\/p><cite>Vicent Sales, concejal portavoz del Ayuntamiento de Castell\u00f3n<\/cite><\/blockquote>\n\n\n\n<p>Sales ha destacado que esta obra de remodelaci\u00f3n permitir\u00e1 poner en valor el principal recurso tur\u00edstico de nuestra ciudad, como son nuestras playas y que mejorar\u00e1 aspectos de sostenibilidad, accesibilidad, ampliando la plataforma ciclopeatonal y a\u00f1adiendo fuentes, zonas de aparcamiento de patinetes el\u00e9ctricos, con m\u00e1s bancos y papeleras.<\/p>\n\n\n\n<p>El presupuesto base de licitaci\u00f3n para la direcci\u00f3n t\u00e9cnica es de 63.297,74 euros m\u00e1s 13.292,53 euros, en concepto de IVA (21%). Una inversi\u00f3n de 76.572 euros vinculada al <a href=\"https:\/\/www.turisme.gva.es\/opencms\/opencms\/turisme\/es\/contents\/planificacion\/PSTDs_convo_extraordinaria.html\" target=\"_blank\" rel=\"noreferrer noopener\" title=\"Plan de Sostenibilidad Tur\u00edstica en Destino\">Plan de Sostenibilidad Tur\u00edstica en Destino<\/a> de Castell\u00f3 cofinanciado con fondos europeos Next Generation en el marco del <a href=\"https:\/\/planderecuperacion.gob.es\/\" target=\"_blank\" rel=\"noreferrer noopener\" title=\"Plan de Recuperaci\u00f3n, Transformaci\u00f3n y Resiliencia\">Plan de Recuperaci\u00f3n, Transformaci\u00f3n y Resiliencia<\/a>.<\/p>\n\n\n\n<p>La remodelaci\u00f3n de este tramo de la Avenida Ferrandis Salvador se realizar\u00e1 bajo criterios de sostenibilidad, competitividad, eficiencia energ\u00e9tica y transici\u00f3n digital. Una inversi\u00f3n total de 3,7 millones de euros que cuenta con 2,4 millones de financiaci\u00f3n europea.<\/p>","protected":false},"excerpt":{"rendered":"<p>Luz verde al servicio de arquitectura e ingenier\u00eda para la direcci\u00f3n t\u00e9cnica del proyecto de remodelaci\u00f3n de la avenida Ferrandis Salvador.<\/p>","protected":false},"author":2,"featured_media":2077,"comment_status":"closed","ping_status":"closed","sticky":false,"template":"","format":"standard","meta":{"_monsterinsights_skip_tracking":false,"_monsterinsights_sitenote_active":false,"_monsterinsights_sitenote_note":"","_monsterinsights_sitenote_category":0},"categories":[1],"tags":[48,98,127,128,57,91],"acf":[],"_links":{"self":[{"href":"https:\/\/agendaurbanacastello.es\/va\/wp-json\/wp\/v2\/posts\/2076"}],"collection":[{"href":"https:\/\/agendaurbanacastello.es\/va\/wp-json\/wp\/v2\/posts"}],"about":[{"href":"https:\/\/agendaurbanacastello.es\/va\/wp-json\/wp\/v2\/types\/post"}],"author":[{"embeddable":true,"href":"https:\/\/agendaurbanacastello.es\/va\/wp-json\/wp\/v2\/users\/2"}],"replies":[{"embeddable":true,"href":"https:\/\/agendaurbanacastello.es\/va\/wp-json\/wp\/v2\/comments?post=2076"}],"version-history":[{"count":3,"href":"https:\/\/agendaurbanacastello.es\/va\/wp-json\/wp\/v2\/posts\/2076\/revisions"}],"predecessor-version":[{"id":2080,"href":"https:\/\/agendaurbanacastello.es\/va\/wp-json\/wp\/v2\/posts\/2076\/revisions\/2080"}],"wp:featuredmedia":[{"embeddable":true,"href":"https:\/\/agendaurbanacastello.es\/va\/wp-json\/wp\/v2\/media\/2077"}],"wp:attachment":[{"href":"https:\/\/agendaurbanacastello.es\/va\/wp-json\/wp\/v2\/media?parent=2076"}],"wp:term":[{"taxonomy":"category","embeddable":true,"href":"https:\/\/agendaurbanacastello.es\/va\/wp-json\/wp\/v2\/categories?post=2076"},{"taxonomy":"post_tag","embeddable":true,"href":"https:\/\/agendaurbanacastello.es\/va\/wp-json\/wp\/v2\/tags?post=2076"}],"curies":[{"name":"wp","href":"https:\/\/api.w.org\/{rel}","templated":true}]}}