{"id":2096,"date":"2024-06-26T08:19:00","date_gmt":"2024-06-26T08:19:00","guid":{"rendered":"http:\/\/agendaurbana.castello.es\/?p=2096"},"modified":"2024-07-02T09:10:33","modified_gmt":"2024-07-02T09:10:33","slug":"castello-inyecta-2-millones-al-comercio-local","status":"publish","type":"post","link":"https:\/\/agendaurbanacastello.es\/va\/castello-inyecta-2-millones-al-comercio-local\/","title":{"rendered":"Castell\u00f3 inyecta 2 millones al comercio local"},"content":{"rendered":"<h2><strong>Un conjunto de medidas compensatorias por las obras de ZBE que incluye ayudas directas y parking<\/strong> gratuito para clientes<\/h2>\n\n\n\n<p>El concejal de Urbanismo e Infraestructuras, Sergio Toledo, junto al edil de Comercio, Alberto Vidal, ha anunciado personalmente a los comerciantes de la calle Navarra que, cumpliendo con el compromiso de ayudarles a paliar los efectos de las obras de la ZBE, el gobierno municipal aprobar\u00e1 en la sesi\u00f3n ordinaria del mes de junio, este jueves, el paquete de ayudas que alcanzan los 2 millones de euros, procedente de los remanentes de 2023, para inyectarlas directamente en los comercios que declaren lucro cesante con motivo de las obras de ZBE.<\/p>\n\n\n\n<p>Se trata de ayudas directas para las tiendas y negocios del centro que est\u00e1n en obras, los cu\u00e1les tambi\u00e9n tendr\u00e1n tickets de aparcamiento gratuito mientras duren las mismas.<\/p>\n\n\n\n<blockquote class=\"wp-block-quote\"><p>Es la mayor cuant\u00eda en ayudas directas que este Ayuntamiento ha destinado al comercio local. Hemos agilizado los tr\u00e1mites para que les lleguen cuanto antes<\/p><cite>Sergio Toledo, concejal del \u00e1rea de Urbanismo<\/cite><\/blockquote>\n\n\n\n<p>Todas las \u00e1reas del gobierno local llevan meses trabajando con la prioridad de revitalizar el centro de la ciudad. Los comercios son parte esencial en esa apuesta por darle vida a Castell\u00f3n, por eso merecen todo el apoyo para que sigan atrayendo clientes. Por ello, una vez aprobado en el pleno, los comerciantes contar\u00e1n con asesoramiento para preparar y presentar la documentaci\u00f3n para recibir esas ayudas directas. Adem\u00e1s, la concejal\u00eda de comercio pondr\u00e1 en marcha una serie de acciones para dinamizar el comercio local.<\/p>\n\n\n\n<p>\u201cEntendemos que las obras son molestas, por eso queremos compensarles con estas medidas de las que se van a beneficiar los establecimientos de la calle Navarra y los de las calles adyacentes que tambi\u00e9n est\u00e9n afectados por estas obras y que acrediten que han tenido disminuciones de ingresos. Una medida que responde a las inquietudes y las peticiones de los vendedores de esta zona\u201d, asegura Toledo.<\/p>\n\n\n\n<figure class=\"wp-block-image size-large\"><img loading=\"lazy\" width=\"1024\" height=\"768\" src=\"http:\/\/agendaurbana.castello.es\/wp-content\/uploads\/2024\/06\/ZBE_Castello_Obras_Trinidad_1-1024x768.jpeg\" alt=\"\" class=\"wp-image-2061\" srcset=\"https:\/\/agendaurbanacastello.es\/wp-content\/uploads\/2024\/06\/ZBE_Castello_Obras_Trinidad_1-1024x768.jpeg 1024w, https:\/\/agendaurbanacastello.es\/wp-content\/uploads\/2024\/06\/ZBE_Castello_Obras_Trinidad_1-300x225.jpeg 300w, https:\/\/agendaurbanacastello.es\/wp-content\/uploads\/2024\/06\/ZBE_Castello_Obras_Trinidad_1-768x576.jpeg 768w, https:\/\/agendaurbanacastello.es\/wp-content\/uploads\/2024\/06\/ZBE_Castello_Obras_Trinidad_1-1536x1152.jpeg 1536w, https:\/\/agendaurbanacastello.es\/wp-content\/uploads\/2024\/06\/ZBE_Castello_Obras_Trinidad_1-16x12.jpeg 16w, https:\/\/agendaurbanacastello.es\/wp-content\/uploads\/2024\/06\/ZBE_Castello_Obras_Trinidad_1.jpeg 1600w\" sizes=\"(max-width: 1024px) 100vw, 1024px\" \/><figcaption>Obras de ZBE en la calle Trinidad de Castell\u00f3n<\/figcaption><\/figure>\n\n\n\n<p>Al encuentro han asistido t\u00e9cnicos municipales de las \u00e1reas de Infraestructuras y Comercio y representantes de la empresa encargada de las obras. \u201cNo hemos dejado de mantener diariamente conversaciones con los encargados de las obras para agilizar al m\u00e1ximo los tiempos de las obras y seguimos en contacto con los vecinos, siempre escuch\u00e1ndolos para ayudarles en todo lo que est\u00e9 en nuestras manos\u201d, a\u00f1ade.<\/p>\n\n\n\n<p>Toledo ha explicado a los castellonenses que tienen un negocio en esta zona de la ciudad que \u201ctendr\u00e1n tickets de aparcamiento gratuitos en el p\u00e1rking del Hospital Provincial II para que los repartan entre sus clientes. Una medida que vamos a tener activa mientras duren las obras, que tienen un plazo m\u00e1ximo de ocho meses\u201d. <\/p>\n\n\n\n<h3><strong>Tarifas de aparcamiento reducidas para residentes<\/strong><\/h3>\n\n\n\n<p>Otra de las medidas que ha activado el gobierno municipal de cara a facilitar el aparcamiento a los residentes es la oportunidad de que los castellonenses tengan tarifas reducidas en p\u00e1rkings p\u00fablicos mientras avanzan las obras de la Zona de Bajas Emisiones.<\/p>\n\n\n\n<p>En este sentido, se ha conveniado con el p\u00e1rking de la plaza Pa\u00eds Valenci\u00e0 establecer un descuento del 15%, mientras que el p\u00e1rking del Hospital Provincial II tiene un descuento de entre el 15% y 20%. Adem\u00e1s, los vecinos y comerciantes ya cuentan, desde hace varias semanas, con la tarifa reducida en un 40% en el p\u00e1rking de Clav\u00e9-San F\u00e9lix.<\/p>\n\n\n\n<h3><strong>Estado de las obras<\/strong><\/h3>\n\n\n\n<p>A falta de la plantaci\u00f3n de las zonas ajardinadas para embellecer la calle y hacer de Castell\u00f3n un espacio urbano m\u00e1s renaturalizado y sostenible, esta semana finalizan las obras en la calle <strong>Conde Pestagua<\/strong>. En esta parte del proyecto hoy est\u00e1 prevista la colocaci\u00f3n del hormig\u00f3n y del mobiliario urbano, abriendo de nuevo la calle a la circulaci\u00f3n. <\/p>\n\n\n\n<p><strong>En San F\u00e9lix y Navarra<\/strong> los plazos se est\u00e1n cumpliendo seg\u00fan lo previsto y en breve empezar\u00e1n las primeras actuaciones en San Luis. Mientras que en la plaza Clav\u00e9 y en Arrufat Alonso se van a ejecutar los trabajos en materia hidr\u00e1ulica. Por \u00faltimo, el pr\u00f3ximo 1 de julio dar\u00e1n comienzo las obras en las calles Temprado y Luis Vives con la previsi\u00f3n de que est\u00e9n finalizadas a principios de septiembre.<\/p>\n\n\n\n<figure class=\"wp-block-image size-large\"><img loading=\"lazy\" width=\"1024\" height=\"768\" src=\"http:\/\/agendaurbana.castello.es\/wp-content\/uploads\/2024\/05\/ZBE_Castello_Raval_Sant_Felix_verde3-1024x768.jpeg\" alt=\"\" class=\"wp-image-2055\" srcset=\"https:\/\/agendaurbanacastello.es\/wp-content\/uploads\/2024\/05\/ZBE_Castello_Raval_Sant_Felix_verde3-1024x768.jpeg 1024w, https:\/\/agendaurbanacastello.es\/wp-content\/uploads\/2024\/05\/ZBE_Castello_Raval_Sant_Felix_verde3-300x225.jpeg 300w, https:\/\/agendaurbanacastello.es\/wp-content\/uploads\/2024\/05\/ZBE_Castello_Raval_Sant_Felix_verde3-768x576.jpeg 768w, https:\/\/agendaurbanacastello.es\/wp-content\/uploads\/2024\/05\/ZBE_Castello_Raval_Sant_Felix_verde3-1536x1152.jpeg 1536w, https:\/\/agendaurbanacastello.es\/wp-content\/uploads\/2024\/05\/ZBE_Castello_Raval_Sant_Felix_verde3-16x12.jpeg 16w, https:\/\/agendaurbanacastello.es\/wp-content\/uploads\/2024\/05\/ZBE_Castello_Raval_Sant_Felix_verde3.jpeg 2048w\" sizes=\"(max-width: 1024px) 100vw, 1024px\" \/><figcaption>Obras de ZBE finalizadas en Castell\u00f3n<\/figcaption><\/figure>\n\n\n\n<h3><strong>Proyecto Zona Bajas Emisiones Castell\u00f3<\/strong><\/h3>\n\n\n\n<p>Estas obras, que han empezado a ejecutarse por fases, deber\u00e1n estar finalizadas el 31 de diciembre de 2025. Una actuaci\u00f3n que se est\u00e1 llevando a cabo en el marco del <a href=\"https:\/\/planderecuperacion.gob.es\/\" target=\"_blank\" rel=\"noreferrer noopener\" title=\"Plan de Recuperaci\u00f3n, Transformaci\u00f3n y Resiliencia\">Plan de Recuperaci\u00f3n, Transformaci\u00f3n y Resiliencia<\/a> (PRTR) financiado con los fondos europeos Next Generation, para mejorar la accesibilidad y la sostenibilidad de la ciudad de Castell\u00f3n. <\/p>\n\n\n\n<p>Un proyecto con una inversi\u00f3n superior a los 10 millones de euros, que cuenta con 7.8 millones de financiaci\u00f3n europea a trav\u00e9s del <a href=\"https:\/\/www.transportes.gob.es\/\" target=\"_blank\" rel=\"noreferrer noopener\">Ministerio de Transportes y Movilidad Sostenible<\/a> y el programa de ayudas a municipios para la implantaci\u00f3n de zonas de bajas emisiones y la transformaci\u00f3n digital y sostenible del transporte urbano correspondiente al ejercicio 2021.<\/p>\n\n\n\n<p>Se trata de una iniciativa contemplada en el proyecto prioritario &#8220;<a href=\"https:\/\/agendaurbana.castello.es\/ficha\/estrategia-de-supermanzanas-y-zonas-de-bajas-emisiones\/\" target=\"_blank\" rel=\"noreferrer noopener\" title=\"Estrategias de supermanzanas y zonas de bajas emisiones\">Estrategias de supermanzanas y zonas de bajas emisiones<\/a>&#8221; del plan de acci\u00f3n de la <a href=\"https:\/\/agendaurbana.castello.es\/\" target=\"_blank\" rel=\"noreferrer noopener\" title=\"Agenda Urbana de Castell\u00f3n\">Agenda Urbana de Castell\u00f3n<\/a>. Un conjunto de actuaciones que tienen como fin reorganizar el espacio p\u00fablico para favorecer una movilidad m\u00e1s eficiente, sostenible y segura a partir de una nueva jerarqu\u00eda viaria.<\/p>\n\n\n\n<p>Sergio Toledo ha recordado que \u201cestas obras forman parte de un proyecto heredado que ha sido reorientado gracias al contacto permanente con asociaciones de vecinos y pymes para informarles de la evoluci\u00f3n de los trabajos y atender sus demandas\u201d. La reuni\u00f3n de hoy ha permitido al gobierno recoger otras propuestas de los comerciantes que ser\u00e1n estudiadas y valoradas siempre con el objetivo com\u00fan de ponerles facilidades.<\/p>","protected":false},"excerpt":{"rendered":"<p>Castell\u00f3 pone en marcha un conjunto de medidas compensatorias por las obras de ZBE que incluye ayudas directas y parking gratuito para clientes<\/p>","protected":false},"author":2,"featured_media":2097,"comment_status":"closed","ping_status":"closed","sticky":false,"template":"","format":"standard","meta":{"_monsterinsights_skip_tracking":false,"_monsterinsights_sitenote_active":false,"_monsterinsights_sitenote_note":"","_monsterinsights_sitenote_category":0},"categories":[1],"tags":[50,90,78,77,115,94],"acf":[],"_links":{"self":[{"href":"https:\/\/agendaurbanacastello.es\/va\/wp-json\/wp\/v2\/posts\/2096"}],"collection":[{"href":"https:\/\/agendaurbanacastello.es\/va\/wp-json\/wp\/v2\/posts"}],"about":[{"href":"https:\/\/agendaurbanacastello.es\/va\/wp-json\/wp\/v2\/types\/post"}],"author":[{"embeddable":true,"href":"https:\/\/agendaurbanacastello.es\/va\/wp-json\/wp\/v2\/users\/2"}],"replies":[{"embeddable":true,"href":"https:\/\/agendaurbanacastello.es\/va\/wp-json\/wp\/v2\/comments?post=2096"}],"version-history":[{"count":4,"href":"https:\/\/agendaurbanacastello.es\/va\/wp-json\/wp\/v2\/posts\/2096\/revisions"}],"predecessor-version":[{"id":2101,"href":"https:\/\/agendaurbanacastello.es\/va\/wp-json\/wp\/v2\/posts\/2096\/revisions\/2101"}],"wp:featuredmedia":[{"embeddable":true,"href":"https:\/\/agendaurbanacastello.es\/va\/wp-json\/wp\/v2\/media\/2097"}],"wp:attachment":[{"href":"https:\/\/agendaurbanacastello.es\/va\/wp-json\/wp\/v2\/media?parent=2096"}],"wp:term":[{"taxonomy":"category","embeddable":true,"href":"https:\/\/agendaurbanacastello.es\/va\/wp-json\/wp\/v2\/categories?post=2096"},{"taxonomy":"post_tag","embeddable":true,"href":"https:\/\/agendaurbanacastello.es\/va\/wp-json\/wp\/v2\/tags?post=2096"}],"curies":[{"name":"wp","href":"https:\/\/api.w.org\/{rel}","templated":true}]}}