{"id":2109,"date":"2024-07-05T07:50:00","date_gmt":"2024-07-05T07:50:00","guid":{"rendered":"http:\/\/agendaurbana.castello.es\/?p=2109"},"modified":"2024-07-08T08:34:01","modified_gmt":"2024-07-08T08:34:01","slug":"castellon-impulsa-la-digitalizacion-del-comercio-local","status":"publish","type":"post","link":"https:\/\/agendaurbanacastello.es\/va\/castellon-impulsa-la-digitalizacion-del-comercio-local\/","title":{"rendered":"Castell\u00f3n impulsa la digitalizaci\u00f3n del comercio local"},"content":{"rendered":"<h2>Marketplace y taquillas inteligentes para adaptar el comercio de proximidad a los nuevos h\u00e1bitos de consumo<\/h2>\n\n\n\n<p>La alcaldesa de <a href=\"https:\/\/www.castello.es\/va\/inici\" target=\"_blank\" rel=\"noreferrer noopener\" title=\"Castell\u00f3n\">Castell\u00f3n<\/a>, Bego\u00f1a Carrasco, acompa\u00f1ada del concejal de Comercio, Alberto Vidal, y del edil de Modernizaci\u00f3n, Paco Caba\u00f1ero, y en presencia tambi\u00e9n del gerente del Mercado Central, Jose Luis Hern\u00e1ndez, y de la presidenta de la asociaci\u00f3n de vendedores del Mercado Central, Sonia Castillo, ha presentado el proyecto de digitalizaci\u00f3n de los mercados y comercio local. Un proyecto compuesto por una plataforma digital, \u2018marketplace\u2019, y la instalaci\u00f3n de taquillas inteligentes refrigeradas.<\/p>\n\n\n\n<p>De momento se ha instalado una taquilla inteligente junto al Mercado Central, a modo de proyecto piloto, de un total de 11 que habr\u00e1 distribuidas en puntos estrat\u00e9gicos de la ciudad. Sobre esta los t\u00e9cnicos han hecho la explicaci\u00f3n de su funcionamiento. La previsi\u00f3n es que el marketplace est\u00e9 en funcionamiento para los usuarios pasado el verano, con la vista puesta en noviembre, pudiendo ser incluso antes.<\/p>\n\n\n\n<blockquote class=\"wp-block-quote\"><p><em>Las taquillas inteligentes son una herramienta m\u00e1s a disposici\u00f3n del comercio local para permitir que nuestro comercio de proximidad sea m\u00e1s competitivo y se adapte a los nuevos h\u00e1bitos de consumo<\/em><\/p><cite>Bego\u00f1a Carrasco, alcaldesa de Castell\u00f3 de la Plana <\/cite><\/blockquote>\n\n\n\n<h3>Un proyecto financiado con fondos europeos<\/h3>\n\n\n\n<p>Se trata de una iniciativa innovadora en materia de impulso al comercio local y de proximidad que cuenta con una inversi\u00f3n de 356.535,70 euros, IVA incluido, procedentes de Fondos Europeos Next Generation en el marco del <a href=\"https:\/\/planderecuperacion.gob.es\/\" target=\"_blank\" rel=\"noreferrer noopener\" title=\"Plan de Recuperaci\u00f3n, Transformaci\u00f3n y Resiliencia\">Plan de Recuperaci\u00f3n, Transformaci\u00f3n y Resiliencia<\/a>. Una actuaci\u00f3n incluida en la <a href=\"https:\/\/agendaurbana.castello.es\/\" target=\"_blank\" rel=\"noreferrer noopener\" title=\"Agenda Urbana de Castell\u00f3n\">Agenda Urbana de Castell\u00f3n<\/a>, que cuenta con un proyecto prioritario dirigido al <a href=\"https:\/\/agendaurbana.castello.es\/ficha\/talento-emprendimiento-industria-y-comercio\/\" target=\"_blank\" rel=\"noreferrer noopener\" title=\"&quot;Talento, emprendimiento, la industria y el comercio&quot; \">&#8220;Talento, el emprendimiento, la industria y el comercio&#8221;<\/a>.<\/p>\n\n\n\n<p>El proyecto consiste en generar un portal digital al que puedan adherirse todos los comercios que lo deseen de la ciudad, lo que se conoce como \u201cmarketplace\u201d. Los usuarios podr\u00e1n hacer sus compras desde la comodidad de sus dispositivos m\u00f3viles y gracias a la instalaci\u00f3n de las taquillas inteligentes, podr\u00e1n recoger su pedido cualquier d\u00eda de la semana, a cualquier hora.<\/p>\n\n\n\n<p>En la fase inicial del proyecto se har\u00e1 la formaci\u00f3n de 11 comerciantes, 7 del Mercado Central y 4 del Mercado de San Antonio,y de forma paulatina se ampliar\u00e1 a todos los comercios de la ciudad, de modo que se estima en noviembre pueda estar el marketplace en funcionamiento.<\/p>\n\n\n\n<figure class=\"wp-block-image size-large\"><img loading=\"lazy\" width=\"1024\" height=\"768\" src=\"https:\/\/agendaurbana.castello.es\/wp-content\/uploads\/2024\/07\/Taquilla-Comercio-Castello-Plaza-Santa-Clara2-1024x768.jpg\" alt=\"\" class=\"wp-image-2111\" srcset=\"https:\/\/agendaurbanacastello.es\/wp-content\/uploads\/2024\/07\/Taquilla-Comercio-Castello-Plaza-Santa-Clara2-1024x768.jpg 1024w, https:\/\/agendaurbanacastello.es\/wp-content\/uploads\/2024\/07\/Taquilla-Comercio-Castello-Plaza-Santa-Clara2-300x225.jpg 300w, https:\/\/agendaurbanacastello.es\/wp-content\/uploads\/2024\/07\/Taquilla-Comercio-Castello-Plaza-Santa-Clara2-768x576.jpg 768w, https:\/\/agendaurbanacastello.es\/wp-content\/uploads\/2024\/07\/Taquilla-Comercio-Castello-Plaza-Santa-Clara2-1536x1152.jpg 1536w, https:\/\/agendaurbanacastello.es\/wp-content\/uploads\/2024\/07\/Taquilla-Comercio-Castello-Plaza-Santa-Clara2-16x12.jpg 16w, https:\/\/agendaurbanacastello.es\/wp-content\/uploads\/2024\/07\/Taquilla-Comercio-Castello-Plaza-Santa-Clara2.jpg 1600w\" sizes=\"(max-width: 1024px) 100vw, 1024px\" \/><figcaption>Taquilla piloto instalada en la Plaza Santa Clara<\/figcaption><\/figure>\n\n\n\n<p>La alcaldesa ha destacado que \u201ces un trabajo transversal entre las concejal\u00edas de Fondos Europeos, de Comercio y de Modernizaci\u00f3n para seguir apoyando al comercio local. Una acci\u00f3n que se suma a otras iniciativas que hemos puesto en marcha como los bonos comerciales con 300.000 euros o la l\u00ednea de ayudas directas de m\u00e1s de 2.000.000 de euros para todo el comercio local\u201d.<\/p>\n\n\n\n<p>En este sentido Carrasco ha puesto en valor el tejido comercial local afirmando que \u201cnuestras tiendas son un referente, tanto por el trato cercano, como como por la calidad de los productos, pensamos que es bueno proporcionarles herramientas para facilitarles que se adapten a los nuevos tiempos para poder subsistir. Esta transformaci\u00f3n es importante para incentivar a los clientes m\u00e1s j\u00f3venes a apostar por nuestro comercio de proximidad, as\u00ed como tambi\u00e9n para emprender en un sector econ\u00f3mico que es fundamental para la econom\u00eda castellonense\u201d.<\/p>\n\n\n\n<p>Por su parte el concejal de Comercio, Alberto Vidal ha asegurado que \u201ceste proyecto pretende acercar los mercados de Castell\u00f3n a cada rinc\u00f3n de la ciudad. A trav\u00e9s de estas taquillas, personas que viven en el Grao, en la UJI o cerca del Palau de la Festa podr\u00e1n tener cerca de casa los productos frescos del Mercado Central y del Mercado Sant Antoni. Seguimos apostando por el producto fresco y de proximidad y por eso estamos estudiando las mejores f\u00f3rmulas que nos permitan potenciarlo.\u201d<\/p>\n\n\n\n<h3>Una inversi\u00f3n total de 2.420.000 \u20ac para transformar el comercio <\/h3>\n\n\n\n<p>Tanto el marketplace como las taquillas inteligentes forman parte de un proyecto global denominado &#8220;Modernizaci\u00f3n Sostenible y Accesible de los Comercios de Castell\u00f3 de la Plana&#8221; que incluye un conjunto de actuaciones para modernizar el comercio local bajo criterios de sostenibilidad. Estas son las principales actuaciones: <\/p>\n\n\n\n<ul><li><strong>T\u00f3tems y carteler\u00eda digital:<\/strong> informaci\u00f3n en tiempo real sobre los mercados de la ciudad. <\/li><li><strong>Mercado inteligente: <\/strong>soluciones de telegesti\u00f3n para los edificios del Mercado Central y el Mercado de San Antonio.<\/li><li><strong>Mejora de la conectividad de los edificios<\/strong>: puesta en marcha de una red WIFI para los espacios p\u00fablicos del Mercado Central y Mercado de San Antoni.<\/li><li><strong>Mejora de la accesibilidad<\/strong> para personas con discapacidad auditiva y\/o visual basada en inteligencia artificial de reconocimiento de sonidos y se\u00f1alizaci\u00f3n digital.<\/li><li><strong>Reforma de mercados para mejorar el proceso comercial y la experiencia de compra <\/strong>en el mercado de San Antonio y Refeyme. <\/li><\/ul>\n\n\n\n<h3>Formaci\u00f3n de comerciantes e instalaci\u00f3n taquillas, hasta 203 compartimentos<\/h3>\n\n\n\n<p>As\u00ed pues, la particularidad de este proyecto, es que conjuga la aplicaci\u00f3n digital ofreciendo la oferta de las tiendas de la ciudad, as\u00ed como la instalaci\u00f3n de un total 11 taquillas donde depositar los productos para su posterior recogida, que estar\u00e1n instaladas en: Mercado Central, Mercado San Antonio, Colegio Vicent Marza, Antiguo Mercado Grao, CC Salera, Pza. Huerto Sogueros, Parking Clave, Palau de la Festa, Maset Blau, Parking Hospital General y Parking Hospital Provincial.<\/p>\n\n\n\n<p>Hay tres tipos de compartimentos, unos disponen de sistema de refrigeraci\u00f3n, otros est\u00e1n destinado a albergar productos congelados y los compartimentos ambiente, seg\u00fan el tipo de producto que se adquiera<em>.<\/em><\/p>\n\n\n\n<h3>Este servicio se incorporar\u00e1 a la Tarjeta Ciudadana<\/h3>\n\n\n\n<p>El concejal de Modernizaci\u00f3n, Paco Caba\u00f1ero, ha destacado que esta es una iniciativa m\u00e1s, dentro del plan de innovaci\u00f3n impulsado por el gobierno municipal.<\/p>\n\n\n\n<p>Asimismo a\u00f1ade que \u201ceste servicio que ofrecen las taquillas es otro servicio que se a\u00f1adir\u00e1 a la tarjeta ciudadana, otra utilidad sumada a los servicios autob\u00fas o la biblioteca municipal\u201d. Caba\u00f1ero ha recordado que a d\u00eda de hoy hay un total de 1.337 tarjetas ciudadanas f\u00edsicas activas y 402 tarjetas en su versi\u00f3n virtual. Todos los castellonenses pueden acceder a ella a trav\u00e9s de la web www.castello.es\/es\/tarjetaciudadana\u201d.<\/p>\n\n\n\n<p><\/p>","protected":false},"excerpt":{"rendered":"<p>El proyecto cuenta con una inversi\u00f3n de 356.535,70 euros procedentes de Fondos Europeos Next Generation del Plan de Recuperaci\u00f3n, Transformaci\u00f3n y Resiliencia. De momento se ha instalado una taquilla junto al Mercado Central, de un total de 11 que habr\u00e1 repartidas por toda la ciudad.<\/p>","protected":false},"author":2,"featured_media":2110,"comment_status":"closed","ping_status":"closed","sticky":false,"template":"","format":"standard","meta":{"_monsterinsights_skip_tracking":false,"_monsterinsights_sitenote_active":false,"_monsterinsights_sitenote_note":"","_monsterinsights_sitenote_category":0},"categories":[1],"tags":[86,142,141,133,139,140,95],"acf":[],"_links":{"self":[{"href":"https:\/\/agendaurbanacastello.es\/va\/wp-json\/wp\/v2\/posts\/2109"}],"collection":[{"href":"https:\/\/agendaurbanacastello.es\/va\/wp-json\/wp\/v2\/posts"}],"about":[{"href":"https:\/\/agendaurbanacastello.es\/va\/wp-json\/wp\/v2\/types\/post"}],"author":[{"embeddable":true,"href":"https:\/\/agendaurbanacastello.es\/va\/wp-json\/wp\/v2\/users\/2"}],"replies":[{"embeddable":true,"href":"https:\/\/agendaurbanacastello.es\/va\/wp-json\/wp\/v2\/comments?post=2109"}],"version-history":[{"count":3,"href":"https:\/\/agendaurbanacastello.es\/va\/wp-json\/wp\/v2\/posts\/2109\/revisions"}],"predecessor-version":[{"id":2115,"href":"https:\/\/agendaurbanacastello.es\/va\/wp-json\/wp\/v2\/posts\/2109\/revisions\/2115"}],"wp:featuredmedia":[{"embeddable":true,"href":"https:\/\/agendaurbanacastello.es\/va\/wp-json\/wp\/v2\/media\/2110"}],"wp:attachment":[{"href":"https:\/\/agendaurbanacastello.es\/va\/wp-json\/wp\/v2\/media?parent=2109"}],"wp:term":[{"taxonomy":"category","embeddable":true,"href":"https:\/\/agendaurbanacastello.es\/va\/wp-json\/wp\/v2\/categories?post=2109"},{"taxonomy":"post_tag","embeddable":true,"href":"https:\/\/agendaurbanacastello.es\/va\/wp-json\/wp\/v2\/tags?post=2109"}],"curies":[{"name":"wp","href":"https:\/\/api.w.org\/{rel}","templated":true}]}}