{"id":2120,"date":"2024-07-15T09:19:00","date_gmt":"2024-07-15T09:19:00","guid":{"rendered":"http:\/\/agendaurbana.castello.es\/?p=2120"},"modified":"2024-07-16T09:39:55","modified_gmt":"2024-07-16T09:39:55","slug":"finalizan-las-obras-de-la-zona-de-bajas-emisiones-en-la-calle-conde-pestagua","status":"publish","type":"post","link":"https:\/\/agendaurbanacastello.es\/va\/finalizan-las-obras-de-la-zona-de-bajas-emisiones-en-la-calle-conde-pestagua\/","title":{"rendered":"Finalizan las obras de la Zona de Bajas Emisiones en la calle Conde Pestagua"},"content":{"rendered":"<h2>El martes comenzar\u00e1n las obras en el \u201ceje Clav\u00e9\u201d, compuesto por las calles Arrufat Alonso, plaza Clav\u00e9 y San Luis<\/h2>\n\n\n\n<p>Las obras de la Zona de Bajas Emisiones (ZBE) en la ciudad de Castell\u00f3n contin\u00faan con la planificaci\u00f3n establecida, de modo que ya han concluido los trabajos en la Calle Conde Pestagua con la instalaci\u00f3n de las zonas ajardinadas. Estos \u00faltimos d\u00edas se ha trabajado en su embellecimiento con la colocaci\u00f3n de especies arb\u00f3reas y flores naturales.<\/p>\n\n\n\n<p>En lo que concierne a la calle San F\u00e9lix, ma\u00f1ana concluir\u00e1 la colocaci\u00f3n de las losas de hormig\u00f3n y \u00fanicamente quedar\u00e1 el montaje del pavimento fotocatal\u00edtico en aceras y asfalto, la instalaci\u00f3n de la zona ajardinada as\u00ed como el mobiliario urbano, los trabajos se prolongar\u00e1n hasta septiembre. La calle San Roque tambi\u00e9n est\u00e1 finalizada a falta de las zonas ajardinadas.<\/p>\n\n\n\n<h3>Inicio de obras en eje Clave<\/h3>\n\n\n\n<p>Cumpliendo con el calendario de actuaciones de la Zona de Bajas Emisiones en Castell\u00f3n a partir de ma\u00f1ana martes dar\u00e1n comienzo las obras en lo que se denomina \u201ceje Clav\u00e9\u201d, compuesto por las calles Arrufat Alonso, plaza Clav\u00e9 y San Luis.<\/p>\n\n\n\n<p>El concejal de urbanismo en el Ayuntamiento de Castell\u00f3n, Sergio Toledo ha recordado que \u201cnos hemos reunido con los vecinos y comercios hace unas semanas para dar cuenta de las actuaciones que se van a desarrollar en estas calles, resolver dudas y preguntas.\u201d<\/p>\n\n\n\n<p>Toledo ha anunciado que \u201choy se ha colocado la se\u00f1al\u00e9tica en diferentes puntos clave de la zona, as\u00ed como en los p\u00e1rkigs para informar de los itinerarios alternativos as\u00ed como los propios accesos para estacionar\u201d<em>.<\/em><\/p>\n\n\n\n<blockquote class=\"wp-block-quote\"><p><em>De forma paralela a la instalaci\u00f3n de se\u00f1al\u00e9tica en las calles, as\u00ed como en los p\u00e1rkings, tambi\u00e9n habr\u00e1 situados Agentes de Movilidad Urbana (AMUS) para informar de los accesos e itinerarios por los que se podr\u00e1 seguir informando<\/em><\/p><cite>Sergio Toledo, concejal de urbanismo.<\/cite><\/blockquote>\n\n\n\n<h3>Accesos alternativos al centro<\/h3>\n\n\n\n<p>En lo que concierne al itinerario alternativo de circulaci\u00f3n, el edil ha explicado que \u201cse puede acceder al centro. Los veh\u00edculos podr\u00e1n entrar por Conde Pestagua, pasar por Plaza Clav\u00e9 y bajar por la Av del Rey, seguir por la calle Dolores y nuevamente pueden llegar hasta la Ronda Magdalena\u201d.<\/p>\n\n\n\n<p>\u201cOtra opci\u00f3n es circular por detr\u00e1s de la Plaza de la Olivera, continuar por la calle Cisneros y salir a la Calle Sagrada Familia\u201d destaca el edil.<\/p>\n\n\n\n<p>Por otro lado, en caso de venir por la calle Joaqu\u00edn Costa se podr\u00e1 continuar por la calle Arrufat Alonso, bajar por Av del Rey y de igual forma se podr\u00e1 continuar por calle Dolores y acceder a la Ronda Magdalena. Tambi\u00e9n se puede circular por la Plaza del Real hacia el p\u00e1rking de la Av del Rey.<\/p>\n\n\n\n<p>El acceso a la Ronda Mijares y al p\u00e1rking de Huerto Sogueros-Avenida del Rey se realiza por las calles Dolores y Amadeo Primero.<\/p>\n\n\n\n<p>Toledo ha subrayado que \u201cen el eje Clav\u00e9 en todo momento se permite el acceso al tr\u00e1fico, dado que se est\u00e1 trabajando en un lateral. En la Plaza Clav\u00e9 se circula direcci\u00f3n sur y en Arrufat Alonso direcci\u00f3n norte. Se est\u00e1 realizando la adecuaci\u00f3n con la mayor celeridad posible para minimizar al m\u00e1ximo la afecci\u00f3n al tr\u00e1fico\u201d.<\/p>\n\n\n\n<h3>Proyecto reorientado<\/h3>\n\n\n\n<p>Las obras de la Zona de Bajas Emisiones, corresponden a un proyecto redise\u00f1ado por el actual gobierno municipal, en el marco del <a href=\"https:\/\/planderecuperacion.gob.es\/\" target=\"_blank\" rel=\"noreferrer noopener\" title=\"Plan de Recuperaci\u00f3n, Transformaci\u00f3n y Resiliencia (PRTR)\">Plan de Recuperaci\u00f3n, Transformaci\u00f3n y Resiliencia (PRTR)<\/a>, financiado con los fondos europeos Next Generation, para hacer que la ciudad sea m\u00e1s sostenible y accesible tanto para la circulaci\u00f3n de veh\u00edculos como de peatones.<\/p>\n\n\n\n<p>El proyecto inicial heredado del antiguo gobierno ha sido reorientado, contando con la participaci\u00f3n de los vecinos, de modo que se ha conseguido evitar que se restrinjan al tr\u00e1fico rodado 745.000 metros cuadrados de suelo urbano, tal y como figuraba como se pretend\u00eda en el proyecto anterior y se recuperan m\u00e1s de 200 plazas de aparcamiento para los vecinos, se incorpora m\u00e1s arbolado y zonas verdes, cumpliendo as\u00ed con el objetivo de renaturalizar la ciudad dot\u00e1ndola de m\u00e1s zonas ajardinadas y menos hormig\u00f3n.<\/p>\n\n\n\n<p>Esta actuaci\u00f3n se realiza cumpliendo con la normativa europea que establece que ciudades de m\u00e1s de 50.000 habitantes deben tener en vigor la Zona de Bajas Emisiones. Adem\u00e1s, forma parte del proyecto prioritario &#8220;<a href=\"https:\/\/agendaurbana.castello.es\/ficha\/estrategia-de-supermanzanas-y-zonas-de-bajas-emisiones\/\" target=\"_blank\" rel=\"noreferrer noopener\" title=\"Estrategia de Supermanzanas y Zonas de Bajas Emisiones\">Estrategia de Supermanzanas y Zonas de Bajas Emisiones<\/a>&#8221; contemplado en el plan de acci\u00f3n de la <a href=\"https:\/\/agendaurbana.castello.es\/\" target=\"_blank\" rel=\"noreferrer noopener\" title=\"Agenda Urbana de Castell\u00f3n\">Agenda Urbana de Castell\u00f3n<\/a>. <\/p>\n\n\n\n<p><\/p>","protected":false},"excerpt":{"rendered":"<p>El martes dar\u00e1n comienzo las obras en lo que se denomina \u201ceje Clav\u00e9\u201d, compuesto por las calles Arrufat Alonso, plaza Clav\u00e9 y San Luis. Se podr\u00e1 seguir circulando, dado que hay un carril abierto al tr\u00e1fico, en la Plaza Clav\u00e9 hacia el sur y en Arrufat Alonso hacia el norte<\/p>","protected":false},"author":2,"featured_media":2121,"comment_status":"closed","ping_status":"closed","sticky":false,"template":"","format":"standard","meta":{"_monsterinsights_skip_tracking":false,"_monsterinsights_sitenote_active":false,"_monsterinsights_sitenote_note":"","_monsterinsights_sitenote_category":0},"categories":[1],"tags":[148,149,78,147,94],"acf":[],"_links":{"self":[{"href":"https:\/\/agendaurbanacastello.es\/va\/wp-json\/wp\/v2\/posts\/2120"}],"collection":[{"href":"https:\/\/agendaurbanacastello.es\/va\/wp-json\/wp\/v2\/posts"}],"about":[{"href":"https:\/\/agendaurbanacastello.es\/va\/wp-json\/wp\/v2\/types\/post"}],"author":[{"embeddable":true,"href":"https:\/\/agendaurbanacastello.es\/va\/wp-json\/wp\/v2\/users\/2"}],"replies":[{"embeddable":true,"href":"https:\/\/agendaurbanacastello.es\/va\/wp-json\/wp\/v2\/comments?post=2120"}],"version-history":[{"count":2,"href":"https:\/\/agendaurbanacastello.es\/va\/wp-json\/wp\/v2\/posts\/2120\/revisions"}],"predecessor-version":[{"id":2123,"href":"https:\/\/agendaurbanacastello.es\/va\/wp-json\/wp\/v2\/posts\/2120\/revisions\/2123"}],"wp:featuredmedia":[{"embeddable":true,"href":"https:\/\/agendaurbanacastello.es\/va\/wp-json\/wp\/v2\/media\/2121"}],"wp:attachment":[{"href":"https:\/\/agendaurbanacastello.es\/va\/wp-json\/wp\/v2\/media?parent=2120"}],"wp:term":[{"taxonomy":"category","embeddable":true,"href":"https:\/\/agendaurbanacastello.es\/va\/wp-json\/wp\/v2\/categories?post=2120"},{"taxonomy":"post_tag","embeddable":true,"href":"https:\/\/agendaurbanacastello.es\/va\/wp-json\/wp\/v2\/tags?post=2120"}],"curies":[{"name":"wp","href":"https:\/\/api.w.org\/{rel}","templated":true}]}}