{"id":2124,"date":"2024-07-09T12:38:00","date_gmt":"2024-07-09T12:38:00","guid":{"rendered":"http:\/\/agendaurbana.castello.es\/?p=2124"},"modified":"2024-07-16T13:07:47","modified_gmt":"2024-07-16T13:07:47","slug":"castellon-se-suma-a-la-red-de-gobernanza-participativa-de-la-comunidad-valenciana","status":"publish","type":"post","link":"https:\/\/agendaurbanacastello.es\/va\/castellon-se-suma-a-la-red-de-gobernanza-participativa-de-la-comunidad-valenciana\/","title":{"rendered":"Castell\u00f3n se suma a la Red de Gobernanza Participativa de la Comunidad Valenciana"},"content":{"rendered":"<h2>Seguir mejorando los \u00edndices de transparencia y participaci\u00f3n ciudadana entre los principales objetivos <\/h2>\n\n\n\n<p>La alcaldesa de Castell\u00f3n, Bego\u00f1a Carrasco, junto con Paco Caba\u00f1ero, concejal de Participaci\u00f3n Ciudadana, Modernizaci\u00f3n y Transparencia ha recibido en el <a href=\"https:\/\/www.castello.es\/va\/inici\" target=\"_blank\" rel=\"noreferrer noopener\" title=\"Ajuntament \">Ajuntament <\/a>al Director General de Transparencia y Participaci\u00f3n, Jos\u00e9 Salvador T\u00e1rrega. Fruto del encuentro han anunciado que la ciudad se unir\u00e1 a la <a href=\"https:\/\/participem.gva.es\/es\/xarxa-de-governanca-participativa-municipal\" target=\"_blank\" rel=\"noreferrer noopener\" title=\"Red de Gobernanza Participativa de la Comunitat Valenciana\">Red de Gobernanza Participativa de la Comunitat Valenciana<\/a> para seguir mejorando los \u00edndices de transparencia y participaci\u00f3n ciudadana del consistorio. Una red de la que ya forman parte otros Ayuntamientos como Alicante y Valencia, entre otros.<\/p>\n\n\n\n<p>Se trata de un instrumento de colaboraci\u00f3n, debate y reflexi\u00f3n entre Presidencia de la Generalitat con los municipios de la Comunidad Valenciana para establecer sinergias que permitan avanzar en pol\u00edticas de participaci\u00f3n ciudadana.<\/p>\n\n\n\n<p>La alcaldesa Bego\u00f1a Carrasco ha asegurado: \u201cLa participaci\u00f3n ciudadana es y ser\u00e1 siempre uno de los principales pilares de este gobierno. Es esencial que los ciudadanos tengan voz participen de la gesti\u00f3n municipal para poner a su disposici\u00f3n \u00fatil que resuelve sus problemas. Y eso solo se consigue pisando la calle y recuperando, como ya hemos hecho, el quorum en todos los foros de participaci\u00f3n donde antes los vecinos no acud\u00edan por hartazgo con el anterior gobierno. Formar parte de esta plataforma tambi\u00e9n nos va permitir seguir mejorando nuestros \u00edndices de transparencia donde en un a\u00f1o hemos avanzado mucho\u201d.<\/p>\n\n\n\n<p>Por su parte, el Director General de Transparencia, Jose Salvador T\u00e1rrega ha declarado en su visita que \u201cCastell\u00f3n es un claro ejemplo de c\u00f3mo avanzar e innovar en pol\u00edticas de transparencia y participaci\u00f3n ciudadana\u201d a lo que ha a\u00f1adido que \u201cel ayuntamiento de Castell\u00f3n de la Plana es un referente ya que ha pasado de un 33% en 2023 a un 83% en transparencia en 2024, obteniendo as\u00ed el prestigioso reconocimiento de Transparencia InfoParticipa que premia su promoci\u00f3n en la gesti\u00f3n p\u00fablica y la participaci\u00f3n ciudadana\u201d.<\/p>\n\n\n\n<p>Por su parte el edil de Transparencia, Modernizaci\u00f3n y Participaci\u00f3n Ciudadana, Paco Caba\u00f1ero ha suscrito las palabras de T\u00e1rrega y ha recalcado que \u201cen junio fue cuando otorgaron la menci\u00f3n a este ayuntamiento por demostrar que cumplimos con 43 de los 52 indicadores analizados<strong> <\/strong>que incluyen: la informaci\u00f3n sobre los representantes pol\u00edticos, la gesti\u00f3n de los recursos colectivos, aspectos en materia econ\u00f3mica, informaci\u00f3n p\u00fablica sobre los plenos o las actividades de gesti\u00f3n y, por \u00faltimo, las herramientas para la participaci\u00f3n ciudadana\u201d.<\/p>\n\n\n\n<h3>Reuni\u00f3n con las Federaciones Vecinales<\/h3>\n\n\n\n<p>En su visita a Castell\u00f3n, el Director General de Transparencia, Jose Salvador T\u00e1rrega, tambi\u00e9n ha mantenido un encuentro con t\u00e9cnicos municipales del \u00e1rea de Participaci\u00f3n Ciudadana, Modernizaci\u00f3n y Transparencia con quienes ha abordado los beneficios que proporciona la Red de Gobernanza Participativa.<\/p>\n\n\n\n<p>Del mismo modo, ha mantenido una reuni\u00f3n con representantes de las Federaciones Vecinales de la capital de la Plana, donde de la mano del concejal de \u00e1rea, Paco Caba\u00f1ero, han expuesto las diferentes formas de colaboraci\u00f3n con la administraci\u00f3n local, y v\u00edas participativas que les permiten ser parte activa de la gesti\u00f3n municipal.<\/p>\n\n\n\n<p>El compromiso por la participaci\u00f3n ciudadana queda reflejado en el Plan de Acci\u00f3n de la <a href=\"https:\/\/agendaurbana.castello.es\/\" target=\"_blank\" rel=\"noreferrer noopener\" title=\"Agenda Urbana de Castell\u00f3n\">Agenda Urbana de Castell\u00f3n<\/a>, donde existe un objetivo prioritario espec\u00edfico denominado &#8220;<a href=\"https:\/\/agendaurbana.castello.es\/ficha\/cultura-formacion-y-participacion-ciudadana\/\" target=\"_blank\" rel=\"noreferrer noopener\" title=\"Cultura, formaci\u00f3 i participaci\u00f3 ciutadana\">Cultura, formaci\u00f3 i participaci\u00f3 ciutadana<\/a>&#8221; que tiene como fin informar, sensibilizar capacitar y hacer part\u00edcipe a la ciudadan\u00eda en el desarrollo y funcionamiento de la ciudad. <\/p>\n\n\n\n<h3>Red de Gobernanza Local de la Comunitat Valenciana<\/h3>\n\n\n\n<p>Actualmente, 55 municipios valencianos forman parte de la Red de Gobernanza Local de la Comunitat Valenciana, que cuenta con una nueva \u2018Carta de adhesi\u00f3n\u2019 a la red municipal de la Generalitat, reforzando los criterios en materia de transparencia.<\/p>\n\n\n\n<p>Por \u00faltimo, el Director General Jos\u00e9 T\u00e1rrega ha animado al resto de municipios valencianos a adherirse a la nueva red y ha recordado la pr\u00f3xima creaci\u00f3n de una Escuela de Buenas Pr\u00e1cticas en participaci\u00f3n y transparencia dirigida a las entidades municipales en el seno de la red \u201ccon el objetivo de seguir innovando en acciones que impliquen a los ciudadanos y ciudadanas\u201d.<br><br>La nueva Red de Gobernanza Local de la Comunitat Valenciana se reuni\u00f3 el pasado mes de junio en Almazora, marcando una nueva etapa en la que \u201cpretende convertirse en un espacio impulsor de proyectos relacionados con la participaci\u00f3n y la transparencia, en colaboraci\u00f3n con las entidades locales valencianas\u201d, ha afirmado el director general.<\/p>\n\n\n\n<p><\/p>","protected":false},"excerpt":{"rendered":"<p>La participaci\u00f3n ciudadana es esencial para que los ciudadanos tengan voz y participen de la gesti\u00f3n municipal de forma \u00fatil y adaptada a la resoluci\u00f3n de sus problemas<\/p>","protected":false},"author":2,"featured_media":2125,"comment_status":"closed","ping_status":"closed","sticky":false,"template":"","format":"standard","meta":{"_monsterinsights_skip_tracking":false,"_monsterinsights_sitenote_active":false,"_monsterinsights_sitenote_note":"","_monsterinsights_sitenote_category":0},"categories":[1],"tags":[151,153,152,48],"acf":[],"_links":{"self":[{"href":"https:\/\/agendaurbanacastello.es\/va\/wp-json\/wp\/v2\/posts\/2124"}],"collection":[{"href":"https:\/\/agendaurbanacastello.es\/va\/wp-json\/wp\/v2\/posts"}],"about":[{"href":"https:\/\/agendaurbanacastello.es\/va\/wp-json\/wp\/v2\/types\/post"}],"author":[{"embeddable":true,"href":"https:\/\/agendaurbanacastello.es\/va\/wp-json\/wp\/v2\/users\/2"}],"replies":[{"embeddable":true,"href":"https:\/\/agendaurbanacastello.es\/va\/wp-json\/wp\/v2\/comments?post=2124"}],"version-history":[{"count":1,"href":"https:\/\/agendaurbanacastello.es\/va\/wp-json\/wp\/v2\/posts\/2124\/revisions"}],"predecessor-version":[{"id":2126,"href":"https:\/\/agendaurbanacastello.es\/va\/wp-json\/wp\/v2\/posts\/2124\/revisions\/2126"}],"wp:featuredmedia":[{"embeddable":true,"href":"https:\/\/agendaurbanacastello.es\/va\/wp-json\/wp\/v2\/media\/2125"}],"wp:attachment":[{"href":"https:\/\/agendaurbanacastello.es\/va\/wp-json\/wp\/v2\/media?parent=2124"}],"wp:term":[{"taxonomy":"category","embeddable":true,"href":"https:\/\/agendaurbanacastello.es\/va\/wp-json\/wp\/v2\/categories?post=2124"},{"taxonomy":"post_tag","embeddable":true,"href":"https:\/\/agendaurbanacastello.es\/va\/wp-json\/wp\/v2\/tags?post=2124"}],"curies":[{"name":"wp","href":"https:\/\/api.w.org\/{rel}","templated":true}]}}