{"id":2141,"date":"2024-07-19T10:44:00","date_gmt":"2024-07-19T10:44:00","guid":{"rendered":"http:\/\/agendaurbana.castello.es\/?p=2141"},"modified":"2024-08-19T11:30:59","modified_gmt":"2024-08-19T11:30:59","slug":"ayuntamiento-y-xarxatec-colaboran-para-atraer-inversiones-empleo-y-empresas-tecnologicas","status":"publish","type":"post","link":"https:\/\/agendaurbanacastello.es\/va\/ayuntamiento-y-xarxatec-colaboran-para-atraer-inversiones-empleo-y-empresas-tecnologicas\/","title":{"rendered":"Ayuntamiento y XarxaTec colaboran para atraer inversiones, empleo y  empresas tecnol\u00f3gicas"},"content":{"rendered":"<h2>Consolidar un \u2018hub\u2019 de empresas tecnol\u00f3gicas en Castell\u00f3n para impulsar el talento y la innovaci\u00f3n entre los objetivos <\/h2>\n\n\n\n<p>La alcaldesa de Castell\u00f3n, Bego\u00f1a Carrasco, acompa\u00f1ada por el concejal de Modernizaci\u00f3n, Paco Caba\u00f1ero, ha recibido esta ma\u00f1ana al presidente de la Asociaci\u00f3n de Empresas Tecnol\u00f3gicas de Castell\u00f3n <a href=\"https:\/\/xarxatec.com\/\" target=\"_blank\" rel=\"noreferrer noopener\" title=\"XarxaTec\">XarxaTec<\/a>, Jos\u00e9 Bort, y el gerente de la misma, Carlos Jaime, de cara a planificar acciones y actividades conjuntas de cara al pr\u00f3ximo a\u00f1o.<\/p>\n\n\n\n<p>Bego\u00f1a Carrasco ha anunciado que \u201cel Ayuntamiento de Castell\u00f3n y XarxaTec trabajar\u00e1n de manera conjunta para atraer inversiones y empresas tecnol\u00f3gicas, tanto de nivel nacional como internacional a la ciudad\u201d.<\/p>\n\n\n\n<p>\u201cEstas acciones se van a coordinar a trav\u00e9s de un comit\u00e9 asesor con miembros tanto del Ayuntamiento como de XarxaTec que se va a constituir despu\u00e9s del verano. Un comit\u00e9 que tambi\u00e9n tratar\u00e1 otros temas de inter\u00e9s como son los que tienen que ver con la innovaci\u00f3n, cuestiones de ciberseguridad y otras relacionadas con la digitalizaci\u00f3n\u201d, ha explicado.<\/p>\n\n\n\n<p>La primera edila explicado al respecto que \u201cesta colaboraci\u00f3n servir\u00e1 para ver las necesidades en relaci\u00f3n con las nuevas tecnolog\u00edas que tiene el Ayuntamiento y el resto de la ciudad de Castell\u00f3n y en las que pueden prestar soluciones empresas adheridas a XarxaTec\u201d.<\/p>\n\n\n\n<blockquote class=\"wp-block-quote\"><p>El tecnol\u00f3gico es un sector estrat\u00e9gico que permite la creaci\u00f3n de puestos de trabajo estables y de calidad. Conseguir impulsar este talento y la creaci\u00f3n de empleo supondr\u00eda consolidar la implantaci\u00f3n de empresas tecnol\u00f3gicas en nuestra ciudad<\/p><cite>Bego\u00f1a Carrasco, alcaldesa de Castell\u00f3n<\/cite><\/blockquote>\n\n\n\n<p>\u201cTanto desde el gobierno de la ciudad como desde otras instituciones como la <a href=\"https:\/\/www.gva.es\/va\/inicio\/presentacion\" target=\"_blank\" rel=\"noreferrer noopener\" title=\"Generalitat Valenciana\">Generalitat Valenciana<\/a> o la <a href=\"https:\/\/www.portcastello.com\/\" target=\"_blank\" rel=\"noreferrer noopener\" title=\"Autoridad Portuaria\">Autoridad Portuaria<\/a> y, por supuesto desde XarxaTec, queremos que Castell\u00f3n se convierta en polo de atracci\u00f3n de empresas tecnol\u00f3gicas, para colocar a nuestra ciudad en el mapa de la innovaci\u00f3n. Y en ello estamos trabajando para que sea realidad cuanto antes\u201d, ha resumido.<\/p>\n\n\n\n<h3>El mayor Hackathon Infantil de Espa\u00f1a<\/h3>\n\n\n\n<p>Carrasco ha destacado que \u201cson muchas las iniciativas que llevamos a cabo con la colaboraci\u00f3n de Xarxatec, dentro de los cuales est\u00e1n los diferentes proyectos y programas en los que el<a href=\"https:\/\/www.castello.es\/es\/inicio\" target=\"_blank\" rel=\"noreferrer noopener\" title=\" Ayuntamiento de Castell\u00f3n\"> Ayuntamiento de Castell\u00f3n<\/a> y Xarxatec colaboran como son la organizaci\u00f3n del \u2018Hackathon\u2019 donde participaron m\u00e1s de 200 personas en la \u00faltima edici\u00f3n, las actividades con motivo del D\u00eda de Internet o los talleres para Gente Mayor\u201d.<\/p>\n\n\n\n<p>La alcaldesa tambi\u00e9n ha querido resaltar \u201cla intenci\u00f3n que tenemos de dar un mayor impulso al Hackathon Infantil que quiere convertirse en el mayor a nivel nacional en su categor\u00eda, mostrando la apuesta por la innovaci\u00f3n que tiene como protagonistas a los m\u00e1s j\u00f3venes y que involucra tambi\u00e9n a los centros educativos de la ciudad, aportando nuevas ideas, el talento de los estudiantes y valor a la sociedad\u201d.<\/p>\n\n\n\n<p>\u201cDesde el Ayuntamiento queremos que estas acciones lleguen a toda la ciudadan\u00eda, desde los m\u00e1s peque\u00f1os hasta los m\u00e1s mayores, apostando por la digitalizaci\u00f3n y por una ciudad moderna y conectada a las nuevas tecnolog\u00edas. Y apostamos tambi\u00e9n por la tecnolog\u00eda para que el talento de Castell\u00f3n se quede en casa y no tenga que marcharse fuera\u201d, ha dicho.<\/p>\n\n\n\n<h3>Creaci\u00f3n de empleo y retenci\u00f3n del talento<\/h3>\n\n\n\n<p>La alcaldesa ha querido recordar tambi\u00e9n la colaboraci\u00f3n de Xarxatec en otros proyectos \u201ccomo son los cursos de formaci\u00f3n \u2018a la carta\u2019 que ofrece el Ayuntamiento. Una iniciativa pionera que permite que personas desempleadas de nuestra ciudad encuentren un puesto de trabajo y que tienen una alto grado de inserci\u00f3n laboral\u201d.<\/p>\n\n\n\n<p>Bego\u00f1a Carrasco ha reiterado su apoyo a la red de empresas tecnol\u00f3gicas de Castell\u00f3n y provincia \u201cque est\u00e1n generando m\u00e1s de 20.000 puestos de trabajo. Hay que apostar por la formaci\u00f3n, por la creaci\u00f3n de empleo y retener el talento castellonense, para que Castell\u00f3n sea un polo de atracci\u00f3n de inversiones, para generar puestos de trabajo que es la mejor pol\u00edtica social&#8221;.<\/p>\n\n\n\n<h3>Una acci\u00f3n enmarcada dentro del plan de acci\u00f3n de la Agenda Urbana de Castell\u00f3n <\/h3>\n\n\n\n<p>Tanto la apuesta por el talento y el emprendimiento innovador como por la digitalizaci\u00f3n urbana, forman parte de los proyectos prioritarios de la <a href=\"https:\/\/agendaurbana.castello.es\/\" title=\"Agenda Urbana de Castell\u00f3n\" target=\"_blank\" rel=\"noreferrer noopener\">Agenda Urbana de Castell\u00f3n<\/a>. <\/p>\n\n\n\n<p>La hoja de ruta para el desarrollo urbano de Castell\u00f3n contempla en el proyecto &#8220;<a href=\"https:\/\/agendaurbana.castello.es\/ficha\/talento-emprendimiento-industria-y-comercio\/\" target=\"_blank\" rel=\"noreferrer noopener\" title=\"Talent, emprenedoria, ind\u00fastria i comer\u00e7\">Talent, emprenedoria, ind\u00fastria i comer\u00e7<\/a>&#8220;un conjunto de medidas para seguir avanzando hacia un modelo econ\u00f3mico basado en el conocimiento y la innovaci\u00f3n sostenible, tecnol\u00f3gica y social. Por su parte, el proyecto &#8220;<a href=\"https:\/\/agendaurbana.castello.es\/ficha\/transformacion-digital-urbana\/\" target=\"_blank\" rel=\"noreferrer noopener\" title=\"Transformaci\u00f3 digital urbana\">Transformaci\u00f3 digital urbana<\/a>&#8221; tiene entre sus objetivos apostar por un modelo de ciudad inteligente e innovador introduciendo nuevas tecnolog\u00edas disruptivas para optimizar y simplificar los procesos internos y facilitar nuevos servicios a la ciudadan\u00eda.<\/p>\n\n\n\n<p><\/p>","protected":false},"excerpt":{"rendered":"<p>El Ayuntamiento de Castell\u00f3n y XarxaTec trabajar\u00e1n de manera conjunta para atraer inversiones y empresas tecnol\u00f3gicas, tanto de nivel nacional como internacional a la ciudad. <\/p>","protected":false},"author":2,"featured_media":2142,"comment_status":"closed","ping_status":"closed","sticky":false,"template":"","format":"standard","meta":{"_monsterinsights_skip_tracking":false,"_monsterinsights_sitenote_active":false,"_monsterinsights_sitenote_note":"","_monsterinsights_sitenote_category":0},"categories":[1],"tags":[133,97,95,60],"acf":[],"_links":{"self":[{"href":"https:\/\/agendaurbanacastello.es\/va\/wp-json\/wp\/v2\/posts\/2141"}],"collection":[{"href":"https:\/\/agendaurbanacastello.es\/va\/wp-json\/wp\/v2\/posts"}],"about":[{"href":"https:\/\/agendaurbanacastello.es\/va\/wp-json\/wp\/v2\/types\/post"}],"author":[{"embeddable":true,"href":"https:\/\/agendaurbanacastello.es\/va\/wp-json\/wp\/v2\/users\/2"}],"replies":[{"embeddable":true,"href":"https:\/\/agendaurbanacastello.es\/va\/wp-json\/wp\/v2\/comments?post=2141"}],"version-history":[{"count":2,"href":"https:\/\/agendaurbanacastello.es\/va\/wp-json\/wp\/v2\/posts\/2141\/revisions"}],"predecessor-version":[{"id":2145,"href":"https:\/\/agendaurbanacastello.es\/va\/wp-json\/wp\/v2\/posts\/2141\/revisions\/2145"}],"wp:featuredmedia":[{"embeddable":true,"href":"https:\/\/agendaurbanacastello.es\/va\/wp-json\/wp\/v2\/media\/2142"}],"wp:attachment":[{"href":"https:\/\/agendaurbanacastello.es\/va\/wp-json\/wp\/v2\/media?parent=2141"}],"wp:term":[{"taxonomy":"category","embeddable":true,"href":"https:\/\/agendaurbanacastello.es\/va\/wp-json\/wp\/v2\/categories?post=2141"},{"taxonomy":"post_tag","embeddable":true,"href":"https:\/\/agendaurbanacastello.es\/va\/wp-json\/wp\/v2\/tags?post=2141"}],"curies":[{"name":"wp","href":"https:\/\/api.w.org\/{rel}","templated":true}]}}