{"id":2146,"date":"2024-07-22T11:35:00","date_gmt":"2024-07-22T11:35:00","guid":{"rendered":"http:\/\/agendaurbana.castello.es\/?p=2146"},"modified":"2024-08-19T11:55:30","modified_gmt":"2024-08-19T11:55:30","slug":"castello-sigue-avanzando-para-ser-una-ciudad-del-deporte","status":"publish","type":"post","link":"https:\/\/agendaurbanacastello.es\/va\/castello-sigue-avanzando-para-ser-una-ciudad-del-deporte\/","title":{"rendered":"Castell\u00f3 sigue avanzando para ser una Ciudad del Deporte"},"content":{"rendered":"<h2>Atraer\u00e1 a m\u00e1s de 4.000 personas con la celebraci\u00f3n del LXXI Campeonato de Espa\u00f1a de Atletismo Sub 20 los d\u00edas 27 y 28 de julio<\/h2>\n\n\n\n<p>La concejala de Deportes, Maica Hurtado, y el presidente del <a href=\"https:\/\/atletismecastello.es\/\" target=\"_blank\" rel=\"noreferrer noopener\" title=\"Club de Atletismo Facsa Playas de Castell\u00f3n\">Club de Atletismo Facsa Playas de Castell\u00f3n<\/a>, Toni Escrig, y el presidente de la <a href=\"https:\/\/www.facv.es\/inicio\/es\" target=\"_blank\" rel=\"noreferrer noopener\" title=\"Federaci\u00f3n de Atletismo de la Comunitat Valenciana\">Federaci\u00f3n de Atletismo de la Comunitat Valenciana<\/a>, Vicente A\u00f1\u00f3, han presentado en rueda de prensa el LXXI Campeonato de Espa\u00f1a de Atletismo Sub 20, los d\u00edas 27 y 28 de julio, que atraer\u00e1 hasta la capital a m\u00e1s de 4.000 personas llegadas de toda Espa\u00f1a.<\/p>\n\n\n\n<p>Con una participaci\u00f3n de 750 atletas de todos los clubes del territorio nacional, las pistas del Gaet\u00e0 Huguet volver\u00e1n a convertirse el pr\u00f3ximo fin de semana en el epicentro del deporte con el desarrollo de esta prueba que es clasificatoria para el mundial de atletismo.<\/p>\n\n\n\n<p>La concejala de Deportes, Maica Hurtado, ha se\u00f1alado que se trata de una nueva cita que \u201cestamos encantados de acoger, que tiene al Club de Atletismo Facsa Playas de Castell\u00f3n, como club anfitri\u00f3n de un campeonato a nivel nacional que es clasificatorio para el mundial de Atletismo y donde tenemos a muchos deportistas castellonenses con muchas posibilidades de clasificarse\u201d<\/p>\n\n\n\n<p>\u201cUna cita deportiva m\u00e1s que acoge Castell\u00f3n dentro de nuestra apuesta por hacer de nuestra capital una verdadera Ciudad del Deporte, con el impacto que ello implica al haber de trasladarse hasta Castell\u00f3n pr\u00e1cticamente la mayor\u00eda de los participantes y equipos deportivos, sumando alrededor de 4.000 personas que han de alojarse en nuestros hoteles. Y con ese aliciente de la desestacionalizaci\u00f3n que tanto buscamos para llenar de actividades Castell\u00f3n durante todo el a\u00f1o\u201d, ha a\u00f1adido.<\/p>\n\n\n\n<p>El LXXI Campeonato de Espa\u00f1a de Atletismo Sub 20 cuenta con la colaboraci\u00f3n de la Real Federaci\u00f3n Espa\u00f1ola de Atletismo, la Federaci\u00f3n de Atletismo de la Comunidad Valenciana y del Ayuntamiento de Castell\u00f3n.<\/p>\n\n\n\n<p>Por \u00faltimo, la concejala ha recordado que ya en Fitur, en enero, \u201canunciamos un completo calendario de eventos, con 36 citas confirmadas de alto calado tanto a nivel nacional e internacional y lo estamos cumpliendo\u201d.<\/p>\n\n\n\n<p>Y ha puesto como ejemplos la celebraci\u00f3n de Campeonato de Espa\u00f1a de Gimnasia R\u00edtmica, recuper\u00e1ndolo despu\u00e9s de 10 a\u00f1os y que atrajo a la ciudad m\u00e1s de 10.000 personas; el Cross Internacional \u2018Ciutat de Castell\u00f3\u2019, que este a\u00f1o cumpli\u00f3 la 45 edici\u00f3n; la vig\u00e9simos\u00e9ptima Regata \u2018Costa Azahar\u2019; el Rally de la Cer\u00e1mica; el Mediterr\u00e1nea Triatl\u00f3n de Castell\u00f3n; la Mediterranean Epik; el Special Olympics en la modalidad de p\u00e1del; o el Campeonato de Espa\u00f1a Master de Nataci\u00f3n que se desarroll\u00f3 en la piscina ol\u00edmpica. Y la semana pasada los Campeonatos de Espa\u00f1a de Verano de Salvamento y de Socorrismo en la playa del Gurug\u00fa.<\/p>\n\n\n\n<p>Estas actuaciones de promoci\u00f3n de eventos deportivos se encuentran recogidas en el Plan de Acci\u00f3n de la <a href=\"https:\/\/agendaurbana.castello.es\/\" target=\"_blank\" rel=\"noreferrer noopener\" title=\"Agenda Urbana de Castell\u00f3n\">Agenda Urbana de Castell\u00f3n<\/a>. Una hoja de ruta para el desarrollo urbano sostenible, resiliente e inclusivo que cuenta con un proyecto prioritario denominado &#8220;<a href=\"https:\/\/agendaurbana.castello.es\/ficha\/turismo-sostenible-inteligente-y-deportivo\/\" target=\"_blank\" rel=\"noreferrer noopener\" title=\"Turismo sostenible, inteligente y deportivo\">Turismo sostenible, inteligente y deportivo<\/a>&#8221; donde el deporte es una de las piezas clave para desestacionalizar la oferta tur\u00edstcia de la ciudad. <\/p>\n\n\n\n<p>Por su parte, el presidente del Club de Atletismo Facsa Playas de Castell\u00f3n, Toni Escrig, ha hablado sobre las expectativas del club en esta cita. \u201cEsperemos que podamos tener en cuanto a las posibilidades de nuestros atletas van a ser entre 10 o 12 las medallas que probablemente se consigan. Dos de parte Naiara P\u00e9rez en la prueba de salto con p\u00e9rtiga y Dani Sebasti\u00e1n en 110 metros vallas\u201d, atletas tambi\u00e9n presentes en la rueda de prensa.<\/p>\n\n\n\n<p>Escrig tambi\u00e9n ha hecho hincapi\u00e9 en que \u201cesta prueba es clasificatoria para el campeonato del mundo sub-20 que se celebrar\u00e1 en Per\u00fa a finales del mes de agosto, y aunque muchos de los atletas ya traen en el bolsillo la m\u00ednima para esta competici\u00f3n, pero deben demostrar en esta competici\u00f3n que est\u00e1n en perfectas condiciones para acudir a ellas y poder ser seleccionados por la Federaci\u00f3n Espa\u00f1ola\u201d.<\/p>\n\n\n\n<p>Finalmente, Vicente A\u00f1\u00f3, presidente de la Federaci\u00f3n Valenciana de Atletismo ha agradecido la colaboraci\u00f3n del Ayuntamiento de Castell\u00f3n en esta cita y en con este deporte \u201cEl atletismo en Castell\u00f3n se ha convertido en una se\u00f1a de identidad muy importante en el deporte espa\u00f1ol. Y esa l\u00ednea es muy interesante continuarla\u201d, ha afirmado.<\/p>","protected":false},"excerpt":{"rendered":"<p>Con una participaci\u00f3n de 750 atletas venidos de toda Espa\u00f1a, las pistas del Gaet\u00e0 Huguet volver\u00e1n a convertirse en el epicentro del deporte en esta prueba que es clasificatoria para el mundial de atletismo<\/p>","protected":false},"author":2,"featured_media":2147,"comment_status":"closed","ping_status":"closed","sticky":false,"template":"","format":"standard","meta":{"_monsterinsights_skip_tracking":false,"_monsterinsights_sitenote_active":false,"_monsterinsights_sitenote_note":"","_monsterinsights_sitenote_category":0},"categories":[1],"tags":[157,156,128,93,91],"acf":[],"_links":{"self":[{"href":"https:\/\/agendaurbanacastello.es\/va\/wp-json\/wp\/v2\/posts\/2146"}],"collection":[{"href":"https:\/\/agendaurbanacastello.es\/va\/wp-json\/wp\/v2\/posts"}],"about":[{"href":"https:\/\/agendaurbanacastello.es\/va\/wp-json\/wp\/v2\/types\/post"}],"author":[{"embeddable":true,"href":"https:\/\/agendaurbanacastello.es\/va\/wp-json\/wp\/v2\/users\/2"}],"replies":[{"embeddable":true,"href":"https:\/\/agendaurbanacastello.es\/va\/wp-json\/wp\/v2\/comments?post=2146"}],"version-history":[{"count":1,"href":"https:\/\/agendaurbanacastello.es\/va\/wp-json\/wp\/v2\/posts\/2146\/revisions"}],"predecessor-version":[{"id":2148,"href":"https:\/\/agendaurbanacastello.es\/va\/wp-json\/wp\/v2\/posts\/2146\/revisions\/2148"}],"wp:featuredmedia":[{"embeddable":true,"href":"https:\/\/agendaurbanacastello.es\/va\/wp-json\/wp\/v2\/media\/2147"}],"wp:attachment":[{"href":"https:\/\/agendaurbanacastello.es\/va\/wp-json\/wp\/v2\/media?parent=2146"}],"wp:term":[{"taxonomy":"category","embeddable":true,"href":"https:\/\/agendaurbanacastello.es\/va\/wp-json\/wp\/v2\/categories?post=2146"},{"taxonomy":"post_tag","embeddable":true,"href":"https:\/\/agendaurbanacastello.es\/va\/wp-json\/wp\/v2\/tags?post=2146"}],"curies":[{"name":"wp","href":"https:\/\/api.w.org\/{rel}","templated":true}]}}