{"id":2173,"date":"2024-08-21T07:00:00","date_gmt":"2024-08-21T07:00:00","guid":{"rendered":"http:\/\/agendaurbana.castello.es\/?p=2173"},"modified":"2024-08-21T07:34:51","modified_gmt":"2024-08-21T07:34:51","slug":"castello-consigue-6-millones-de-fondos-europeos-para-la-digitalizacion-del-ciclo-integral-del-agua","status":"publish","type":"post","link":"https:\/\/agendaurbanacastello.es\/va\/castello-consigue-6-millones-de-fondos-europeos-para-la-digitalizacion-del-ciclo-integral-del-agua\/","title":{"rendered":"Castell\u00f3 consigue 6 millones de fondos europeos para la digitalizaci\u00f3n del Ciclo Integral del Agua"},"content":{"rendered":"<h2>Un proyecto de colaboraci\u00f3n p\u00fablico-privada entre Ayuntamiento y Facsa para aplicar innovaci\u00f3n en la gesti\u00f3n de recursos h\u00eddricos urbanos <\/h2>\n\n\n\n<p>La alcaldesa de Castell\u00f3n, Bego\u00f1a Carrasco, ha anunciado hoy que \u201cla ciudad de Castell\u00f3n ha sido una de las beneficiarias de la convocatoria de subvenciones para los proyectos de mejora de la eficiencia del ciclo urbano del agua (PERTE digitalizaci\u00f3n del ciclo del agua), dentro del <a href=\"https:\/\/planderecuperacion.gob.es\/\" target=\"_blank\" rel=\"noreferrer noopener\" title=\"Plan de Recuperaci\u00f3n, Transformaci\u00f3n y Resiliencia\">Plan de Recuperaci\u00f3n, Transformaci\u00f3n y Resiliencia<\/a>). Un anuncio que recoge hoy el Bolet\u00edn Oficial del Estado en resoluci\u00f3n provisional.<\/p>\n\n\n\n<p>As\u00ed, Carrasco ha comentado que \u201cse trata de una gran noticia para nuestra ciudad por lo que supone de inversi\u00f3n, ya que el proyecto ha conseguido una subvenci\u00f3n de m\u00e1s de 5,9 millones de euros, en concreto de 5.990.761,98 euros\u201d.<\/p>\n\n\n\n<p>Carrasco ha resaltado que \u201ceste reconocimiento al proyecto \u2018Digitalizaci\u00f3n del uso urbano del agua en la ciudad de Castell\u00f3n\u2019 tiene m\u00e1s m\u00e9rito a\u00fan si valoramos que se han presentado 238 iniciativas, de las que s\u00f3lo han sido seleccionadas 50. Y de entre esas 50, la propuesta del <a href=\"https:\/\/www.castello.es\/es\/inicio\" target=\"_blank\" rel=\"noreferrer noopener\" title=\"Ayuntamiento de Castell\u00f3n\">Ayuntamiento de Castell\u00f3n<\/a> i <a href=\"https:\/\/www.facsa.com\/\" target=\"_blank\" rel=\"noreferrer noopener\" title=\"Facsa\">Facsa<\/a>, ha sido la segunda que ha obtenido m\u00e1s puntos, con 83, s\u00f3lo superada por M\u00e1laga que ha obtenido cuatro m\u00e1s. Esto habla del magn\u00edfico trabajo conjunto que se ha venido realizando en los \u00faltimos meses para conseguir esta subvenci\u00f3n que llega desde Europa\u201d.<\/p>\n\n\n\n<blockquote class=\"wp-block-quote\"><p>Este proyecto, adem\u00e1s, trata de una manera directa un problema con el que tema sensible en estos momentos como es la gesti\u00f3n del agua, que en la cuenca mediterr\u00e1nea se ha convertido ya en una situaci\u00f3n de emergencia para muchas poblaciones.<\/p><cite>Bego\u00f1a Carrasco, alcaldesa de Castell\u00f3n de la Plana <\/cite><\/blockquote>\n\n\n\n<p>\u201cCastell\u00f3n, a lo largo de la historia, ha sido una ciudad donde el uso del agua y su gesti\u00f3n ha estado dentro de sus prioridades. Una ciudad solidaria y que sabe perfectamente el valor de cada gota. Y, desde hace a\u00f1os, estamos llevando a cabo medidas que permiten el ahorro, la reutilizaci\u00f3n de agua para el riego de parques y jardines baldeo o limpieza de la ciudad. Por eso hemos sido tambi\u00e9n pioneros en la puesta en marcha del Plan Antisequ\u00eda, siendo referentes y de las primeras ciudades de Espa\u00f1a en activarlo\u201d, ha recordado.<\/p>\n\n\n\n<h3>Colaboraci\u00f3n p\u00fablico-privada<\/h3>\n\n\n\n<p>La alcaldesa tambi\u00e9n ha querido hacer hincapi\u00e9 en que \u201ceste proyecto se sustenta en el trabajo conjunto y la colaboraci\u00f3n p\u00fablico-privada. Y en este caso, desde el Ayuntamiento de Castell\u00f3n vamos de la mano de Facsa, una referencia nacional en el suministro y la implantaci\u00f3n del ciclo integral del agua, con una historia de m\u00e1s de 150 a\u00f1os que avala este liderazgo. A ello hay que sumar tambi\u00e9n la magn\u00edfica labor de los t\u00e9cnicos de los diferentes departamentos municipales. La suma de ambas voluntades tiene como objetivo ofrecer el mejor servicio a nuestros ciudadanos y convertir a Castell\u00f3n en referente en cuanto al uso y gesti\u00f3n de un bien tan preciado como el agua. Porque juntos somos mejores y llegamos m\u00e1s lejos\u201d.<\/p>\n\n\n\n<p>En este sentido, la primera edil ha recordado la reciente presentaci\u00f3n de una campa\u00f1a de concienciaci\u00f3n conjunta \u201cque recuerda que el agua es un bien b\u00e1sico para nuestro d\u00eda a d\u00eda y que forma parte de nuestro entorno natural, de nuestra historia, de nuestra cultura e incluso es ingrediente b\u00e1sico en nuestra gastronom\u00eda\u201d.<\/p>\n\n\n\n<h3>Uso del Big Data e Inteligencia Artificial<\/h3>\n\n\n\n<p>Respecto al proyecto en s\u00ed, Carrasco ha insistido en que \u201cse centra en el desarrollo de la digitalizaci\u00f3n del sector urbano del agua de la ciudad, con el objetivo es transformar y modernizar los sistemas de gesti\u00f3n de forma integrada para todo el ciclo urbano, para mejorar el conocimiento del sistema, la eficiencia en el uso del agua y para incrementar la transparencia\u201d.<\/p>\n\n\n\n<p>En cuanto a acciones de digitalizaci\u00f3n, la alcaldesa ha apuntado que \u201cse contempla la instalaci\u00f3n de sensores inteligentes y sistemas de comunicaci\u00f3n, as\u00ed como la aplicaci\u00f3n del an\u00e1lisis avanzado de datos adquiridos mediante t\u00e9cnicas Big Data e Inteligencia Artificial\u201d.<\/p>\n\n\n\n<p>As\u00ed, se contemplan actuaciones estrat\u00e9gicas tanto en el abastecimiento de agua potable, como en el sistema de saneamiento y depuraci\u00f3n, con el fin de obtener una gesti\u00f3n eficiente y sostenible del agua.<\/p>\n\n\n\n<p>Finalmente, la alcaldesa ha querido agradecer \u201cel trabajo que se ha venido realizando tanto desde Facsa como del personal t\u00e9cnico del Ayuntamiento de Castell\u00f3n, en especial desde el departamento de Fondos Europeos y la concejal\u00eda de Urbanismo y Servicios P\u00fablicos, que dirige Sergio Toledo, que han hecho posible este proyecto y que sea merecedor de esta subvenci\u00f3n de casi 6 millones de euros de fondos europeos\u201d.<\/p>\n\n\n\n<h3>Financiaci\u00f3n europea<\/h3>\n\n\n\n<p>El proyecto \u2018Digitalizaci\u00f3n del uso urbano del agua en la ciudad de Castell\u00f3n\u2019 est\u00e1 financiado con fondos europeos Next Generation en el marco del Plan de Recuperaci\u00f3n, Transformaci\u00f3n y Resiliencia. Una iniciativa promovida desde el <a href=\"https:\/\/www.miteco.gob.es\/\" target=\"_blank\" rel=\"noreferrer noopener\" title=\"Ministerio para la Transici\u00f3n Ecol\u00f3gica y el Reto Demogr\u00e1fico\">Ministerio para la Transici\u00f3n Ecol\u00f3gica y el Reto Demogr\u00e1fico<\/a> que forma parte de la segunda convocatoria de subvenciones (2023) en concurrencia competitiva de proyectos de mejora de la eficiencia del ciclo urbano del agua (PERTE digitalizaci\u00f3n del ciclo del agua.<\/p>\n\n\n\n<h3>Agenda Urbana de Castell\u00f3n<\/h3>\n\n\n\n<p>Esta iniciativa para mejorar la gesti\u00f3n de los recursos h\u00eddricos en el entorno urbano a trav\u00e9s de la innovaci\u00f3n, forma parte del plan de acci\u00f3n de la <a href=\"https:\/\/agendaurbana.castello.es\/\" target=\"_blank\" rel=\"noreferrer noopener\" title=\"Agenda Urbana de Castell\u00f3n\">Agenda Urbana de Castell\u00f3n<\/a>. De hecho, la actuaci\u00f3n est\u00e1 recogida en el proyecto prioritario denominado &#8220;<a href=\"https:\/\/agendaurbana.castello.es\/ficha\/transformacion-digital-urbana\/\" target=\"_blank\" rel=\"noreferrer noopener\" title=\"Transformaci\u00f3 digital urbana\">Transformaci\u00f3 digital urbana<\/a>&#8221; que tiene como fin seguir avanzando hacia un modelo de ciudad inteligente e innovador introduciendo nuevas tecnolog\u00edas disruptivas para optimizar y simplificar los procesos internos y facilitar nuevos servicios a la ciudadan\u00eda.<\/p>\n\n\n\n<p><\/p>","protected":false},"excerpt":{"rendered":"<p>El PERTE del agua supone una inversi\u00f3n cercana a los 6 millones de euros para la digitalizaci\u00f3n del Ciclo Integral del Agua <\/p>","protected":false},"author":2,"featured_media":2174,"comment_status":"closed","ping_status":"closed","sticky":false,"template":"","format":"standard","meta":{"_monsterinsights_skip_tracking":false,"_monsterinsights_sitenote_active":false,"_monsterinsights_sitenote_note":"","_monsterinsights_sitenote_category":0},"categories":[1],"tags":[165,133,166,45,167,44,60],"acf":[],"_links":{"self":[{"href":"https:\/\/agendaurbanacastello.es\/va\/wp-json\/wp\/v2\/posts\/2173"}],"collection":[{"href":"https:\/\/agendaurbanacastello.es\/va\/wp-json\/wp\/v2\/posts"}],"about":[{"href":"https:\/\/agendaurbanacastello.es\/va\/wp-json\/wp\/v2\/types\/post"}],"author":[{"embeddable":true,"href":"https:\/\/agendaurbanacastello.es\/va\/wp-json\/wp\/v2\/users\/2"}],"replies":[{"embeddable":true,"href":"https:\/\/agendaurbanacastello.es\/va\/wp-json\/wp\/v2\/comments?post=2173"}],"version-history":[{"count":3,"href":"https:\/\/agendaurbanacastello.es\/va\/wp-json\/wp\/v2\/posts\/2173\/revisions"}],"predecessor-version":[{"id":2179,"href":"https:\/\/agendaurbanacastello.es\/va\/wp-json\/wp\/v2\/posts\/2173\/revisions\/2179"}],"wp:featuredmedia":[{"embeddable":true,"href":"https:\/\/agendaurbanacastello.es\/va\/wp-json\/wp\/v2\/media\/2174"}],"wp:attachment":[{"href":"https:\/\/agendaurbanacastello.es\/va\/wp-json\/wp\/v2\/media?parent=2173"}],"wp:term":[{"taxonomy":"category","embeddable":true,"href":"https:\/\/agendaurbanacastello.es\/va\/wp-json\/wp\/v2\/categories?post=2173"},{"taxonomy":"post_tag","embeddable":true,"href":"https:\/\/agendaurbanacastello.es\/va\/wp-json\/wp\/v2\/tags?post=2173"}],"curies":[{"name":"wp","href":"https:\/\/api.w.org\/{rel}","templated":true}]}}