{"id":2187,"date":"2024-08-28T06:04:00","date_gmt":"2024-08-28T06:04:00","guid":{"rendered":"https:\/\/agendaurbanacastello.es\/?p=2187"},"modified":"2024-09-03T06:40:18","modified_gmt":"2024-09-03T06:40:18","slug":"castello-ultima-el-primer-plan-municipal-de-personas-mayores","status":"publish","type":"post","link":"https:\/\/agendaurbanacastello.es\/va\/castello-ultima-el-primer-plan-municipal-de-personas-mayores\/","title":{"rendered":"Castell\u00f3 ultima el primer Plan Municipal de Personas Mayores"},"content":{"rendered":"<h2>Un Plan centrado en la soledad no deseada, la lucha contra el edadismo y la promoci\u00f3n de actividades intergeneracionales<\/h2>\n\n\n\n<p>Castell\u00f3 contar\u00e1 en 2025 con el Primer Plan Municipal de Personas Mayores. As\u00ed lo ha anunciado la edil delegada del \u00e1rea de <a href=\"https:\/\/www.castello.es\/es\/unidad-gente-mayorhttps:\/\/www.castello.es\/es\/unidad-gente-mayor\" target=\"_blank\" rel=\"noreferrer noopener\" title=\"Personas Mayores\">Personas Mayores<\/a> en el <a href=\"https:\/\/www.castello.es\/es\/inicio\" target=\"_blank\" rel=\"noreferrer noopener\" title=\"Ajuntament de Castell\u00f3\">Ajuntament de Castell\u00f3<\/a>, Clara Adsuara quien ha dado cuenta del trabajo que se est\u00e1 realizando en estos meses, para que en el pr\u00f3ximo a\u00f1o este plan sea una realidad.<\/p>\n\n\n\n<p>La edil ha destacado que \u201ces un aspecto fundamental en cualquier sociedad de bienestar tener en cuenta la salud y calidad de vida de las personas mayores que tanto han hecho por nuestra ciudad, nuestra cultura y nuestras se\u00f1as de identidad. Les debemos mucho y por eso, con la puesta en marcha de este plan, queremos materializar el compromiso de este gobierno con ellos, dar respuesta a sus necesidades y hacer que Castell\u00f3n sea una ciudad para todas las edades y amiga de las personas mayores\u201d destaca.<\/p>\n\n\n\n<blockquote class=\"wp-block-quote\"><p>Estamos trabajando en los cuatro ejes fundamentales que recoge este plan; el emprendimiento senior, iniciativas intergeneracionales, envejecimiento activo y programas de acompa\u00f1amiento.<\/p><cite>Clara Adsuara, concejala de gente mayor <\/cite><\/blockquote>\n\n\n\n<p>Y subraya que \u201ctras meses de trabajo y escuchar a nuestros mayores para conocer sus inquietudes y necesidades estamos ultimando los detalles de este plan que ser\u00e1 una hoja de ruta de objetivos y acciones concretas a realizar y nos servir\u00e1 para trazar una estrategia tambi\u00e9n a largo plazo que consiga mejorar sustancialmente la calidad de vida de las personas mayores en Castell\u00f3n\u201d.<\/p>\n\n\n\n<h3>Balance de acciones en 2024<\/h3>\n\n\n\n<p>En otro orden de asuntos la edil ha hecho balance de las actuaciones dirigidas a personas mayores a lo largo del primer a\u00f1o de legislatura, donde ha destacado \u201cel Primer Congreso de Personas Mayores en la ciudad de Castell\u00f3n \u201ccon el lema `Envejecimiento productivo y participaci\u00f3n social de las personas mayores`al que asistieron m\u00e1s de 200 personas y cont\u00f3 con profesionales de universidades de Valencia y Barcelona\u201d.<\/p>\n\n\n\n<figure class=\"wp-block-image size-large\"><img loading=\"lazy\" width=\"681\" height=\"1024\" src=\"https:\/\/agendaurbanacastello.es\/wp-content\/uploads\/2022\/06\/CEAS-Fachada-681x1024.jpg\" alt=\"\" class=\"wp-image-1871\" srcset=\"https:\/\/agendaurbanacastello.es\/wp-content\/uploads\/2022\/06\/CEAS-Fachada-681x1024.jpg 681w, https:\/\/agendaurbanacastello.es\/wp-content\/uploads\/2022\/06\/CEAS-Fachada-200x300.jpg 200w, https:\/\/agendaurbanacastello.es\/wp-content\/uploads\/2022\/06\/CEAS-Fachada-768x1154.jpg 768w, https:\/\/agendaurbanacastello.es\/wp-content\/uploads\/2022\/06\/CEAS-Fachada-1022x1536.jpg 1022w, https:\/\/agendaurbanacastello.es\/wp-content\/uploads\/2022\/06\/CEAS-Fachada-1363x2048.jpg 1363w, https:\/\/agendaurbanacastello.es\/wp-content\/uploads\/2022\/06\/CEAS-Fachada-8x12.jpg 8w, https:\/\/agendaurbanacastello.es\/wp-content\/uploads\/2022\/06\/CEAS-Fachada-scaled.jpg 1704w\" sizes=\"(max-width: 681px) 100vw, 681px\" \/><figcaption>Centro Senior de Vida Activa y Saludable <\/figcaption><\/figure>\n\n\n\n<p>Adsuara tambi\u00e9n ha recordado las actividades intergeneracionales realizadas este primer a\u00f1o como es la IV Exposici\u00f3n Cat Lovers, la <em>c<\/em>elebraci\u00f3n del \u201cD\u00eda Europeo de la Solidaridad y la cooperaci\u00f3n entre generaciones, la puesta en marcha del Proyecto `INTERGENIC`, para el aprendizaje intergeneracional en apoyo de las transiciones digital y ecol\u00f3gica de la Uni\u00f3n Europea, donde entre las entidades asociadas en Espa\u00f1a se encuentra el Ayuntamiento de Castell\u00f3n de la Plana, la realizaci\u00f3n de talleres o la Celebraci\u00f3n Navide\u00f1a Intergeneracional\u201d.<\/p>\n\n\n\n<p>Finalmente Adsuara tambi\u00e9n ha se\u00f1alado el emprendimiento senior, \u201c con el que pretendemos que las personas mayores aporten sus conocimientos y experiencia profesional mediante orientaci\u00f3n, cursos, as\u00ed como ocupar su tiempo libre en acciones dirigidas a combatir la soledad no deseada, mediante acompa\u00f1amiento emocional, actividades de socializaci\u00f3n o actividades intergeneracionales\u201d concluye.<\/p>\n\n\n\n<h3>Una iniciativa vinculada a la Agenda Urbana de Castell\u00f3<\/h3>\n\n\n\n<p>El plan de acci\u00f3n de la Agenda Urbana de Castell\u00f3 contempla entres sus prioridades el apoyo a iniciativas urbanas para promover el envejecimiento activo y saludable. <\/p>\n\n\n\n<p>En esta l\u00ednea, cuenta con un proyecto prioritario denominado <strong><a href=\"https:\/\/agendaurbanacastello.es\/va\/ficha\/envejecimiento-activo-y-saludable\/\" target=\"_blank\" rel=\"noreferrer noopener\" title=\"Envelliment actiu i saludable\">Envelliment actiu i saludable<\/a><\/strong> que tiene como fin disponer de espacios y desarrollar pol\u00edticas de referencia en la promoci\u00f3n del envejecimiento activo y saludable para contribuir a mejorar la calidad de vida de las personas mayores en materia de salud f\u00edsica y emocional. <\/p>","protected":false},"excerpt":{"rendered":"<p>El Plan Municipal de Personas Mayores de Castell\u00f3 se centrar\u00e1 en la soledad no deseada, la lucha contra el edadismo y la promoci\u00f3n de actividades intergeneracionales<\/p>","protected":false},"author":1,"featured_media":2188,"comment_status":"closed","ping_status":"closed","sticky":false,"template":"","format":"standard","meta":{"_monsterinsights_skip_tracking":false,"_monsterinsights_sitenote_active":false,"_monsterinsights_sitenote_note":"","_monsterinsights_sitenote_category":0},"categories":[1],"tags":[170,55,84,48,44,114],"acf":[],"_links":{"self":[{"href":"https:\/\/agendaurbanacastello.es\/va\/wp-json\/wp\/v2\/posts\/2187"}],"collection":[{"href":"https:\/\/agendaurbanacastello.es\/va\/wp-json\/wp\/v2\/posts"}],"about":[{"href":"https:\/\/agendaurbanacastello.es\/va\/wp-json\/wp\/v2\/types\/post"}],"author":[{"embeddable":true,"href":"https:\/\/agendaurbanacastello.es\/va\/wp-json\/wp\/v2\/users\/1"}],"replies":[{"embeddable":true,"href":"https:\/\/agendaurbanacastello.es\/va\/wp-json\/wp\/v2\/comments?post=2187"}],"version-history":[{"count":2,"href":"https:\/\/agendaurbanacastello.es\/va\/wp-json\/wp\/v2\/posts\/2187\/revisions"}],"predecessor-version":[{"id":2191,"href":"https:\/\/agendaurbanacastello.es\/va\/wp-json\/wp\/v2\/posts\/2187\/revisions\/2191"}],"wp:featuredmedia":[{"embeddable":true,"href":"https:\/\/agendaurbanacastello.es\/va\/wp-json\/wp\/v2\/media\/2188"}],"wp:attachment":[{"href":"https:\/\/agendaurbanacastello.es\/va\/wp-json\/wp\/v2\/media?parent=2187"}],"wp:term":[{"taxonomy":"category","embeddable":true,"href":"https:\/\/agendaurbanacastello.es\/va\/wp-json\/wp\/v2\/categories?post=2187"},{"taxonomy":"post_tag","embeddable":true,"href":"https:\/\/agendaurbanacastello.es\/va\/wp-json\/wp\/v2\/tags?post=2187"}],"curies":[{"name":"wp","href":"https:\/\/api.w.org\/{rel}","templated":true}]}}