{"id":2216,"date":"2024-10-25T08:49:00","date_gmt":"2024-10-25T08:49:00","guid":{"rendered":"https:\/\/agendaurbanacastello.es\/?p=2216"},"modified":"2024-10-29T10:47:40","modified_gmt":"2024-10-29T10:47:40","slug":"castellon-y-granada-intercambian-estrategias-para-impulsar-la-participacion-ciudadana","status":"publish","type":"post","link":"https:\/\/agendaurbanacastello.es\/va\/castellon-y-granada-intercambian-estrategias-para-impulsar-la-participacion-ciudadana\/","title":{"rendered":"Castell\u00f3n y Granada intercambian estrategias para impulsar la participaci\u00f3n ciudadana"},"content":{"rendered":"<h2>Castell\u00f3n exporta su experiencia en participaci\u00f3n ciudadana y despierta el inter\u00e9s de asociaciones y federaciones vecinales granadinas <\/h2>\n\n\n\n<p><\/p>\n\n\n\n<p>Una delegaci\u00f3n de representantes del <a href=\"https:\/\/www.castello.es\/es\/consejo-de-participacion-ciudadana\" target=\"_blank\" rel=\"noreferrer noopener\" title=\"Consejo Municipal de Participaci\u00f3n Ciudadana de Castell\u00f3n\">Consejo Municipal de Participaci\u00f3n Ciudadana de Castell\u00f3n<\/a>, encabezados por el concejal del \u00e1rea Paco Caba\u00f1ero, han viajado hasta Granada para participar en las Jornadas de intercambio de metodolog\u00edas y pol\u00edticas que impulsan la participaci\u00f3n vecinal. Una oportunidad para intercambiar ideas y crear sinergias entre ciudades que, como Castell\u00f3n, conceden gran protagonismo a la participaci\u00f3n vecinal.<\/p>\n\n\n\n<p>Este encuentro ha permitido al <a href=\"https:\/\/www.castello.es\/va\/\" target=\"_blank\" rel=\"noreferrer noopener\" title=\"Ayuntamiento de Castell\u00f3n\">Ayuntamiento de Castell\u00f3n<\/a> exportar su larga experiencia en la materia, puesto que cuenta con un movimiento vecinal muy activo desde hace a\u00f1os, consiguiendo despertar gran inter\u00e9s entre las asociaciones y federaciones vecinales granadinas, que han descubierto, gracias a Castell\u00f3n \u00f3rganos de participaci\u00f3n nuevos.<\/p>\n\n\n\n<p>A su llegada, la delegaci\u00f3n castellonense fue recibida en el <a href=\"https:\/\/www.granada.org\/\" target=\"_blank\" rel=\"noreferrer noopener\" title=\"Ayuntamiento de Granada\">Ayuntamiento de Granada<\/a> por parte del Teniente Alcalde Vito Rafael Ep\u00edscopo para a continuaci\u00f3n mantener una reuni\u00f3n de trabajo a la que se sumaron el concejal de Participaci\u00f3n Ciudadana Francisco Almohalla, la concejala de Fiestas Mayores y Protocolo Carolina Amate, y t\u00e9cnicos municipales.<\/p>\n\n\n\n<blockquote class=\"wp-block-quote\"><p>Estamos encantados de que una gran ciudad como Granada se fije en nuestro modelo gracias al trabajo que venimos realizando y que nos ha permitido recuperar el quorum en los foros de participaci\u00f3n, fomentando una participaci\u00f3n real basada en la escucha activa y la respuesta \u00e1gil.<\/p><cite>Paco Caba\u00f1ero, concejal de Participaci\u00f3n Ciudadana <\/cite><\/blockquote>\n\n\n\n<h3>La importancia de implicar a la ciudadan\u00eda en la gesti\u00f3n municipal<\/h3>\n\n\n\n<p>Durante la jornada, Caba\u00f1ero ha insistido en la importancia de \u201cimplicar a la ciudadan\u00eda en la gesti\u00f3n municipal, \u00e9sta era sin duda una prioridad para el gobierno de la alcaldesa Bego\u00f1a Carrasco, que cre\u00f3 la concejal\u00eda de Barrios, \u00edntimamente ligada a la Participaci\u00f3n Ciudadana y la que tengo el inmenso honor de dirigir, siendo el interlocutor directo entre el vecino y el Ayuntamiento para favorecer la comunicaci\u00f3n y tratar de atender de manera r\u00e1pida sus necesidades\u201d.<\/p>\n\n\n\n<p>En el encuentro se han abordado asuntos comunes como la organizaci\u00f3n del \u00c1rea de Participaci\u00f3n Ciudadana, su ramificaci\u00f3n por distritos a trav\u00e9s de las Juntas de Distrito, que integran las asociaciones de vecinos y una representaci\u00f3n de entidades sectoriales. \u201cEn el caso de Castell\u00f3n, adem\u00e1s de las Juntas, tenemos los Consejos de Distrito y los Consejos Sectoriales, con los que conseguimos canalizar mejor las peticiones, sugerencias y propuestas de mejora de la ciudad\u201d, recuerda Caba\u00f1ero.<\/p>\n\n\n\n<h3>Presupuestos participativos y ventanilla \u00fanica<\/h3>\n\n\n\n<p>Caba\u00f1ero tambi\u00e9n ha explicado el proceso de <a href=\"https:\/\/www.castello.es\/es\/presupuestos-participativos\" target=\"_blank\" rel=\"noreferrer noopener\" title=\"Presupuestos Participativos\">Presupuestos Participativos<\/a>, una herramienta para implicar a los vecinos en la toma de decisiones de proyectos de ciudad y que planteen las propuestas de mejora que quieren para sus barrios. \u201cEstas propuestas son llevadas a las Consejos de Distrito para que sean sus miembros quienes elijan las m\u00e1s prioritarias, las m\u00e1s votadas para abordar en primera instancia\u201d, recuerda. Por su parte, Granada dispone tambi\u00e9n de una plataforma donde los vecinos aportan iniciativas populares.<\/p>\n\n\n\n<p>Ambos Ayuntamientos han coincidido en la importancia de la \u2018ventanilla \u00fanica\u2019, para poder centralizar, coordinar, tramitar y gestionar permisos de forma \u00e1gil, algo que es de gran ayuda para las asociaciones.<\/p>\n\n\n\n<p>\u201cLa experiencia ha sido enriquecedora para todos. Desde el gobierno municipal vamos a seguir apostando porque los castellonenses tengan el protagonismo que se merecen en la toma de decisiones de los proyectos de ciudad, para hacer de Castell\u00f3n una ciudad de todos y para todos\u201d, concluye.<\/p>\n\n\n\n<figure class=\"wp-block-image size-large\"><img loading=\"lazy\" width=\"1024\" height=\"768\" src=\"https:\/\/agendaurbanacastello.es\/wp-content\/uploads\/2024\/10\/PACO-CABANERO-GRANADA-1-1024x768.jpeg\" alt=\"\" class=\"wp-image-2218\" srcset=\"https:\/\/agendaurbanacastello.es\/wp-content\/uploads\/2024\/10\/PACO-CABANERO-GRANADA-1-1024x768.jpeg 1024w, https:\/\/agendaurbanacastello.es\/wp-content\/uploads\/2024\/10\/PACO-CABANERO-GRANADA-1-300x225.jpeg 300w, https:\/\/agendaurbanacastello.es\/wp-content\/uploads\/2024\/10\/PACO-CABANERO-GRANADA-1-768x576.jpeg 768w, https:\/\/agendaurbanacastello.es\/wp-content\/uploads\/2024\/10\/PACO-CABANERO-GRANADA-1-1536x1152.jpeg 1536w, https:\/\/agendaurbanacastello.es\/wp-content\/uploads\/2024\/10\/PACO-CABANERO-GRANADA-1-16x12.jpeg 16w, https:\/\/agendaurbanacastello.es\/wp-content\/uploads\/2024\/10\/PACO-CABANERO-GRANADA-1.jpeg 1600w\" sizes=\"(max-width: 1024px) 100vw, 1024px\" \/><figcaption>Representantes de ambas entidades en el Ayuntamiento de Granada <\/figcaption><\/figure>\n\n\n\n<h3>Participaci\u00f3n ciudadana como elemento clave de la Agenda Urbana de Castell\u00f3n <\/h3>\n\n\n\n<p>La participaci\u00f3n ciudadana ha sido y es eje central de la <a href=\"https:\/\/agendaurbanacastello.es\/va\/\" target=\"_blank\" rel=\"noreferrer noopener\" title=\"Agenda Urbana de Castell\u00f3n\">Agenda Urbana de Castell\u00f3n<\/a>. Fue clave tanto en su proceso de definici\u00f3n, donde cont\u00f3 con la colaboraci\u00f3n ciudadana y la implicaci\u00f3n de los principales agentes sociales, econ\u00f3micos y acad\u00e9micos de la ciudad; y lo est\u00e1 siendo en la ejecuci\u00f3n del plan de acci\u00f3n a trav\u00e9s de los m\u00faltiples mecanismos con los que cuenta la ciudad. <\/p>\n\n\n\n<p>La relevancia de la participaci\u00f3n vecinal est\u00e1 recogida en el plan de acci\u00f3n, siendo uno de los 16 proyectos prioritarios que el Ayuntamiento de Castell\u00f3n ha puesto en marcha para llevar a cabo su modelo de desarrollo integrado de la ciudad hasta 2030 bajo criterios de sostenibilidad, conectividad, innovaci\u00f3n y cohesi\u00f3n social.<\/p>\n\n\n\n<p>Es por ello que la Agenda Urbana de Castell\u00f3n cuenta con el proyecto prioritario <a href=\"https:\/\/agendaurbanacastello.es\/va\/ficha\/cultura-formacion-y-participacion-ciudadana\/\" target=\"_blank\" rel=\"noreferrer noopener\" title=\"\u201cCultura, formaci\u00f3n y participaci\u00f3n ciudadana\u201d\">\u201cCultura, formaci\u00f3n y participaci\u00f3n ciudadana\u201d<\/a>, que tiene como fin informar sensibilizar y capacitar a la ciudadan\u00eda y personal t\u00e9cnico del Ayuntamiento en conceptos clave en materia urbana para que comprendan el funcionamiento de su ciudad y hacerles part\u00edcipes.<\/p>\n\n\n\n<p><\/p>","protected":false},"excerpt":{"rendered":"<p>Castell\u00f3n pone en valor su modelo de participaci\u00f3n ciudadana centrado en Juntas de Distrito, Consejos de Distrito y Consejos Sectoriales, para canalizar mejor las peticiones, sugerencias y propuestas de mejora de la ciudad. <\/p>","protected":false},"author":1,"featured_media":2217,"comment_status":"closed","ping_status":"closed","sticky":false,"template":"","format":"standard","meta":{"_monsterinsights_skip_tracking":false,"_monsterinsights_sitenote_active":false,"_monsterinsights_sitenote_note":"","_monsterinsights_sitenote_category":0},"categories":[1],"tags":[151,153,152],"acf":[],"_links":{"self":[{"href":"https:\/\/agendaurbanacastello.es\/va\/wp-json\/wp\/v2\/posts\/2216"}],"collection":[{"href":"https:\/\/agendaurbanacastello.es\/va\/wp-json\/wp\/v2\/posts"}],"about":[{"href":"https:\/\/agendaurbanacastello.es\/va\/wp-json\/wp\/v2\/types\/post"}],"author":[{"embeddable":true,"href":"https:\/\/agendaurbanacastello.es\/va\/wp-json\/wp\/v2\/users\/1"}],"replies":[{"embeddable":true,"href":"https:\/\/agendaurbanacastello.es\/va\/wp-json\/wp\/v2\/comments?post=2216"}],"version-history":[{"count":1,"href":"https:\/\/agendaurbanacastello.es\/va\/wp-json\/wp\/v2\/posts\/2216\/revisions"}],"predecessor-version":[{"id":2219,"href":"https:\/\/agendaurbanacastello.es\/va\/wp-json\/wp\/v2\/posts\/2216\/revisions\/2219"}],"wp:featuredmedia":[{"embeddable":true,"href":"https:\/\/agendaurbanacastello.es\/va\/wp-json\/wp\/v2\/media\/2217"}],"wp:attachment":[{"href":"https:\/\/agendaurbanacastello.es\/va\/wp-json\/wp\/v2\/media?parent=2216"}],"wp:term":[{"taxonomy":"category","embeddable":true,"href":"https:\/\/agendaurbanacastello.es\/va\/wp-json\/wp\/v2\/categories?post=2216"},{"taxonomy":"post_tag","embeddable":true,"href":"https:\/\/agendaurbanacastello.es\/va\/wp-json\/wp\/v2\/tags?post=2216"}],"curies":[{"name":"wp","href":"https:\/\/api.w.org\/{rel}","templated":true}]}}