{"id":2230,"date":"2024-10-30T10:08:19","date_gmt":"2024-10-30T10:08:19","guid":{"rendered":"https:\/\/agendaurbanacastello.es\/?p=2230"},"modified":"2024-10-30T10:09:06","modified_gmt":"2024-10-30T10:09:06","slug":"perte-para-la-digitalizacion-del-ciclo-del-agua-en-castellon","status":"publish","type":"post","link":"https:\/\/agendaurbanacastello.es\/va\/perte-para-la-digitalizacion-del-ciclo-del-agua-en-castellon\/","title":{"rendered":"PERTE para la digitalizaci\u00f3n del ciclo del agua en Castell\u00f3n"},"content":{"rendered":"<h2>Hoy se ha constituido el comit\u00e9 de direcci\u00f3n entre el Ayuntamiento y Facsa para el desarrollo del proyecto<\/h2>\n\n\n\n<p>L' <a href=\"https:\/\/www.castello.es\/va\/\" target=\"_blank\" rel=\"noreferrer noopener\" title=\"Ayuntamiento de Castell\u00f3n\">Ayuntamiento de Castell\u00f3n<\/a> junto con la empresa <a href=\"https:\/\/www.facsa.com\/\" target=\"_blank\" rel=\"noreferrer noopener\" title=\"Facsa\">Facsa<\/a> ha constituido hoy el comit\u00e9 de direcci\u00f3n del proyecto de digitalizaci\u00f3n de los usos del agua, cuya presidencia es asumida por la alcaldesa de la ciudad, Bego\u00f1a Carrasco y ha establecido el cronograma de actuaciones, as\u00ed como el reparto de tareas para su implantaci\u00f3n en junio de 2026.<\/p>\n\n\n\n<p>La alcaldesa de la ciudad, Bego\u00f1a Carrasco ha declarado que \u201choy hemos dado un paso importante para materializar la digitalizaci\u00f3n de la gesti\u00f3n y el uso de los recursos h\u00eddricos en la ciudad de Castell\u00f3n\u201d y explica que \u201ceste proyecto pertenece al <a href=\"https:\/\/www.lamoncloa.gob.es\/consejodeministros\/resumenes\/Documents\/2022\/220322-PERTE_agua_resumen_ejecutivo.pdf\" target=\"_blank\" rel=\"noreferrer noopener\" title=\"PERTE de Digitalizaci\u00f3n del uso del Agua\">PERTE de Digitalizaci\u00f3n del uso del Agua<\/a> y es pionero a nivel nacional dado que es fruto de la colaboraci\u00f3n publico privada entre la administraci\u00f3n local y la empresa Facsa, as\u00ed como es innovador dado que supone el primer paso de la digitalizaci\u00f3n de la administraci\u00f3n local, lo que permitir\u00e1 mejorar en la gesti\u00f3n y en la eficiencia de un recurso tan importante y fundamental como es el agua\u201d.<\/p>\n\n\n\n<p>Para la puesta en marcha de dicho PERTE (Proyectos Estrat\u00e9gicos para la Recuperaci\u00f3n y Transformaci\u00f3n Econ\u00f3mica) hoy se ha constituido el Comit\u00e9 de Direcci\u00f3n presidido por la alcaldesa y compuesto por el concejal de Urbanismo e Infraestructuras, Sergio Toledo, el presidente de Facsa, Enrique Gimeno as\u00ed como la consejera de la empresa, Elena Llopis. A la reuni\u00f3n tambi\u00e9n han asistido el Director General, Jose Claramonte, Director del \u00c1rea de Abastecimiento de Facsa Pascual Maximino, as\u00ed como el director del \u00e1rea de infraestructuras en el Ayuntamiento, Crist\u00f3bal Badenes y la directora de la <a href=\"https:\/\/www.castello.es\/va\/planificacio-i-proyeccio-economica\" target=\"_blank\" rel=\"noreferrer noopener\" title=\"Oficina de Planificaci\u00f3n y Proyecci\u00f3n Econ\u00f3mica\">Oficina de Planificaci\u00f3n y Proyecci\u00f3n Econ\u00f3mica<\/a> en el Ayuntamiento Carmen Vilanova.<\/p>\n\n\n\n<p>Junto a la constituci\u00f3n del Comit\u00e9 de Direcci\u00f3n tambi\u00e9n se ha constituido el comit\u00e9 ejecutivo con la formaci\u00f3n de los equipos de trabajo compuesto por t\u00e9cnicos municipales y se ha verificado la planificaci\u00f3n del proyecto para la ejecuci\u00f3n y seguimiento de los plazos y las tareas asignadas que arrancan a partir de hoy.<\/p>\n\n\n\n<h3>Digitalizaci\u00f3n de la administraci\u00f3n<\/h3>\n\n\n\n<p>Otro de los asuntos abordados en la reuni\u00f3n y destacados por la primera edil es el referente a la digitalizaci\u00f3n. \u201cUno de los aspectos que contempla el PERTE es la puesta en marcha de la plataforma de Ciudad Inteligente y con la gesti\u00f3n del agua estamos dando el primer paso para avanzar en la creaci\u00f3n de un gemelo digital de la ciudad. As\u00ed pues, gracias a esta plataforma junto con la gesti\u00f3n del agua, tambi\u00e9n se podr\u00e1n digitalizar otros recursos como en materia de turismo o de sostenibilidad ambiental, digital\u201d.<\/p>\n\n\n\n<blockquote class=\"wp-block-quote\"><p>Este proyecto contempla todas fases del ciclo del agua, de modo que se digitalizar\u00e1n todos los procesos desde el abastecimiento del agua potable, los sistemas de saneamiento, siguiendo por la gesti\u00f3n y transparencia de la gesti\u00f3n del suministro, as\u00ed podremos tomar decisiones en base a datos concretos y precisos y ofrecer un servicio \u00f3ptimo para los castellonenses.<\/p><cite>Bego\u00f1a Carrasco, alcaldesa de Castell\u00f3n <\/cite><\/blockquote>\n\n\n\n<p>Por su parte, el presidente de Facsa, Enrique Gimeno ha destacado el hito que supone para la ciudad y para la propia compa\u00f1\u00eda haber conseguido este PERTE de digitalizaci\u00f3n del ciclo integral del agua, ya que &#8220;impulsa la transformaci\u00f3n digital de todas las infraestructuras h\u00eddricas de Castell\u00f3n, desde la captaci\u00f3n hasta la depuraci\u00f3n y reutilizaci\u00f3n de las aguas, y representa un gran avance en t\u00e9rminos de eficiencia y transparencia a la ciudadan\u00eda&#8221;.<\/p>\n\n\n\n<p>&#8220;Esto nos va a permitir acelerar las inversiones que ya ten\u00edamos en el proceso de transformaci\u00f3n digital de la ciudad y de todo el entorno del ciclo urbano del agua. Unas inversiones que ponen en valor nuestro compromiso con la capital de la Plana desde hace 150 a\u00f1os\u201d, ha a\u00f1adido Gimeno, quien adem\u00e1s ha subrayado la colaboraci\u00f3n con el Ayuntamiento para que \u201cjuntos podamos seguir dando el suministro que la ciudadan\u00eda de Castell\u00f3n merece\u201d.<\/p>\n\n\n\n<h3>Fondos Europeos<\/h3>\n\n\n\n<p>Cabe recordar que el proyecto de digitalizaci\u00f3n del agua presentado por el gobierno municipal para conseguir su financiaci\u00f3n ha sido el segundo mejor valorado a nivel nacional, entre los 238 proyectos presentados, consiguiendo una financiaci\u00f3n de casi 6 millones de euros procedentes de los fondos Next Generation de la Uni\u00f3n Europea en el marco del <a href=\"https:\/\/planderecuperacion.gob.es\/\" target=\"_blank\" rel=\"noreferrer noopener\" title=\"Plan de Recuperaci\u00f3n, Transformaci\u00f3n y Resiliencia\">Plan de Recuperaci\u00f3n, Transformaci\u00f3n y Resiliencia<\/a>.<\/p>\n\n\n\n<h3>Un proyecto contemplado en el plan de acci\u00f3n de la Agenda Urbana de Castell\u00f3n<\/h3>\n\n\n\n<p>La digitalizaci\u00f3n del ciclo integral del agua es una de las actuaciones contempladas en los 16 proyectos prioritarios definidos en el plan de acci\u00f3n de a <a href=\"https:\/\/agendaurbanacastello.es\/va\/\" target=\"_blank\" rel=\"noreferrer noopener\" title=\"Agenda Urbana de Castell\u00f3n\">Agenda Urbana de Castell\u00f3n<\/a>. Concretamente forma parte del proyecto &#8220;<a href=\"https:\/\/agendaurbanacastello.es\/va\/ficha\/transformacion-digital-urbana\/\" target=\"_blank\" rel=\"noreferrer noopener\" title=\"Transformaci\u00f3 digital urbana\">Transformaci\u00f3 digital urbana<\/a>&#8220;, cuya finalidad es seguir avanzando hacia un modelo de ciudad inteligente e innovador introduciendo nuevas tecnolog\u00edas disruptivas para optimizar y simplificar los procesos internos y facilitar nuevos servicios a la ciudadan\u00eda.<\/p>","protected":false},"excerpt":{"rendered":"<p>Castell\u00f3n y Facsa activan la implantaci\u00f3n del proyecto pionero e innovador del PERTE para la digitalizaci\u00f3n del ciclo del agua y que entre en funcionamiento en 2026<\/p>","protected":false},"author":1,"featured_media":2231,"comment_status":"closed","ping_status":"closed","sticky":false,"template":"","format":"standard","meta":{"_monsterinsights_skip_tracking":false,"_monsterinsights_sitenote_active":false,"_monsterinsights_sitenote_note":"","_monsterinsights_sitenote_category":0},"categories":[1],"tags":[133,62,167,44,60],"acf":[],"_links":{"self":[{"href":"https:\/\/agendaurbanacastello.es\/va\/wp-json\/wp\/v2\/posts\/2230"}],"collection":[{"href":"https:\/\/agendaurbanacastello.es\/va\/wp-json\/wp\/v2\/posts"}],"about":[{"href":"https:\/\/agendaurbanacastello.es\/va\/wp-json\/wp\/v2\/types\/post"}],"author":[{"embeddable":true,"href":"https:\/\/agendaurbanacastello.es\/va\/wp-json\/wp\/v2\/users\/1"}],"replies":[{"embeddable":true,"href":"https:\/\/agendaurbanacastello.es\/va\/wp-json\/wp\/v2\/comments?post=2230"}],"version-history":[{"count":2,"href":"https:\/\/agendaurbanacastello.es\/va\/wp-json\/wp\/v2\/posts\/2230\/revisions"}],"predecessor-version":[{"id":2233,"href":"https:\/\/agendaurbanacastello.es\/va\/wp-json\/wp\/v2\/posts\/2230\/revisions\/2233"}],"wp:featuredmedia":[{"embeddable":true,"href":"https:\/\/agendaurbanacastello.es\/va\/wp-json\/wp\/v2\/media\/2231"}],"wp:attachment":[{"href":"https:\/\/agendaurbanacastello.es\/va\/wp-json\/wp\/v2\/media?parent=2230"}],"wp:term":[{"taxonomy":"category","embeddable":true,"href":"https:\/\/agendaurbanacastello.es\/va\/wp-json\/wp\/v2\/categories?post=2230"},{"taxonomy":"post_tag","embeddable":true,"href":"https:\/\/agendaurbanacastello.es\/va\/wp-json\/wp\/v2\/tags?post=2230"}],"curies":[{"name":"wp","href":"https:\/\/api.w.org\/{rel}","templated":true}]}}