{"id":2261,"date":"2024-11-14T09:03:54","date_gmt":"2024-11-14T09:03:54","guid":{"rendered":"https:\/\/agendaurbanacastello.es\/?p=2261"},"modified":"2024-11-14T09:03:57","modified_gmt":"2024-11-14T09:03:57","slug":"nuevo-comite-de-innovacion-para-impulsar-la-digitalizacion-y-la-ciberseguridad","status":"publish","type":"post","link":"https:\/\/agendaurbanacastello.es\/va\/nuevo-comite-de-innovacion-para-impulsar-la-digitalizacion-y-la-ciberseguridad\/","title":{"rendered":"Nuevo comit\u00e9 de Innovaci\u00f3n para impulsar la digitalizaci\u00f3n y la ciberseguridad"},"content":{"rendered":"<h2>Una colaboraci\u00f3n entre el Ayuntamiento de Castell\u00f3 y la Asociaci\u00f3n de Empresas Tecnol\u00f3gicas de XarxaTec<\/h2>\n\n\n\n<p>L' <a href=\"https:\/\/www.castello.es\/es\/inicio\" target=\"_blank\" rel=\"noreferrer noopener\" title=\"Ajuntament de Castell\u00f3\">Ajuntament de Castell\u00f3<\/a>, a trav\u00e9s de la concejal\u00eda de Modernizaci\u00f3n que dirige el edil Paco Caba\u00f1ero ha constituido un Comit\u00e9 de Innovaci\u00f3n conjuntamente con la <a href=\"https:\/\/xarxatec.com\/\" target=\"_blank\" rel=\"noreferrer noopener\" title=\"Asociaci\u00f3n de Empresas Tecnol\u00f3gicas de Castell\u00f3n XarxaTec\">Asociaci\u00f3n de Empresas Tecnol\u00f3gicas de Castell\u00f3n XarxaTec<\/a>, que ha estado representada por su gerente, Carlos Jaime e Ignacio Llopis secretario, para impulsar la digitalizaci\u00f3n y la ciberseguridad.<\/p>\n\n\n\n<p>As\u00ed lo ha avanzado el edil de Modernizaci\u00f3n quien destaca la importancia de \u201ccolaborar con quienes son expertos en la materia, contamos con el talento castellonense para que el resultado redunde en el mejor servicio a la ciudadan\u00eda. Hoy m\u00e1s que nunca reafirmamos esa colaboraci\u00f3n entre el Ayuntamiento de Castell\u00f3n y la asociaci\u00f3n que aglutina a empresas tecnol\u00f3gicas a Castell\u00f3n con el objetivo de avanzar en materia de digitalizaci\u00f3n de la administraci\u00f3n dando facilidades al ciudadano\u201d.<\/p>\n\n\n\n<p>\u201cEl Comit\u00e9, que cuenta con t\u00e9cnicos municipales del \u00e1rea de Modernizaci\u00f3n y t\u00e9cnicos de Xarxatec ha establecido como uno de los objetivos trabajar de forma coordinada para impulsar la innovaci\u00f3n, la ciberseguridad y la digitalizaci\u00f3n, algo que redundar\u00e1 en la mejora de la seguridad de las plataformas digitales municipales, de manera que se eviten fraudes\u201d, explica el edil.<\/p>\n\n\n\n<p>Asimismo Caba\u00f1ero tambi\u00e9n ha subrayado que \u201cotro de los cometidos que abordaremos en este Comit\u00e9 es dise\u00f1ar una estrategia de acciones espec\u00edficas que atraigan empresas tecnol\u00f3gicas a la ciudad para que se consoliden, con el correspondiente impacto para la creaci\u00f3n de puestos de trabajo en la ciudad\u201d y a\u00f1ade \u201ccon XarxaTec contamos con el asesoramiento de profesionales en la materia que son quienes nos aconsejar\u00e1n sobre la forma m\u00e1s eficiente de conseguir estos objetivos\u201d.<\/p>\n\n\n\n<h3>Cursos en materia de ciberseguridad<\/h3>\n\n\n\n<p>Este Comit\u00e9 de Innovaci\u00f3n arranca con tres charlas que se impartir\u00e1n a lo largo de noviembre y diciembre destinadas a asociaciones y colectivos locales con recomendaciones de seguridad en la red. Abordando aspectos esenciales para preservar datos personales y n\u00fameros de cuenta, as\u00ed como detectar fraudes en internet.<\/p>\n\n\n\n<p>La primera charla tendr\u00e1 lugar el mi\u00e9rcoles 20 de noviembre en el Centro S\u00e9nior de Vida Activa y Saludable y estar\u00e1 dirigida asociaciones y colectivos de personas mayores castellonenses. La segunda charla tendr\u00e1 lugar el mi\u00e9rcoles 27 de noviembre en el edificio Urban y la tercera ser\u00e1 el 4 de diciembre en el Menador, dirigida a entidades ciudadanas, vecinos, colectivos culturales, j\u00f3venes y del \u00e1mbito de las fiestas.<\/p>\n\n\n\n<h3>Una acci\u00f3n incluida en el plan de acci\u00f3n de la Agenda Urbana de Castell\u00f3<\/h3>\n\n\n\n<p>La digitalizaci\u00f3n es clave para el desarrollo sostenible de los n\u00facleos urbanos y para mejorar la calidad de vida de los ciudadanos, se trata de un componente transversal de las pol\u00edticas urbanas actuales que el Ayuntamiento de Castell\u00f3 tiene presente en su gesti\u00f3n diaria.<\/p>\n\n\n\n<p>En esta l\u00ednea, el Plan de Acci\u00f3n de la <a href=\"https:\/\/agendaurbanacastello.es\/va\/\" target=\"_blank\" rel=\"noreferrer noopener\" title=\"l&#039;Agenda Urbana de Castell\u00f3.\">l'Agenda Urbana de Castell\u00f3.<\/a>, cuenta con tres proyectos prioritarios centrados en la digitalizaci\u00f3n. Por una parte, el proyecto &#8220;<a href=\"https:\/\/agendaurbanacastello.es\/va\/ficha\/transformacion-digital-urbana\/\" target=\"_blank\" rel=\"noreferrer noopener\" title=\"Transformaci\u00f3 digital urbana\">Transformaci\u00f3 digital urbana<\/a>&#8220;, que tiene como fin seguir avanzando hacia un modelo de ciudad inteligente e innovador introduciendo nuevas tecnolog\u00edas disruptivas para optimizar y simplificar los procesos internos y facilitar nuevos servicios a la ciudadan\u00eda. <\/p>\n\n\n\n<p>Por la otra, destaca el proyecto &#8220;<a href=\"https:\/\/agendaurbanacastello.es\/va\/ficha\/gemelo-digital-castello\/\" target=\"_blank\" rel=\"noreferrer noopener\" title=\"Gemelo Digital Castell\u00f3\">Gemelo Digital Castell\u00f3<\/a>&#8220;, con el que se est\u00e1 trabajando en el desarrollo de una r\u00e9plica virtual de los principales elementos de la ciudad que permita analizar, modelar, simular y predecir escenarios o elaborar supuestos para una mejor toma de decisiones sobre planificaci\u00f3n y gesti\u00f3n urbana. Actualmente se est\u00e1 llevando a cabo el proyecto  de <a href=\"https:\/\/www.castello.es\/es\/proyectos#contenido4492171\" target=\"_blank\" rel=\"noreferrer noopener\" title=\"Digitalizaci\u00f3n del uso urbano del agua en la ciudad de Castell\u00f3\">Digitalizaci\u00f3n del uso urbano del agua en la ciudad de Castell\u00f3<\/a>, un proyecto financiado con fondos Next Generation en el marco del <a href=\"https:\/\/www.prtr.miteco.gob.es\/es\/perte\/perte-digitalizacion-ciclo-agua.html\" target=\"_blank\" rel=\"noreferrer noopener\" title=\"PERTE del agua del Plan de Recuperaci\u00f3n\">PERTE del agua del Plan de Recuperaci\u00f3n<\/a>, que tiene como fin la digitalizaci\u00f3n del sector urbano del agua de la ciudad transformando y modernizando los sistemas de gesti\u00f3n del agua de forma integrada para todo el ciclo urbano. <\/p>\n\n\n\n<p>Por \u00faltimo, la retenci\u00f3n y la atracci\u00f3n de talento cualificado a la ciudad es otro de los elementos clave para que Castell\u00f3 siga avanzando hacia a un modelo econ\u00f3mico basado en el conocimiento y la innovaci\u00f3n sostenible, tecnol\u00f3gica y social a trav\u00e9s del apoyo al emprendimiento local. Esta es la apuesta del proyecto prioritario &#8220;<a href=\"https:\/\/agendaurbanacastello.es\/va\/ficha\/talento-emprendimiento-industria-y-comercio\/\" target=\"_blank\" rel=\"noreferrer noopener\" title=\"Talent, emprenedoria, ind\u00fastria i comer\u00e7\">Talent, emprenedoria, ind\u00fastria i comer\u00e7<\/a>&#8220;, donde destaca la colaboraci\u00f3n con Xarxatec y otras entidades del tejido empresarial y acad\u00e9mico de la ciudad.   <\/p>\n\n\n\n<p><\/p>","protected":false},"excerpt":{"rendered":"<p>El Ayuntamiento constituye un Comit\u00e9 de Innovaci\u00f3n de la mano de Xarxatec para impulsar la digitalizaci\u00f3n y la ciberseguridad <\/p>","protected":false},"author":1,"featured_media":2262,"comment_status":"closed","ping_status":"closed","sticky":false,"template":"","format":"standard","meta":{"_monsterinsights_skip_tracking":false,"_monsterinsights_sitenote_active":false,"_monsterinsights_sitenote_note":"","_monsterinsights_sitenote_category":0},"categories":[1],"tags":[165,133,67,167,95,60],"acf":[],"_links":{"self":[{"href":"https:\/\/agendaurbanacastello.es\/va\/wp-json\/wp\/v2\/posts\/2261"}],"collection":[{"href":"https:\/\/agendaurbanacastello.es\/va\/wp-json\/wp\/v2\/posts"}],"about":[{"href":"https:\/\/agendaurbanacastello.es\/va\/wp-json\/wp\/v2\/types\/post"}],"author":[{"embeddable":true,"href":"https:\/\/agendaurbanacastello.es\/va\/wp-json\/wp\/v2\/users\/1"}],"replies":[{"embeddable":true,"href":"https:\/\/agendaurbanacastello.es\/va\/wp-json\/wp\/v2\/comments?post=2261"}],"version-history":[{"count":1,"href":"https:\/\/agendaurbanacastello.es\/va\/wp-json\/wp\/v2\/posts\/2261\/revisions"}],"predecessor-version":[{"id":2263,"href":"https:\/\/agendaurbanacastello.es\/va\/wp-json\/wp\/v2\/posts\/2261\/revisions\/2263"}],"wp:featuredmedia":[{"embeddable":true,"href":"https:\/\/agendaurbanacastello.es\/va\/wp-json\/wp\/v2\/media\/2262"}],"wp:attachment":[{"href":"https:\/\/agendaurbanacastello.es\/va\/wp-json\/wp\/v2\/media?parent=2261"}],"wp:term":[{"taxonomy":"category","embeddable":true,"href":"https:\/\/agendaurbanacastello.es\/va\/wp-json\/wp\/v2\/categories?post=2261"},{"taxonomy":"post_tag","embeddable":true,"href":"https:\/\/agendaurbanacastello.es\/va\/wp-json\/wp\/v2\/tags?post=2261"}],"curies":[{"name":"wp","href":"https:\/\/api.w.org\/{rel}","templated":true}]}}