{"id":2277,"date":"2024-09-20T11:29:00","date_gmt":"2024-09-20T11:29:00","guid":{"rendered":"https:\/\/agendaurbanacastello.es\/?p=2277"},"modified":"2024-11-20T12:50:21","modified_gmt":"2024-11-20T12:50:21","slug":"nuevos-vehiculos-tram-para-castello","status":"publish","type":"post","link":"https:\/\/agendaurbanacastello.es\/va\/nuevos-vehiculos-tram-para-castello\/","title":{"rendered":"Nuevos veh\u00edculos TRAM para Castell\u00f3"},"content":{"rendered":"<h2>Cuatro veh\u00edculos para mejorar el transporte p\u00fablico de forma sostenible, eficiente, inteligente y accesible<\/h2>\n\n\n\n<p>La alcaldesa de C<a href=\"https:\/\/www.castello.es\/va\/\" target=\"_blank\" rel=\"noreferrer noopener\" title=\"astell\u00f3n\">astell\u00f3n<\/a>, Bego\u00f1a Carrasco, acompa\u00f1ada por el concejal de Movilidad, Cristian Ram\u00edrez, ha acompa\u00f1ado esta ma\u00f1ana al conseller de <a href=\"https:\/\/mediambient.gva.es\/es\/\" target=\"_blank\" rel=\"noreferrer noopener\" title=\"Medioambiente, Infraestructuras y Territorio\">Medioambiente, Infraestructuras y Territorio<\/a>, Vicente Mart\u00ednez Mus, y a la rectora de la UJI, Eva Alc\u00f3n, en la presentaci\u00f3n de cuatro nuevos veh\u00edculos del TRAM. Una presentaci\u00f3n que ha tenido lugar junto a la parada de la <a href=\"https:\/\/www.uji.es\/\" target=\"_blank\" rel=\"noreferrer noopener\" title=\"Universitat Jaume I\">Universitat Jaume I<\/a>.<\/p>\n\n\n\n<p>Carrasco ha mostrado en primer lugar su \u201csatisfacci\u00f3n por la colaboraci\u00f3n y por la apuesta por Castell\u00f3n de la Conseller\u00eda y esa sensibilidad, como se demuestra el d\u00eda de hoy, con la puesta en funcionamiento de estos nuevos cuatro veh\u00edculos del TRAM, que van a mejorar sus frecuencias y, como hemos podido ver, son eficientes, son sostenibles, son inteligentes y son accesibles\u201d.<\/p>\n\n\n\n<p>La primera edila ha destacado en este sentido que \u201clos nuevos veh\u00edculos van a mejorar la calidad de vida de las personas con discapacidad y del conjunto de los castellonenses a los que queremos invitar a que apuesten por esa movilidad sostenible y por este transporte p\u00fablico\u201d.<\/p>\n\n\n\n<h3>Semana europea de la movilidad <\/h3>\n\n\n\n<p>As\u00ed, ha recordado que esta presentaci\u00f3n se enmarca \u201cdentro de la Semana Europea de la Movilidad, en esa apuesta que queremos hacer por el transporte p\u00fablico\u201d.<\/p>\n\n\n\n<p>\u201cDesde que se puso en funcionamiento el TRAM en 2008, y su posterior conexi\u00f3n con el Grau en diciembre de 2014, 27 millones y medio de usuarios han utilizado este transporte que ya es se\u00f1era de la identidad castellonense\u201d, ha subrayado.<\/p>\n\n\n\n<p>La alcaldesa de Castell\u00f3n ha insistido los agradecimientos a la Generalitat Valenciana y a la conselleria que dirige Mart\u00ednez Mus por el apoyo recibido, al tiempo que ha criticado tambi\u00e9n que con el anterior gobierno \u201cy durante los \u00faltimos ocho a\u00f1os no se haya hecho nada\u201d.<\/p>\n\n\n\n<figure class=\"wp-block-image size-large\"><img loading=\"lazy\" width=\"1024\" height=\"682\" src=\"https:\/\/agendaurbanacastello.es\/wp-content\/uploads\/2024\/11\/Carrasco-nuevos-vehiculos-TRAM-2-1024x682.jpg\" alt=\"\" class=\"wp-image-2280\" srcset=\"https:\/\/agendaurbanacastello.es\/wp-content\/uploads\/2024\/11\/Carrasco-nuevos-vehiculos-TRAM-2-1024x682.jpg 1024w, https:\/\/agendaurbanacastello.es\/wp-content\/uploads\/2024\/11\/Carrasco-nuevos-vehiculos-TRAM-2-300x200.jpg 300w, https:\/\/agendaurbanacastello.es\/wp-content\/uploads\/2024\/11\/Carrasco-nuevos-vehiculos-TRAM-2-768x512.jpg 768w, https:\/\/agendaurbanacastello.es\/wp-content\/uploads\/2024\/11\/Carrasco-nuevos-vehiculos-TRAM-2-1536x1024.jpg 1536w, https:\/\/agendaurbanacastello.es\/wp-content\/uploads\/2024\/11\/Carrasco-nuevos-vehiculos-TRAM-2-2048x1365.jpg 2048w, https:\/\/agendaurbanacastello.es\/wp-content\/uploads\/2024\/11\/Carrasco-nuevos-vehiculos-TRAM-2-18x12.jpg 18w, https:\/\/agendaurbanacastello.es\/wp-content\/uploads\/2024\/11\/Carrasco-nuevos-vehiculos-TRAM-2-365x243.jpg 365w\" sizes=\"(max-width: 1024px) 100vw, 1024px\" \/><figcaption>Presentaci\u00f3n de los nuevos 4 veh\u00edculos para Tram Castell\u00f3<\/figcaption><\/figure>\n\n\n\n<p>Bego\u00f1a Carrasco ha adelantado que \u201cestamos trabajando ya para que nuestro TRAM llegue a las playas el pr\u00f3ximo verano, para una mejor conexi\u00f3n tambi\u00e9n de los castellonenses, coincidiendo con la reforma de la avenida Ferrandis Salvador, que tambi\u00e9n dar\u00e1 una nueva imagen a nuestro paseo mar\u00edtmo y a nuestro litoral\u201d.<\/p>","protected":false},"excerpt":{"rendered":"<p>Una apuesta municipal por mejorar  la calidad de vida de los castellonenses ampliando al oferta de transporte p\u00fablico y sostenible<\/p>","protected":false},"author":1,"featured_media":2279,"comment_status":"closed","ping_status":"closed","sticky":false,"template":"","format":"standard","meta":{"_monsterinsights_skip_tracking":false,"_monsterinsights_sitenote_active":false,"_monsterinsights_sitenote_note":"","_monsterinsights_sitenote_category":0},"categories":[1],"tags":[61,77],"acf":[],"_links":{"self":[{"href":"https:\/\/agendaurbanacastello.es\/va\/wp-json\/wp\/v2\/posts\/2277"}],"collection":[{"href":"https:\/\/agendaurbanacastello.es\/va\/wp-json\/wp\/v2\/posts"}],"about":[{"href":"https:\/\/agendaurbanacastello.es\/va\/wp-json\/wp\/v2\/types\/post"}],"author":[{"embeddable":true,"href":"https:\/\/agendaurbanacastello.es\/va\/wp-json\/wp\/v2\/users\/1"}],"replies":[{"embeddable":true,"href":"https:\/\/agendaurbanacastello.es\/va\/wp-json\/wp\/v2\/comments?post=2277"}],"version-history":[{"count":2,"href":"https:\/\/agendaurbanacastello.es\/va\/wp-json\/wp\/v2\/posts\/2277\/revisions"}],"predecessor-version":[{"id":2281,"href":"https:\/\/agendaurbanacastello.es\/va\/wp-json\/wp\/v2\/posts\/2277\/revisions\/2281"}],"wp:featuredmedia":[{"embeddable":true,"href":"https:\/\/agendaurbanacastello.es\/va\/wp-json\/wp\/v2\/media\/2279"}],"wp:attachment":[{"href":"https:\/\/agendaurbanacastello.es\/va\/wp-json\/wp\/v2\/media?parent=2277"}],"wp:term":[{"taxonomy":"category","embeddable":true,"href":"https:\/\/agendaurbanacastello.es\/va\/wp-json\/wp\/v2\/categories?post=2277"},{"taxonomy":"post_tag","embeddable":true,"href":"https:\/\/agendaurbanacastello.es\/va\/wp-json\/wp\/v2\/tags?post=2277"}],"curies":[{"name":"wp","href":"https:\/\/api.w.org\/{rel}","templated":true}]}}