{"id":2322,"date":"2024-12-05T12:46:00","date_gmt":"2024-12-05T12:46:00","guid":{"rendered":"https:\/\/agendaurbanacastello.es\/?p=2322"},"modified":"2024-12-09T13:09:05","modified_gmt":"2024-12-09T13:09:05","slug":"nuevo-reglamento-bicicas","status":"publish","type":"post","link":"https:\/\/agendaurbanacastello.es\/va\/nuevo-reglamento-bicicas\/","title":{"rendered":"Nuevo Reglamento Bicicas"},"content":{"rendered":"<h2>El nuevo sistema de pr\u00e9stamo de bicicletas cuenta con un dise\u00f1o modular que permite una mayor adaptaci\u00f3n en tiempo real a la demanda<\/h2>\n\n\n\n<p>La Junta de Gobierno Local del <a href=\"https:\/\/www.castello.es\/es\/inicio\" target=\"_blank\" rel=\"noreferrer noopener\" title=\"l&#039;Ajuntament de Castell\u00f3 de la Plana\">l'Ajuntament de Castell\u00f3 de la Plana<\/a> ha aprobado el proyecto de Reglamento del servicio municipal de pr\u00e9stamo de bicicletas<a href=\"https:\/\/www.bicicas.es\/\" target=\"_blank\" rel=\"noreferrer noopener\" title=\" Bicicas\"> Bicicas<\/a> y su formulaci\u00f3n al pleno.<\/p>\n\n\n\n<p>El concejal portavoz del equipo de gobierno, Vicent Sales, ha explicado en rueda de prensa que \u201cuna vez aprobado por el pleno se expondr\u00e1 al p\u00fablico durante un plazo de 30 d\u00edas para la presentaci\u00f3n de reclamaciones y sugerencias y publicar el texto en el Bolet\u00edn Oficial de la Provincia y en la web municipal y entenderlo definitivamente aprobado\u201d.<\/p>\n\n\n\n<p>El nuevo sistema de pr\u00e9stamo cuenta con un dise\u00f1o modular que permite una mayor adaptaci\u00f3n en tiempo real a la demanda y la renovaci\u00f3n de 500 bicicletas en 62 bases, cuyo pr\u00e9stamo se realizar\u00e1 directamente a trav\u00e9s de una App propia.<\/p>\n\n\n\n<p>El portavoz ha afirmado que \u201cel uso de la bicicleta se ha convertido en los \u00faltimos a\u00f1os en uno de los modos de transporte m\u00e1s utilizados por la ciudadan\u00eda, destacando su incremento en las zonas urbanas y en Castell\u00f3, desde el a\u00f1o 2008, fuimos una de las ciudades pioneras en la puesta en marcha de este sistema de movilidad sostenible con la bici como protagonista. Algo que va tambi\u00e9n en concordancia con el nuevo Plan de Movilidad Urbana Sostenible municipal\u201d.<\/p>\n\n\n\n<p>Sales ha recordado el dato de que \u201cCastell\u00f3n es la tercera capital de Espa\u00f1a que m\u00e1s kil\u00f3metros de carril bici tiene por habitante, con un total de 85 kil\u00f3metros ciclables\u201d.<\/p>\n\n\n\n<figure class=\"wp-block-image\"><img src=\"https:\/\/www.castellonturismo.com\/wp-content\/uploads\/2022\/04\/bicicas.jpg\" alt=\"\"\/><\/figure>\n\n\n\n<h3>Bicicas, movilidad urbana en bicicleta<\/h3>\n\n\n\n<p>Bicicas es un servicio municipal de movilidad basado en el pr\u00e9stamo de bicicletas para facilitar los desplazamientos dentro del t\u00e9rmino de Castell\u00f3 de la Plana.<\/p>\n\n\n\n<p>Este servicio tiene como principal objetivo ofrecer a la ciudadan\u00eda una opci\u00f3n de transporte r\u00e1pida, flexible, pr\u00e1ctica, econ\u00f3mica y saludable. Para ello Bicicas ofrece una red de puntos automatizados de aparca-bicicletas repartidos por toda el \u00e1rea metropolitana.<\/p>\n\n\n\n<h3>Una actuaci\u00f3n prioritaria en el plan de acci\u00f3n de la Agenda Urbana local<\/h3>\n\n\n\n<p>La &#8220;<a href=\"https:\/\/agendaurbanacastello.es\/va\/ficha\/movilidad-urbana-multimodal-sostenible\/\" target=\"_blank\" rel=\"noreferrer noopener\" title=\"Movilidad urbana multimodal y sostenible\">Movilidad urbana multimodal y sostenible<\/a>&#8221; es uno de los diecis\u00e9is proyectos prioritarios del plan de acci\u00f3n de la Agenda Urbana de Castell\u00f3. Un conjunto de actuaciones  que tiene como finalidad identificar y desplegar distintos nodos de movilidad en la ciudad de Castell\u00f3, teniendo entres sus objetivos continuar la promoci\u00f3n de los modos sostenibles de movilidad, impulsando tanto los recorridos peatonales como el uso de la bicicleta.<\/p>","protected":false},"excerpt":{"rendered":"<p>La Junta de Gobierno Local ha aprobado el proyecto de Reglamento del servicio municipal de pr\u00e9stamo de bicicletas Bicicas y su formulaci\u00f3n al pleno<\/p>","protected":false},"author":1,"featured_media":2323,"comment_status":"closed","ping_status":"closed","sticky":false,"template":"","format":"standard","meta":{"_monsterinsights_skip_tracking":false,"_monsterinsights_sitenote_active":false,"_monsterinsights_sitenote_note":"","_monsterinsights_sitenote_category":0},"categories":[1],"tags":[179,61,178,77,180],"acf":[],"_links":{"self":[{"href":"https:\/\/agendaurbanacastello.es\/va\/wp-json\/wp\/v2\/posts\/2322"}],"collection":[{"href":"https:\/\/agendaurbanacastello.es\/va\/wp-json\/wp\/v2\/posts"}],"about":[{"href":"https:\/\/agendaurbanacastello.es\/va\/wp-json\/wp\/v2\/types\/post"}],"author":[{"embeddable":true,"href":"https:\/\/agendaurbanacastello.es\/va\/wp-json\/wp\/v2\/users\/1"}],"replies":[{"embeddable":true,"href":"https:\/\/agendaurbanacastello.es\/va\/wp-json\/wp\/v2\/comments?post=2322"}],"version-history":[{"count":1,"href":"https:\/\/agendaurbanacastello.es\/va\/wp-json\/wp\/v2\/posts\/2322\/revisions"}],"predecessor-version":[{"id":2324,"href":"https:\/\/agendaurbanacastello.es\/va\/wp-json\/wp\/v2\/posts\/2322\/revisions\/2324"}],"wp:featuredmedia":[{"embeddable":true,"href":"https:\/\/agendaurbanacastello.es\/va\/wp-json\/wp\/v2\/media\/2323"}],"wp:attachment":[{"href":"https:\/\/agendaurbanacastello.es\/va\/wp-json\/wp\/v2\/media?parent=2322"}],"wp:term":[{"taxonomy":"category","embeddable":true,"href":"https:\/\/agendaurbanacastello.es\/va\/wp-json\/wp\/v2\/categories?post=2322"},{"taxonomy":"post_tag","embeddable":true,"href":"https:\/\/agendaurbanacastello.es\/va\/wp-json\/wp\/v2\/tags?post=2322"}],"curies":[{"name":"wp","href":"https:\/\/api.w.org\/{rel}","templated":true}]}}