{"id":2351,"date":"2025-01-10T08:06:00","date_gmt":"2025-01-10T08:06:00","guid":{"rendered":"https:\/\/agendaurbanacastello.es\/?p=2351"},"modified":"2025-01-14T08:38:22","modified_gmt":"2025-01-14T08:38:22","slug":"el-renovado-mercado-de-san-antonio-abre-sus-puertas","status":"publish","type":"post","link":"https:\/\/agendaurbanacastello.es\/va\/el-renovado-mercado-de-san-antonio-abre-sus-puertas\/","title":{"rendered":"El renovado Mercado de San Antonio abre sus puertas"},"content":{"rendered":"<h2>Carrasco visita el mercado y destaca  su apuesta por hacer de Castell\u00f3n una ciudad viva a trav\u00e9s del comercio de proximidad<\/h2>\n\n\n\n<p>La alcaldesa de Castell\u00f3n, Bego\u00f1a Carrasco, ha visitado esta ma\u00f1ana el <a href=\"https:\/\/comerciocastellon.es\/es\/mercados-municipales\/mercado-san-antonio\" target=\"_blank\" rel=\"noreferrer noopener\" title=\"Mercado de San Antonio\">Mercado de San Antonio<\/a>, acompa\u00f1ada por el concejal de Urbanismo, Sergio Toledo, y el concejal de Comercio y Consumo, Alberto Vidal, una vez concluidos los trabajos de renovaci\u00f3n de este emblem\u00e1tico espacio de venta, que ha contado con una inversi\u00f3n de 372.374,25 euros, a trav\u00e9s de los fondos europeos del <a href=\"https:\/\/planderecuperacion.gob.es\/\" target=\"_blank\" rel=\"noreferrer noopener\" title=\"Plan de Recuperaci\u00f3n, Transformaci\u00f3n y Resiliencia\">Plan de Recuperaci\u00f3n, Transformaci\u00f3n y Resiliencia<\/a> y una plazo de ejecuci\u00f3n de cinco meses.<\/p>\n\n\n\n<p>Carrasco ha destacado que \u201cel Mercado de San Antonio es uno de los espacios m\u00e1s emblem\u00e1ticos de Castell\u00f3n. Con esta nueva reforma vuelve a ser de nuevo punto de encuentro para miles de vecinos y representa la apuesta del equipo de gobierno por una ciudad viva a trav\u00e9s de nuestro comercio tradicional\u201d.<\/p>\n\n\n\n<blockquote class=\"wp-block-quote\"><p>El Mercado de San Antonio  es fundamental para el d\u00eda a d\u00eda del barrio y para la dinamizaci\u00f3n comercial y econ\u00f3mica. Un mercado que es tambi\u00e9n nexo de uni\u00f3n con el centro de la ciudad. <\/p><cite>Bego\u00f1a Carrasco, alcaldesa de Castell\u00f3n<\/cite><\/blockquote>\n\n\n\n<p>La primera edila tambi\u00e9n ha recordado que \u201cse trata de una obra que se incluye en el Plan de Remodelaci\u00f3n de Mercados Municipales del <a href=\"https:\/\/www.castello.es\/es\/\" target=\"_blank\" rel=\"noreferrer noopener\" title=\"Ajuntament\">Ajuntament<\/a>, donde ya est\u00e1 finalizada la reforma de Abastos, Refeyme y la pr\u00f3xima remodelaci\u00f3n integral del Mercado Central\u201d.<\/p>\n\n\n\n<h3>Cumpliendo con la palabra dada<\/h3>\n\n\n\n<p>La m\u00e1xima representante municipal ha recordado que \u201ccon esta remodelaci\u00f3n hemos vuelto a cumplir con la palabra dada a los vecinos, comerciantes y proveedores, de devolver a la actividad al mercado antes de la pasada Navidad, como as\u00ed fue y pudimos comprobar en persona\u201d.<\/p>\n\n\n\n<p>Carrasco ha insistido en que \u201cun ingrediente b\u00e1sico en el desarrollo de esta remodelaci\u00f3n ha sido la escucha activa y la participaci\u00f3n ciudadana. Compartiendo la informaci\u00f3n del proyecto y yendo de la mano de vendedores, abastecedores y clientes. Con transparencia y di\u00e1logo permanente atendiendo a todas las partes implicadas, lo que ha permitido aprovechar al m\u00e1ximo la actividad comercial de los diferentes puestos, acelerando las obras m\u00e1s importantes durante el mes de agosto de cierre\u201d.<\/p>\n\n\n\n<figure class=\"wp-block-image size-large\"><img loading=\"lazy\" width=\"1024\" height=\"683\" src=\"https:\/\/agendaurbanacastello.es\/wp-content\/uploads\/2025\/01\/Carrasco-visita-Mercado-de-San-Antonio-2-1024x683.jpg\" alt=\"\" class=\"wp-image-2354\" srcset=\"https:\/\/agendaurbanacastello.es\/wp-content\/uploads\/2025\/01\/Carrasco-visita-Mercado-de-San-Antonio-2-1024x683.jpg 1024w, https:\/\/agendaurbanacastello.es\/wp-content\/uploads\/2025\/01\/Carrasco-visita-Mercado-de-San-Antonio-2-300x200.jpg 300w, https:\/\/agendaurbanacastello.es\/wp-content\/uploads\/2025\/01\/Carrasco-visita-Mercado-de-San-Antonio-2-768x512.jpg 768w, https:\/\/agendaurbanacastello.es\/wp-content\/uploads\/2025\/01\/Carrasco-visita-Mercado-de-San-Antonio-2-1536x1024.jpg 1536w, https:\/\/agendaurbanacastello.es\/wp-content\/uploads\/2025\/01\/Carrasco-visita-Mercado-de-San-Antonio-2-2048x1366.jpg 2048w, https:\/\/agendaurbanacastello.es\/wp-content\/uploads\/2025\/01\/Carrasco-visita-Mercado-de-San-Antonio-2-18x12.jpg 18w, https:\/\/agendaurbanacastello.es\/wp-content\/uploads\/2025\/01\/Carrasco-visita-Mercado-de-San-Antonio-2-365x243.jpg 365w\" sizes=\"(max-width: 1024px) 100vw, 1024px\" \/><figcaption>Visita del equipo de gobierno de Castell\u00f3n al renovado Mercado de San Antonio <\/figcaption><\/figure>\n\n\n\n<h3>M\u00e1s de 1.000 m\u00b2 de cer\u00e1mica<\/h3>\n\n\n\n<p>La alcaldesa de Castell\u00f3n ha subrayado tambi\u00e9n que \u201cSupone tambi\u00e9n una nueva apuesta por el uso de la cer\u00e1mica, que cubre m\u00e1s de 1.000 m\u00b2, para que el material castellonense por excelencia tenga protagonismo y demuestre su belleza y su versatilidad. Tanto en el interior como en el exterior, con nueva celos\u00eda que embellece y aligera la estructura. Adem\u00e1s, en el interior tambi\u00e9n destaca el nuevo pavimento de gres porcel\u00e1nico junto a los alicatados que vemos en los diferentes puestos que, junto con la retirada del falso techo, hacen ganar en espacio y luminosidad al conjunto del mercado\u201d.<\/p>\n\n\n\n<p>\u201cDesde el Ayuntamiento apostamos por hacer de la cer\u00e1mica la piel de nuestra ciudad y apostar por ello y promover su uso en las obras p\u00fablicas. Tambi\u00e9n lo ser\u00e1 en proyectos durante este a\u00f1o como la remodelaci\u00f3n de la avenida Ferrandis Salvador, o en los nuevos CEIP Elcano y el CEIP Mestre Can\u00f3s donde la cer\u00e1mica tambi\u00e9n tendr\u00e1 un gran protagonismo\u201d, ha resaltado.<\/p>\n\n\n\n<figure class=\"wp-block-image size-large\"><img loading=\"lazy\" width=\"1024\" height=\"768\" src=\"https:\/\/agendaurbanacastello.es\/wp-content\/uploads\/2025\/01\/exterior-1024x768.jpg\" alt=\"\" class=\"wp-image-2352\" srcset=\"https:\/\/agendaurbanacastello.es\/wp-content\/uploads\/2025\/01\/exterior-1024x768.jpg 1024w, https:\/\/agendaurbanacastello.es\/wp-content\/uploads\/2025\/01\/exterior-300x225.jpg 300w, https:\/\/agendaurbanacastello.es\/wp-content\/uploads\/2025\/01\/exterior-768x576.jpg 768w, https:\/\/agendaurbanacastello.es\/wp-content\/uploads\/2025\/01\/exterior-1536x1152.jpg 1536w, https:\/\/agendaurbanacastello.es\/wp-content\/uploads\/2025\/01\/exterior-2048x1536.jpg 2048w, https:\/\/agendaurbanacastello.es\/wp-content\/uploads\/2025\/01\/exterior-16x12.jpg 16w\" sizes=\"(max-width: 1024px) 100vw, 1024px\" \/><figcaption>Exterior del renovado Mercado de San Antonio en Castell\u00f3n de la Plana<\/figcaption><\/figure>\n\n\n\n<h3>Todos los puestos en marcha<\/h3>\n\n\n\n<p>Este renovado Mercado de San Antonio tiene todos sus puestos adjudicados y con m\u00e1s prestaciones, como persianas con cierres individuales que permiten una mayor flexibilidad horaria y permite otras opciones de venta diferente, como degustaciones. <\/p>\n\n\n\n<p>Dentro de la oferta comercial se encuentran hasta 10 puestos de venta con productos que van desde aceitunas y salazones; charcuter\u00eda; frutas y verduras; jamones y embutidos; pescader\u00eda, una nueva cafeter\u00eda- churrer\u00eda o un puesto con comidas para llevar. Adem\u00e1s cuenta con una zona central de degustaci\u00f3n con mesas, ba\u00f1os adaptados y accesibles y un cuarto destinado a limpieza y residuos, sumando una superficie de 374 m\u00b2.<\/p>\n\n\n\n<p>Este mercado es uno de los 11 puntos de la ciudad donde est\u00e1n instaladas taquillas inteligentes para facilitar las compras de sus clientes. En este sentido, Carrasco ha destacado la instalaci\u00f3n de estos elementos \u201cpara que nuestros mercados puedan competir con las grandes plataformas de venta en una apuesta tambi\u00e9n por la modernizaci\u00f3n de nuestro comercio tradicional\u201d.<\/p>\n\n\n\n<p>La alcaldesa tambi\u00e9n ha querido resaltar que \u201cel Mercado de Sant Antoni naci\u00f3 en los a\u00f1os 60 y hoy, por f\u00edn, podemos decir que est\u00e1 adaptado plenamente al S.XXI, en cuanto a accesibilidad, eficiencia energ\u00e9tica y seguridad, abri\u00e9ndose tambi\u00e9n a nuevos tipos de usos como el gastron\u00f3mico o tur\u00edstico, que aumentar\u00e1n su actividad\u201d.<\/p>\n\n\n\n<h3>Financiaci\u00f3n europea<\/h3>\n\n\n\n<p>Cabe destacar que esta remodelaci\u00f3n se trata de una de las actuaciones ejecutadas dentro del proyecto &#8220;Apoyo a mercados, zonas urbanas comerciales, comercio no sedentario y canales cortos de comercializaci\u00f3n&#8221; cofinanciadas con Fondos Europeos &#8220;Next Generation&#8221; en el marco del <a href=\"https:\/\/planderecuperacion.gob.es\/\" target=\"_blank\" rel=\"noreferrer noopener\" title=\"Plan de Recuperaci\u00f3n, Transformaci\u00f3n y Resiliencia\">Plan de Recuperaci\u00f3n, Transformaci\u00f3n y Resiliencia<\/a>.<\/p>\n\n\n\n<p>Una convocatoria promovida desde el <a href=\"https:\/\/portal.mineco.gob.es\/es-es\/Paginas\/index.aspx\" target=\"_blank\" rel=\"noreferrer noopener\" title=\"Ministerio de Econom\u00eda, Comercio y Empresa\">Ministerio de Econom\u00eda, Comercio y Empresa<\/a> que tiene como fin apoyar e impulsar en las entidades locales mejoras en la modernizaci\u00f3n, a trav\u00e9s de la transformaci\u00f3n digital y sostenible, de los canales de distribuci\u00f3n, mercados municipales, \u00e1reas comerciales, mercados de venta no sedentaria y canales cortos de comercializaci\u00f3n.<\/p>\n\n\n\n<p>En el caso del Mercado de San Antonio de Castell\u00f3n, la financiaci\u00f3n que llega desde la Uni\u00f3n Europea es del 80% del total de la obra, ascendiendo a 297.899,40 euros, mientras que la parte que aporta el Ayuntamiento es del 20% con 74.474,85 euros.<\/p>\n\n\n\n<figure class=\"wp-block-image size-large\"><img loading=\"lazy\" width=\"1024\" height=\"682\" src=\"https:\/\/agendaurbanacastello.es\/wp-content\/uploads\/2025\/01\/interior-1024x682.jpg\" alt=\"\" class=\"wp-image-2355\" srcset=\"https:\/\/agendaurbanacastello.es\/wp-content\/uploads\/2025\/01\/interior-1024x682.jpg 1024w, https:\/\/agendaurbanacastello.es\/wp-content\/uploads\/2025\/01\/interior-300x200.jpg 300w, https:\/\/agendaurbanacastello.es\/wp-content\/uploads\/2025\/01\/interior-768x512.jpg 768w, https:\/\/agendaurbanacastello.es\/wp-content\/uploads\/2025\/01\/interior-1536x1023.jpg 1536w, https:\/\/agendaurbanacastello.es\/wp-content\/uploads\/2025\/01\/interior-18x12.jpg 18w, https:\/\/agendaurbanacastello.es\/wp-content\/uploads\/2025\/01\/interior-365x243.jpg 365w, https:\/\/agendaurbanacastello.es\/wp-content\/uploads\/2025\/01\/interior.jpg 1600w\" sizes=\"(max-width: 1024px) 100vw, 1024px\" \/><figcaption>Detalle de la iluminaci\u00f3n del interior del renovado Mercado de San Antonio <\/figcaption><\/figure>\n\n\n\n<h3>Una actuaci\u00f3n dentro del plan de acci\u00f3n de la Agenda Urbana de Castell\u00f3n<\/h3>\n\n\n\n<p>Tras un proceso de definici\u00f3n y elaboraci\u00f3n participado por la ciudadan\u00eda y los principales agentes sociales, econ\u00f3micos y acad\u00e9micos de la ciudad, el plan de acci\u00f3n de la<a href=\"https:\/\/agendaurbanacastello.es\/va\/\" target=\"_blank\" rel=\"noreferrer noopener\">&nbsp;Agenda Urbana de Castell\u00f3n<\/a>&nbsp;est\u00e1 formado por 16 proyectos prioritarios dise\u00f1ados para transformar el entorno urbano bajo criterios de sostenibilidad econ\u00f3mica, ambiental y social.<\/p>\n\n\n\n<p>Entre los proyectos prioritarios destaca la iniciativa \u201c<a href=\"https:\/\/agendaurbanacastello.es\/va\/ficha\/talento-emprendimiento-industria-y-comercio\/\" target=\"_blank\" rel=\"noreferrer noopener\">Talent, emprenedoria, ind\u00fastria i comer\u00e7<\/a>\u201d que tiene como fin seguir apostando por un modelo econ\u00f3mico basado en el conocimiento y la innovaci\u00f3n sostenible, tecnol\u00f3gica y social a trav\u00e9s del apoyo al emprendimiento local. Una de las actuaciones contempladas en el marco de este proyecto prioritario es la rehabilitaci\u00f3n de edificios municipales destinados al uso del comercio.<\/p>\n\n\n\n<p><\/p>","protected":false},"excerpt":{"rendered":"<p>Las obras de remodelaci\u00f3n del edifico han contado con una inversi\u00f3n de 372.374,25 euros, cofinanciada con Fondos Europeos &#8220;Next Generation&#8221; en el marco del Plan de Recuperaci\u00f3n, Transformaci\u00f3n y Resiliencia<\/p>","protected":false},"author":1,"featured_media":2353,"comment_status":"closed","ping_status":"closed","sticky":false,"template":"","format":"standard","meta":{"_monsterinsights_skip_tracking":false,"_monsterinsights_sitenote_active":false,"_monsterinsights_sitenote_note":"","_monsterinsights_sitenote_category":0},"categories":[1],"tags":[86,142,141,143,45,48,44,95],"acf":[],"_links":{"self":[{"href":"https:\/\/agendaurbanacastello.es\/va\/wp-json\/wp\/v2\/posts\/2351"}],"collection":[{"href":"https:\/\/agendaurbanacastello.es\/va\/wp-json\/wp\/v2\/posts"}],"about":[{"href":"https:\/\/agendaurbanacastello.es\/va\/wp-json\/wp\/v2\/types\/post"}],"author":[{"embeddable":true,"href":"https:\/\/agendaurbanacastello.es\/va\/wp-json\/wp\/v2\/users\/1"}],"replies":[{"embeddable":true,"href":"https:\/\/agendaurbanacastello.es\/va\/wp-json\/wp\/v2\/comments?post=2351"}],"version-history":[{"count":2,"href":"https:\/\/agendaurbanacastello.es\/va\/wp-json\/wp\/v2\/posts\/2351\/revisions"}],"predecessor-version":[{"id":2357,"href":"https:\/\/agendaurbanacastello.es\/va\/wp-json\/wp\/v2\/posts\/2351\/revisions\/2357"}],"wp:featuredmedia":[{"embeddable":true,"href":"https:\/\/agendaurbanacastello.es\/va\/wp-json\/wp\/v2\/media\/2353"}],"wp:attachment":[{"href":"https:\/\/agendaurbanacastello.es\/va\/wp-json\/wp\/v2\/media?parent=2351"}],"wp:term":[{"taxonomy":"category","embeddable":true,"href":"https:\/\/agendaurbanacastello.es\/va\/wp-json\/wp\/v2\/categories?post=2351"},{"taxonomy":"post_tag","embeddable":true,"href":"https:\/\/agendaurbanacastello.es\/va\/wp-json\/wp\/v2\/tags?post=2351"}],"curies":[{"name":"wp","href":"https:\/\/api.w.org\/{rel}","templated":true}]}}