{"id":2358,"date":"2025-01-09T08:46:00","date_gmt":"2025-01-09T08:46:00","guid":{"rendered":"https:\/\/agendaurbanacastello.es\/?p=2358"},"modified":"2025-01-14T09:50:48","modified_gmt":"2025-01-14T09:50:48","slug":"castellon-se-convierte-en-capital-mundial-del-balonmano","status":"publish","type":"post","link":"https:\/\/agendaurbanacastello.es\/va\/castellon-se-convierte-en-capital-mundial-del-balonmano\/","title":{"rendered":"Castell\u00f3n se convierte en capital mundial del balonmano"},"content":{"rendered":"<h2>La celebraci\u00f3n del Trofeo Internacional Espa\u00f1a 2025 con la participaci\u00f3n de los \u2018Hispanos\u2019 es otra apuesta por convertir Castell\u00f3n en capital del deporte<\/h2>\n\n\n\n<p>La alcaldesa de Castell\u00f3n, Bego\u00f1a Carrasco, acompa\u00f1ada por el presidente de la <a href=\"https:\/\/www.rfebm.com\/\" target=\"_blank\" rel=\"noreferrer noopener\" title=\"Real Federaci\u00f3n Espa\u00f1ola de Balonmano\">Real Federaci\u00f3n Espa\u00f1ola de Balonmano<\/a>, Francisco Bl\u00e1zquez, el director general de Deportes, Luis Cervera; la concejala de Deportes, Maica Hurtado, y el vicepresidente del Patronato Municipal de Deportes, Antonio Ortol\u00e1, ha presidido esta ma\u00f1ana en el Sal\u00f3n de Plenos del Ayuntamiento la recepci\u00f3n oficial a una nutrida representaci\u00f3n de las delegaciones de las seis selecciones nacionales participantes en el Torneo Internacional de Espa\u00f1a 2025 (TIE 2025) de balonmano, que se disputa en el pabell\u00f3n Ciutat de Castell\u00f3 hasta el pr\u00f3ximo s\u00e1bado 11 de enero.<\/p>\n\n\n\n<p>As\u00ed, han sido representantes de los combinados de Ruman\u00eda, Noruega, Eslovaquia, Egipto y Argentina, adem\u00e1s de la delegaci\u00f3n de los \u2018Hispanos\u2019, quienes han visitado hoy el <a href=\"https:\/\/www.castello.es\/es\/\" target=\"_blank\" rel=\"noreferrer noopener\" title=\"Ajuntament\">Ajuntament<\/a> de la capital.<\/p>\n\n\n\n<p>Carrasco ha comenzado su discurso \u201cagradeciendo, de manera especial, a la Real Federaci\u00f3n Espa\u00f1ola de Balonmano y a su presidente, que podamos disfrutar de este TIE 2025 en nuestro Pabell\u00f3n Ciutat de Castell\u00f3, uno de los emblemas del deporte en nuestra ciudad y en toda la Comunitat Valenciana\u201d.<\/p>\n\n\n\n<h3>Colaboraci\u00f3n institucional<\/h3>\n\n\n\n<p>Del mismo modo, Carrasco no ha querido olvidar \u201cla contribuci\u00f3n y el apoyo de otras instituciones como la<a href=\"https:\/\/fbmcv.es\/\" target=\"_blank\" rel=\"noreferrer noopener\" title=\" Federaci\u00f3n de Balonmano de la Comunidad Valenciana\"> Federaci\u00f3n de Balonmano de la Comunidad Valenciana<\/a>, el <a href=\"https:\/\/www.balonmanocastellon.com\/\" target=\"_blank\" rel=\"noreferrer noopener\" title=\"Club Deportivo Balonmano Castell\u00f3n\">Club Deportivo Balonmano Castell\u00f3n<\/a>, la <a href=\"https:\/\/www.gva.es\/es\/inicio\/presentacion\" target=\"_blank\" rel=\"noreferrer noopener\" title=\"Generalitat Valenciana\">Generalitat Valenciana<\/a> i <a href=\"https:\/\/www.dipcas.es\/es\/\" target=\"_blank\" rel=\"noreferrer noopener\" title=\"Diputaci\u00f3n de Castell\u00f3\">Diputaci\u00f3n de Castell\u00f3<\/a> sin las que la celebraci\u00f3n de esta cita con el mejor balonmano internacional no ser\u00eda posible. Esta recepci\u00f3n tambi\u00e9n quiere simbolizar esa uni\u00f3n entre las administraciones y el Deporte, que permite que lleguen a la ciudadan\u00eda competiciones del m\u00e1s alto nivel como esta\u201d.<\/p>\n\n\n\n<p>As\u00ed, la primera edila ha recordado que \u201cel balonmano de \u00e9lite hizo vibrar ya a nuestra ciudad con la disputa del Mundial Femenino en 2021, donde fuimos una de las sedes junto a Granollers y Torrevieja. Un balonmano que es, sin duda, uno de los deportes de equipo con m\u00e1s tradici\u00f3n en nuestra capital, con figuras como el a\u00f1orado Rafa Mart\u00ed, presidente del Balonmano Castell\u00f3n, y que fue pieza clave no s\u00f3lo a nivel de su club sino para todo el deporte castellonense en las \u00faltimas d\u00e9cadas\u201d.<\/p>\n\n\n\n<figure class=\"wp-block-image size-large\"><img loading=\"lazy\" width=\"1024\" height=\"683\" src=\"https:\/\/agendaurbanacastello.es\/wp-content\/uploads\/2025\/01\/Carrasco-recepcion-Hispanos-2-1024x683.jpg\" alt=\"\" class=\"wp-image-2361\" srcset=\"https:\/\/agendaurbanacastello.es\/wp-content\/uploads\/2025\/01\/Carrasco-recepcion-Hispanos-2-1024x683.jpg 1024w, https:\/\/agendaurbanacastello.es\/wp-content\/uploads\/2025\/01\/Carrasco-recepcion-Hispanos-2-300x200.jpg 300w, https:\/\/agendaurbanacastello.es\/wp-content\/uploads\/2025\/01\/Carrasco-recepcion-Hispanos-2-768x512.jpg 768w, https:\/\/agendaurbanacastello.es\/wp-content\/uploads\/2025\/01\/Carrasco-recepcion-Hispanos-2-1536x1024.jpg 1536w, https:\/\/agendaurbanacastello.es\/wp-content\/uploads\/2025\/01\/Carrasco-recepcion-Hispanos-2-2048x1366.jpg 2048w, https:\/\/agendaurbanacastello.es\/wp-content\/uploads\/2025\/01\/Carrasco-recepcion-Hispanos-2-18x12.jpg 18w, https:\/\/agendaurbanacastello.es\/wp-content\/uploads\/2025\/01\/Carrasco-recepcion-Hispanos-2-365x243.jpg 365w\" sizes=\"(max-width: 1024px) 100vw, 1024px\" \/><figcaption>Recepci\u00f3n en el Ayuntamiento de Castell\u00f3n de la Plana<\/figcaption><\/figure>\n\n\n\n<h3>Deporte como elemento dinamizador<\/h3>\n\n\n\n<p>\u201cEl Deporte es parte indispensable hoy en d\u00eda del desarrollo de nuestras ciudades, de nuestra sociedad\u201d, ha asegurado la alcaldesa. \u201cA trav\u00e9s del Deporte cuidamos de nuestra salud f\u00edsica y mental. Y el deporte tambi\u00e9n es inclusi\u00f3n y sirve para derribar barreras\u201d.<\/p>\n\n\n\n<p>\u201cNo podemos olvidar que las competiciones deportivas, como este Torneo Internacional de balonmano, son tambi\u00e9n un gran dinamizador econ\u00f3mico. Porque mueven a mucha gente alrededor, que se traduce en pernoctaciones, reservas en hoteles y restaurantes, compras en comercios, que tienen un importante impacto econ\u00f3mico\u201d, ha a\u00f1adido.<\/p>\n\n\n\n<h3>Castell\u00f3n Capital del Deporte<\/h3>\n\n\n\n<p>Bego\u00f1a Carrasco ha insistido en que \u201cdesde el Ayuntamiento de Castell\u00f3n estamos trabajando para seguir aprovechando al m\u00e1ximo todo ese potencial, todo lo bueno que aporta el deporte a nuestra sociedad y a nuestra ciudad. Porque queremos consolidarnos como una verdadera Capital del Deporte. Porque contamos con las mejores condiciones para serlo, con un clima y una orograf\u00eda envidiable y, lo m\u00e1s importante, unos clubes comprometidos a todos los niveles, que realizan una labor encomiable desde el deporte base al profesional, que son el verdadero coraz\u00f3n deportivo de Castell\u00f3n\u201d.<\/p>\n\n\n\n<p>Carrasco ha animado \u201ctanto a los vecinos, a los seguidores del balonmano, como a los aficionados al deporte en general a que acudan en masa al Ciutat de Castell\u00f3 para disfrutar de este torneo internacional en nuestro pabell\u00f3n\u201d.<\/p>\n\n\n\n<p>\u201cUna oportunidad \u00fanica de poder ver en acci\u00f3n a algunos de los mejores jugadores del mundo, de apoyar a este rejuvenecido equipo de \u2018Hispanos\u2019, que viene de ser bronce en los Juegos de Par\u00eds y que estoy segura van a hacer tambi\u00e9n un gran papel en el pr\u00f3ximo mundial. Porque gracias a la ayuda y al esfuerzo de todos Castell\u00f3n es la capital internacional del balonmano\u201d, ha dicho.<\/p>\n\n\n\n<h3>Una ciudad que vive el deporte<\/h3>\n\n\n\n<p>Por su parte, el presidente de la Real Federaci\u00f3n Espa\u00f1ola de Balonmano, Francisco Bl\u00e1zquez ha destacado que \u201cquer\u00edamos venir a Castell\u00f3n y lo he dicho en muchas ocasiones porque Castell\u00f3n siempre ha sido la peque\u00f1a de la Comunidad Valenciana y muchas veces no pens\u00e1bamos en el atractivo y en lo que ofrece tanto a los pa\u00edses que la visitan como la cantidad de oferta que tiene tanto en gastronom\u00eda como puede tener en tema de playas o en el \u00e1mbito deportivo\u201d.<\/p>\n\n\n\n<p>Bl\u00e1zquez ha asegurado que \u201cdesde que lleg\u00f3 la alcaldesa Bego\u00f1a Carrasco, hay que agradecerle, junto a su equipo, la apuesta por hacer eventos deportivos\u201d. Tambi\u00e9n ha compartido \u201clas palabras que me han trasladado mis colegas del gran pabell\u00f3n que tienen, el recibimiento que ha tenido por parte de todos los ciudadanos de Castell\u00f3n y especialmente por c\u00f3mo se vive el deporte en la ciudad\u201d.<\/p>\n\n\n\n<p>En nombre de los jugadores ha intervenido el capit\u00e1n Gonzalo P\u00e9rez de Vargas quien ha destacado que \u201csiempre es agradable poder volver y estar entrenando y jugando en Espa\u00f1a y si, encima, acompa\u00f1an estas instalaciones, este tiempo, yo creo que la sonrisa llega a ser permanente por parte de todos nosotros. Esperamos que Castell\u00f3n nos d\u00e9 suerte en nuestra aventura con el mundial que empieza la semana que viene\u201d.<\/p>\n\n\n\n<h3>Una actuaci\u00f3n dentro del plan de acci\u00f3n de la Agenda Urbana de Castell\u00f3<\/h3>\n\n\n\n<p>El proyecto prioritario \u201c<a href=\"https:\/\/agendaurbanacastello.es\/va\/ficha\/turismo-sostenible-inteligente-y-deportivo\/\" target=\"_blank\" rel=\"noreferrer noopener\">Turismo sostenible, inteligente y deportivo<\/a>\u201d del plan de acci\u00f3n de la<a href=\"https:\/\/agendaurbanacastello.es\/va\/\" target=\"_blank\" rel=\"noreferrer noopener\">&nbsp;Agenda Urbana de Castell\u00f3n<\/a>&nbsp;contempla entre sus actuaciones la promoci\u00f3n de eventos deportivos para posicionar la ciudad como destino tur\u00edstico deportivo.<\/p>\n\n\n\n<p>Iniciativas como el Torneo Internacional de Espa\u00f1a 2025 (TIE 2025) de balonmano, disputado en el pabell\u00f3n Ciutat de Castell\u00f3, contribuyen a hacer de la ciudad la Gran Capital del Deporte que aspira ser Castell\u00f3n. <\/p>\n\n\n\n<figure class=\"wp-block-image size-large\"><img loading=\"lazy\" width=\"1024\" height=\"683\" src=\"https:\/\/agendaurbanacastello.es\/wp-content\/uploads\/2025\/01\/Carrasco-final-Internacional-Hispanos-1024x683.jpg\" alt=\"\" class=\"wp-image-2362\" srcset=\"https:\/\/agendaurbanacastello.es\/wp-content\/uploads\/2025\/01\/Carrasco-final-Internacional-Hispanos-1024x683.jpg 1024w, https:\/\/agendaurbanacastello.es\/wp-content\/uploads\/2025\/01\/Carrasco-final-Internacional-Hispanos-300x200.jpg 300w, https:\/\/agendaurbanacastello.es\/wp-content\/uploads\/2025\/01\/Carrasco-final-Internacional-Hispanos-768x512.jpg 768w, https:\/\/agendaurbanacastello.es\/wp-content\/uploads\/2025\/01\/Carrasco-final-Internacional-Hispanos-1536x1024.jpg 1536w, https:\/\/agendaurbanacastello.es\/wp-content\/uploads\/2025\/01\/Carrasco-final-Internacional-Hispanos-2048x1365.jpg 2048w, https:\/\/agendaurbanacastello.es\/wp-content\/uploads\/2025\/01\/Carrasco-final-Internacional-Hispanos-18x12.jpg 18w, https:\/\/agendaurbanacastello.es\/wp-content\/uploads\/2025\/01\/Carrasco-final-Internacional-Hispanos-365x243.jpg 365w\" sizes=\"(max-width: 1024px) 100vw, 1024px\" \/><figcaption>Bego\u00f1a Carrasco en la final del Torneo Internacional de Espa\u00f1a 2025 (TIE 2025) <\/figcaption><\/figure>\n\n\n\n<h3>Los valores de los Hispanos<\/h3>\n\n\n\n<p>Tambi\u00e9n ha tomado la palabra el director general de Deporte, Luis Cervera, quien ha agradecido \u201cal Ayuntamiento de Castell\u00f3n que haya hecho posible esta gran oportunidad, para los amantes del balonmano, pero tambi\u00e9n para los amantes del deporte en general. Porque contamos con una de las selecciones espa\u00f1olas posiblemente de las m\u00e1s carism\u00e1ticas, los Hispanos, con una trayectoria y con los valores de sacrificio, de esfuerzo, de trabajo en equipo y que siempre est\u00e1n ah\u00ed en todas las competiciones, que siempre dan la talla continuamente\u201d.<\/p>\n\n\n\n<h3>Placa conmemorativa<\/h3>\n\n\n\n<p>La alcaldesa de Castell\u00f3n tambi\u00e9n ha hecho entrega al presidente de la Real Federaci\u00f3n Espa\u00f1ola de Balonmano de una placa conmemorativa de la visita de hoy al Ayuntamiento en un gesto de reconocimiento y agradecimiento por parte de la ciudad de Castell\u00f3n por la elecci\u00f3n de esta ciudad como sede oficial del Torneo Internacional de Espa\u00f1a 2025. La alcaldesa ha sido obsequiada a su vez con una camiseta firmada por los jugadores y una medalla conmemorativa.<\/p>\n\n\n\n<p>Carrasco ha reiterado el agradecimiento a Real Federaci\u00f3n Espa\u00f1ola de Balonmano y a su presidente, \u201cpor hacer posible el poder disfrutar de los Hispanos en nuestro Pabell\u00f3n Ciutat de Castell\u00f3, que es tambi\u00e9n el suyo, y por supuesto gracias otra vez a todas las instituciones y empresas que hacen posible esta cita de primer nivel en nuestra ciudad\u201d.<\/p>\n\n\n\n<p>Por parte de la delegaci\u00f3n espa\u00f1ola han acudido tambi\u00e9n el Team Manager, David Barrufet, as\u00ed como los jugadores Ferran Sol\u00e9, Gonzalo P\u00e9rez de Vargas, Sergey Hern\u00e1ndez, Alex Dujshebaev y los t\u00e9cnicos Juan Caama\u00f1o, Emilio Mart\u00edn, Dani Llorente y C\u00e9sar Flores.<\/p>\n\n\n\n<p>En cuanto a la representaci\u00f3n internacional, el Sal\u00f3n de Plenos tambi\u00e9n ha contado con la presencia del presidente de la Confederaci\u00f3n Argentina de Handball, Carlos Ferrea; el presidente de la federaci\u00f3n rumana de balonmano, Constantin Din; el secretario general de la federaci\u00f3n eslovaca de balonmano, Iv\u00e1n Savobik y su vicepresidente Ern\u00f6 Kelec\u0161\u00e9nyi, adem\u00e1s del Team Manager de la selecci\u00f3n de Egipto, Nour Abuzeid y la jefa de delegaci\u00f3n noruega Ingrid Blindheim.<\/p>\n\n\n\n<p>Las delegaciones han sido obsequiadas tambi\u00e9n con una reproducci\u00f3n a escala en cer\u00e1mica de una gaiata y con productos de la tierra.<\/p>","protected":false},"excerpt":{"rendered":"<p>La alcaldesa, Bego\u00f1a Carrasco, recibe a las delegaciones de las seis selecciones participantes y de la Real Federaci\u00f3n Espa\u00f1ola de Balonmano en el Sal\u00f3n de Plenos del Ayuntamiento<\/p>","protected":false},"author":1,"featured_media":2360,"comment_status":"closed","ping_status":"closed","sticky":false,"template":"","format":"standard","meta":{"_monsterinsights_skip_tracking":false,"_monsterinsights_sitenote_active":false,"_monsterinsights_sitenote_note":"","_monsterinsights_sitenote_category":0},"categories":[1],"tags":[48,122,128,93,91],"acf":[],"_links":{"self":[{"href":"https:\/\/agendaurbanacastello.es\/va\/wp-json\/wp\/v2\/posts\/2358"}],"collection":[{"href":"https:\/\/agendaurbanacastello.es\/va\/wp-json\/wp\/v2\/posts"}],"about":[{"href":"https:\/\/agendaurbanacastello.es\/va\/wp-json\/wp\/v2\/types\/post"}],"author":[{"embeddable":true,"href":"https:\/\/agendaurbanacastello.es\/va\/wp-json\/wp\/v2\/users\/1"}],"replies":[{"embeddable":true,"href":"https:\/\/agendaurbanacastello.es\/va\/wp-json\/wp\/v2\/comments?post=2358"}],"version-history":[{"count":2,"href":"https:\/\/agendaurbanacastello.es\/va\/wp-json\/wp\/v2\/posts\/2358\/revisions"}],"predecessor-version":[{"id":2363,"href":"https:\/\/agendaurbanacastello.es\/va\/wp-json\/wp\/v2\/posts\/2358\/revisions\/2363"}],"wp:featuredmedia":[{"embeddable":true,"href":"https:\/\/agendaurbanacastello.es\/va\/wp-json\/wp\/v2\/media\/2360"}],"wp:attachment":[{"href":"https:\/\/agendaurbanacastello.es\/va\/wp-json\/wp\/v2\/media?parent=2358"}],"wp:term":[{"taxonomy":"category","embeddable":true,"href":"https:\/\/agendaurbanacastello.es\/va\/wp-json\/wp\/v2\/categories?post=2358"},{"taxonomy":"post_tag","embeddable":true,"href":"https:\/\/agendaurbanacastello.es\/va\/wp-json\/wp\/v2\/tags?post=2358"}],"curies":[{"name":"wp","href":"https:\/\/api.w.org\/{rel}","templated":true}]}}