{"id":2388,"date":"2025-01-17T07:45:00","date_gmt":"2025-01-17T07:45:00","guid":{"rendered":"https:\/\/agendaurbanacastello.es\/?p=2388"},"modified":"2025-01-21T08:04:58","modified_gmt":"2025-01-21T08:04:58","slug":"comercio-se-reune-con-jovenes-emprendedores-y-secot","status":"publish","type":"post","link":"https:\/\/agendaurbanacastello.es\/va\/comercio-se-reune-con-jovenes-emprendedores-y-secot\/","title":{"rendered":"Comercio se re\u00fane con j\u00f3venes emprendedores y SECOT"},"content":{"rendered":"<h2>Identificar mecanismos para revitalizar y mejorar el comercio de proximidad en Castell\u00f3n<\/h2>\n\n\n\n<p>El concejal de Comercio y Consumo del <a href=\"https:\/\/www.castello.es\/es\/\" target=\"_blank\" rel=\"noreferrer noopener\" title=\"Ayuntamiento de Castell\u00f3n\">Ayuntamiento de Castell\u00f3n<\/a>, Alberto Vidal, junto con Mauro G\u00f3mez, director de <a href=\"https:\/\/confecomerc.es\/\" target=\"_blank\" rel=\"noreferrer noopener\" title=\"Confecomer\u00e7\">Confecomer\u00e7<\/a>, ha mantenido un encuentro con j\u00f3venes emprendedores y representantes de <a href=\"https:\/\/castellon.secot.org\/\" target=\"_blank\" rel=\"noreferrer noopener\" title=\"SECOT\">SECOT<\/a> (Seniors Espa\u00f1oles para la Cooperaci\u00f3n T\u00e9cnica). Durante la reuni\u00f3n, se han intercambiado ideas y se han explorado diferentes mecanismos para revitalizar y mejorar el comercio de proximidad en la ciudad de Castell\u00f3n.<\/p>\n\n\n\n<p>Vidal ha subrayado el compromiso de la concejal\u00eda de Comercio en fomentar el desarrollo de proyectos colaborativos que impulsen la econom\u00eda local: \u201cEs fundamental crear sinergias entre el talento joven y perfiles con m\u00e1s experiencia para construir un comercio m\u00e1s din\u00e1mico, sostenible y cercano a las necesidades de los vecinos. Trabajamos d\u00eda a d\u00eda en dise\u00f1ar estrategias que beneficien tanto a los emprendedores como a toda la ciudad en nuestro esfuerzo por potenciar el comercio\u201d.<\/p>\n\n\n\n<p>&#8220;Apostar por el comercio local es apostar por la calidad, la cercan\u00eda y el compromiso con nuestra ciudad. Desde la concejal\u00eda de Comercio, trabajamos para fortalecer este sector clave, que ofrece productos y servicios de confianza, y que tambi\u00e9n impulsa la econom\u00eda y genera un impacto positivo en Castell\u00f3n. Creemos firmemente que apoyar a nuestros comerciantes es invertir en un futuro mejor para nuestra ciudad\u201d, ha concluido el edil.<\/p>\n\n\n\n<h3>Una actuaci\u00f3n dentro del plan de acci\u00f3n de la Agenda Urbana de Castell\u00f3n<\/h3>\n\n\n\n<p>Tras un proceso de definici\u00f3n y elaboraci\u00f3n participado por la ciudadan\u00eda y los principales agentes sociales, econ\u00f3micos y acad\u00e9micos de la ciudad, el plan de acci\u00f3n de la <a href=\"https:\/\/agendaurbanacastello.es\/va\/\" target=\"_blank\" rel=\"noreferrer noopener\" title=\"Agenda Urbana de Castell\u00f3n\">Agenda Urbana de Castell\u00f3n<\/a> est\u00e1 formado por 16 proyectos prioritarios dise\u00f1ados para transformar el entorno urbano bajo criterios de sostenibilidad econ\u00f3mica, ambiental y social.<\/p>\n\n\n\n<p>Entre los proyectos prioritarios destaca la iniciativa \u201c<a href=\"https:\/\/agendaurbanacastello.es\/va\/ficha\/talento-emprendimiento-industria-y-comercio\/\" target=\"_blank\" rel=\"noreferrer noopener\" title=\"Talent, emprenedoria, ind\u00fastria i comer\u00e7\">Talent, emprenedoria, ind\u00fastria i comer\u00e7<\/a>\u201d que tiene como fin seguir apostando por un modelo econ\u00f3mico basado en el conocimiento y la innovaci\u00f3n sostenible, tecnol\u00f3gica y social a trav\u00e9s del apoyo al emprendimiento local. <\/p>\n\n\n\n<p>Algunas de las actuaciones contempladas en el marco de este proyecto prioritario son la definici\u00f3n y puesta en marcha de un Plan Estrat\u00e9gico de Comercio y de un Plan de promoci\u00f3n y gesti\u00f3n de locales comerciales vac\u00edos. Actuaciones donde la colaboraci\u00f3n con entidades como SECOT y j\u00f3venes emprendedores de Castell\u00f3n son clave para seguir revitalizando el comercio de proximidad a trav\u00e9s de la innovaci\u00f3n y la sostenibilidad econ\u00f3mica, social y medioambiental. <\/p>","protected":false},"excerpt":{"rendered":"<p>Es fundamental crear sinergias entre el talento joven y perfiles con m\u00e1s experiencia para construir un comercio m\u00e1s din\u00e1mico, sostenible y cercano a las necesidades de la ciudadan\u00eda <\/p>","protected":false},"author":1,"featured_media":2389,"comment_status":"closed","ping_status":"closed","sticky":false,"template":"","format":"standard","meta":{"_monsterinsights_skip_tracking":false,"_monsterinsights_sitenote_active":false,"_monsterinsights_sitenote_note":"","_monsterinsights_sitenote_category":0},"categories":[1],"tags":[86,142,141,95],"acf":[],"_links":{"self":[{"href":"https:\/\/agendaurbanacastello.es\/va\/wp-json\/wp\/v2\/posts\/2388"}],"collection":[{"href":"https:\/\/agendaurbanacastello.es\/va\/wp-json\/wp\/v2\/posts"}],"about":[{"href":"https:\/\/agendaurbanacastello.es\/va\/wp-json\/wp\/v2\/types\/post"}],"author":[{"embeddable":true,"href":"https:\/\/agendaurbanacastello.es\/va\/wp-json\/wp\/v2\/users\/1"}],"replies":[{"embeddable":true,"href":"https:\/\/agendaurbanacastello.es\/va\/wp-json\/wp\/v2\/comments?post=2388"}],"version-history":[{"count":1,"href":"https:\/\/agendaurbanacastello.es\/va\/wp-json\/wp\/v2\/posts\/2388\/revisions"}],"predecessor-version":[{"id":2390,"href":"https:\/\/agendaurbanacastello.es\/va\/wp-json\/wp\/v2\/posts\/2388\/revisions\/2390"}],"wp:featuredmedia":[{"embeddable":true,"href":"https:\/\/agendaurbanacastello.es\/va\/wp-json\/wp\/v2\/media\/2389"}],"wp:attachment":[{"href":"https:\/\/agendaurbanacastello.es\/va\/wp-json\/wp\/v2\/media?parent=2388"}],"wp:term":[{"taxonomy":"category","embeddable":true,"href":"https:\/\/agendaurbanacastello.es\/va\/wp-json\/wp\/v2\/categories?post=2388"},{"taxonomy":"post_tag","embeddable":true,"href":"https:\/\/agendaurbanacastello.es\/va\/wp-json\/wp\/v2\/tags?post=2388"}],"curies":[{"name":"wp","href":"https:\/\/api.w.org\/{rel}","templated":true}]}}