{"id":2392,"date":"2025-01-21T09:36:00","date_gmt":"2025-01-21T09:36:00","guid":{"rendered":"https:\/\/agendaurbanacastello.es\/?p=2392"},"modified":"2025-01-22T09:59:13","modified_gmt":"2025-01-22T09:59:13","slug":"castellon-amplia-su-apuesta-por-la-renaturalizacion","status":"publish","type":"post","link":"https:\/\/agendaurbanacastello.es\/va\/castellon-amplia-su-apuesta-por-la-renaturalizacion\/","title":{"rendered":"Castell\u00f3n amplia su apuesta por la renaturalizaci\u00f3n"},"content":{"rendered":"<h2>La propuesta de renaturalizaci\u00f3n incluye m\u00e1s zonas verdes, m\u00e1s sombras y m\u00e1s \u00e1rboles en espacios urbanos<\/h2>\n\n\n\n<p>La Alcaldesa de Castell\u00f3n, Bego\u00f1a Carrasco, ha presidido una reuni\u00f3n en la que se han abordado la concurrencia del <a href=\"https:\/\/www.castello.es\/va\/inici\" target=\"_blank\" rel=\"noreferrer noopener\" title=\"Ajuntament\">Ajuntament<\/a> en nueva convocatoria de ayudas provenientes de la Uni\u00f3n Europea. En la reuni\u00f3n ha participado tambi\u00e9n el primer teniente de alcalde y concejal de Urbanismo, Sergio Toledo, la directora de la Oficina de Planificaci\u00f3n Econ\u00f3mica, Carmen Vilanova, adem\u00e1s del director de Servicios Urbanos, Infraestructuras y Sostenibilidad, Crist\u00f3bal Badenes.<\/p>\n\n\n\n<p>Carrasco ha explicado que \u201cen esta ocasi\u00f3n, la convocatoria que llega desde la UE a trav\u00e9s de la <a href=\"https:\/\/fundacion-biodiversidad.es\/\" target=\"_blank\" rel=\"noreferrer noopener\" title=\"Fundaci\u00f3n Biodiversidad\">Fundaci\u00f3n Biodiversidad<\/a> est\u00e1 dirigida a capitales de provincia y municipios de m\u00e1s de 20.000 habitantes y tiene que ver con la mejora de infraestructuras verdes en el entorno urbano y la ciudad de Castell\u00f3n optar\u00eda a recibir ayudas por valor de hasta 3\u20195 millones de euros\u201d.<\/p>\n\n\n\n<blockquote class=\"wp-block-quote\"><p>Queremos ampliar nuestra estrategia de renaturalizaci\u00f3n en la ciudad con soluciones basadas en la naturaleza, mejorando as\u00ed el confort y la calidad de vida de la ciudadan\u00eda.<\/p><cite>Bego\u00f1a Carrasco, alcaldesa de Castell\u00f3n de la Plana<\/cite><\/blockquote>\n\n\n\n<p>\u201cDe esta manera, la ciudad de Castell\u00f3n ser\u00e1 m\u00e1s verde, podr\u00e1 contar con m\u00e1s espacios sombreados, con m\u00e1s protagonismo de \u00e1rboles y plantas, en una apuesta por la renaturalizaci\u00f3n, pero tambi\u00e9n por el embellecimiento del entorno urbano, tal y como nos lo piden nuestros vecinos\u201d, ha apuntado.<\/p>\n\n\n\n<p>En este sentido, Carrasco ha adelantado que uno de los proyectos tiene que ver \u201ccon la implantaci\u00f3n de una red de oasis urbanos, mejoras en la verdificaci\u00f3n de plazas y espacios p\u00fablicos\u201d.<\/p>\n\n\n\n<p>Bego\u00f1a Carrasco ha insistido en que \u201ccon esta apuesta cumplimos, una vez m\u00e1s, con aquello que prometimos, con lo que dijimos a la ciudadan\u00eda que har\u00edamos antes de llegar a la alcald\u00eda. Y una de esas promesas ten\u00eda que ver con hacer de Castell\u00f3n una ciudad m\u00e1s verde, m\u00e1s bonita y con m\u00e1s \u00e1rboles y plantas\u201d.<\/p>\n\n\n\n<figure class=\"wp-block-image size-large\"><img loading=\"lazy\" width=\"1024\" height=\"768\" src=\"https:\/\/agendaurbanacastello.es\/wp-content\/uploads\/2025\/01\/PARQUE-VERDE-1024x768.jpg\" alt=\"\" class=\"wp-image-2395\" srcset=\"https:\/\/agendaurbanacastello.es\/wp-content\/uploads\/2025\/01\/PARQUE-VERDE-1024x768.jpg 1024w, https:\/\/agendaurbanacastello.es\/wp-content\/uploads\/2025\/01\/PARQUE-VERDE-300x225.jpg 300w, https:\/\/agendaurbanacastello.es\/wp-content\/uploads\/2025\/01\/PARQUE-VERDE-768x576.jpg 768w, https:\/\/agendaurbanacastello.es\/wp-content\/uploads\/2025\/01\/PARQUE-VERDE-1536x1152.jpg 1536w, https:\/\/agendaurbanacastello.es\/wp-content\/uploads\/2025\/01\/PARQUE-VERDE-2048x1536.jpg 2048w, https:\/\/agendaurbanacastello.es\/wp-content\/uploads\/2025\/01\/PARQUE-VERDE-16x12.jpg 16w\" sizes=\"(max-width: 1024px) 100vw, 1024px\" \/><figcaption>Parque de Castell\u00f3n de la Plana <\/figcaption><\/figure>\n\n\n\n<h3>Diferentes tipos de actuaciones<\/h3>\n\n\n\n<p>En este sentido, Carrasco ha detallado que \u201cel equipo de gobierno, apoy\u00e1ndose en criterios t\u00e9cnicos, impulsar\u00e1 diferentes tipos de actuaciones como son: el desarrollo de cubiertas vegetales en edificios municipales para favorecer h\u00e1bitats, controlar plagas y mejorar la calidad del aire; naturalizaci\u00f3n de plazas y otros espacios urbanos para luchar contra las islas de calor en las ciudades\u201d.<\/p>\n\n\n\n<p>Tambi\u00e9n ha mencionado \u201cla apuesta por una red renaturalizada de patios escolares para crear zonas de sombra que mejoren las condiciones de recreo y contribuyan a crear una red de oasis clim\u00e1ticos urbanos\u201d, as\u00ed como \u201cla naturalizaci\u00f3n de estanques y fuentes urbanas donde el uso de plantas mejora la calidad del agua y fomenta la biodiversidad\u201d.<\/p>\n\n\n\n<p>La alcaldesa de Castell\u00f3n ha querido recordar \u201cestas ayudas se sumar\u00e1n a otras en las que el Ayuntamiento esta trabajando en la actualidad, como las de los Planes de Actuaci\u00f3n Integrados de Entidades Locales (EDIL), tambi\u00e9n con fondo FEDER, en la que Castell\u00f3n opta a 20 millones de euros\u201d.<\/p>\n\n\n\n<p>Hay que destacar que la fecha l\u00edmite para presentar solicitudes el 27 de febrero de 2025. Los proyectos deber\u00e1n estar ejecutados en un periodo m\u00e1ximo de tres a\u00f1os desde la resoluci\u00f3n, estimando como plazos de septiembre de 2025 a septiembre de 2028. Al ser una convocatoria financiada con fondos FEDER, en el caso de la Comunitat Valenciana se cofinancia hasta el 60% de la inversi\u00f3n recibida.<\/p>\n\n\n\n<h3>Una propuesta alienada con la Agenda Urbana de Castell\u00f3n<\/h3>\n\n\n\n<p>Cabe destacar que todas las actuaciones a realizar en el marco de esta convocatoria est\u00e1n alineadas con los objetivos de la <a href=\"https:\/\/www.aue.gob.es\/\" target=\"_blank\" rel=\"noreferrer noopener\" title=\"L&#039;Agenda Urbana Espanyola\">L'Agenda Urbana Espanyola<\/a>, formando parte del plan de acci\u00f3n de la <a href=\"https:\/\/agendaurbanacastello.es\/va\/\" target=\"_blank\" rel=\"noreferrer noopener\" title=\"Agenda Urbana de Castell\u00f3n\">Agenda Urbana de Castell\u00f3n<\/a>, el documento estrat\u00e9gico de desarrollo urbano integrado para los pr\u00f3ximos a\u00f1os bajo criterios de sostenibilidad econ\u00f3mica, social y ambiental<\/p>\n\n\n\n<p>El mencionado plan de acci\u00f3n cuenta con dos proyectos prioritarios de ciudad centrados en la renaturalizaci\u00f3n y biodiversidad urbana. Por una parte, la \u201c<a href=\"https:\/\/agendaurbanacastello.es\/va\/ficha\/estrategia-de-renaturalizacion-municipal-y-restauracion-ecologica\/\" target=\"_blank\" rel=\"noreferrer noopener\" title=\"Estrategia de renaturalizaci\u00f3n municipal y restauraci\u00f3n ecol\u00f3gica\">Estrategia de renaturalizaci\u00f3n municipal y restauraci\u00f3n ecol\u00f3gica<\/a>\u201d, que tiene como fin consolidar las infraestructuras verdes y restaurar los sistemas fluviales y zonas h\u00famedas para conservar y poner en valor los activos ambientales paisaj\u00edsticos y culturales del territorio. Por la otra, el proyecto de \u201c<a href=\"https:\/\/agendaurbanacastello.es\/va\/ficha\/biodiversidad-urbana\/\" target=\"_blank\" rel=\"noreferrer noopener\" title=\"Biodiversidad Urbana\">Biodiversidad Urbana<\/a>\u201d, una estrategia de renaturalizaci\u00f3n en la ciudad para incrementar las superficies naturales con Soluciones Basadas en la Naturaleza, mejorando as\u00ed el confort y la calidad de vida de la ciudadan\u00eda.<\/p>","protected":false},"excerpt":{"rendered":"<p>Entre los proyectos a ejecutar estar\u00eda la implantaci\u00f3n de una red de oasis clim\u00e1ticos, mejoras en la verdificaci\u00f3n de plazas y espacios p\u00fablicos o la puesta en marcha de una estrategia de renaturalizaci\u00f3n en la ciudad con soluciones basadas en la naturaleza, mejorando as\u00ed el confort y la calidad de vida de la ciudadan\u00eda <\/p>","protected":false},"author":1,"featured_media":2393,"comment_status":"closed","ping_status":"closed","sticky":false,"template":"","format":"standard","meta":{"_monsterinsights_skip_tracking":false,"_monsterinsights_sitenote_active":false,"_monsterinsights_sitenote_note":"","_monsterinsights_sitenote_category":0},"categories":[1],"tags":[50,186,90,185,48,49],"acf":[],"_links":{"self":[{"href":"https:\/\/agendaurbanacastello.es\/va\/wp-json\/wp\/v2\/posts\/2392"}],"collection":[{"href":"https:\/\/agendaurbanacastello.es\/va\/wp-json\/wp\/v2\/posts"}],"about":[{"href":"https:\/\/agendaurbanacastello.es\/va\/wp-json\/wp\/v2\/types\/post"}],"author":[{"embeddable":true,"href":"https:\/\/agendaurbanacastello.es\/va\/wp-json\/wp\/v2\/users\/1"}],"replies":[{"embeddable":true,"href":"https:\/\/agendaurbanacastello.es\/va\/wp-json\/wp\/v2\/comments?post=2392"}],"version-history":[{"count":1,"href":"https:\/\/agendaurbanacastello.es\/va\/wp-json\/wp\/v2\/posts\/2392\/revisions"}],"predecessor-version":[{"id":2396,"href":"https:\/\/agendaurbanacastello.es\/va\/wp-json\/wp\/v2\/posts\/2392\/revisions\/2396"}],"wp:featuredmedia":[{"embeddable":true,"href":"https:\/\/agendaurbanacastello.es\/va\/wp-json\/wp\/v2\/media\/2393"}],"wp:attachment":[{"href":"https:\/\/agendaurbanacastello.es\/va\/wp-json\/wp\/v2\/media?parent=2392"}],"wp:term":[{"taxonomy":"category","embeddable":true,"href":"https:\/\/agendaurbanacastello.es\/va\/wp-json\/wp\/v2\/categories?post=2392"},{"taxonomy":"post_tag","embeddable":true,"href":"https:\/\/agendaurbanacastello.es\/va\/wp-json\/wp\/v2\/tags?post=2392"}],"curies":[{"name":"wp","href":"https:\/\/api.w.org\/{rel}","templated":true}]}}