{"id":2425,"date":"2025-01-23T12:33:00","date_gmt":"2025-01-23T12:33:00","guid":{"rendered":"https:\/\/agendaurbanacastello.es\/?p=2425"},"modified":"2025-01-27T13:38:09","modified_gmt":"2025-01-27T13:38:09","slug":"castellon-recoge-el-distintivo-active-running-cities","status":"publish","type":"post","link":"https:\/\/agendaurbanacastello.es\/va\/castellon-recoge-el-distintivo-active-running-cities\/","title":{"rendered":"Castell\u00f3n recoge el distintivo \u201cActive Running Cities\u201d"},"content":{"rendered":"<h2>Castell\u00f3n apuesta por el atletismo y el fomento de la actividad f\u00edsica para posicionarse como verdadera capital del deporte <\/h2>\n\n\n\n<p>La alcaldesa de Castell\u00f3n, Bego\u00f1a Carrasco, ha recogido esta tarde el distintivo de \u201c<a href=\"https:\/\/activerunningcities.es\/\" target=\"_blank\" rel=\"noreferrer noopener\" title=\"Active Running Cities\">Active Running Cities<\/a>\u201d para la ciudad de Castell\u00f3n, en un acto que ha tenido lugar en la sede del <a href=\"https:\/\/www.coe.es\/\" target=\"_blank\" rel=\"noreferrer noopener\" title=\"https:\/\/www.coe.es\/https:\/\/www.coe.es\/\">Comit\u00e9 Ol\u00edmpico Espa\u00f1ol (COE)<\/a> en Madrid, al que ha asistido tambi\u00e9n la concejala de Deportes, Maica Hurtado y que se enmarca dentro de la celebraci\u00f3n de la <a href=\"https:\/\/www.ifema.es\/fitur\" target=\"_blank\" rel=\"noreferrer noopener\" title=\"Feria Internacional de Turismo (Fitur)\">Feria Internacional de Turismo (Fitur)<\/a>. En este acto han participado tambi\u00e9n el presidente del COE, Alejandro Blanco, as\u00ed como el presidente de la Real Federaci\u00f3n Espa\u00f1ola de Atletismo, Ra\u00fal Chapado, quien ha entregado el distintivo, o Marcos Moreno, manager de Ciudad Activa y Deporte de TECH friendly.<\/p>\n\n\n\n<p>La alcaldesa de Castell\u00f3n ha querido hacer hincapi\u00e9 en primer lugar en que \u201cCastell\u00f3n fue la primera ciudad en firmar y adherirse a \u2018Active Running Cities\u2019, distintivo que otorga la Real Federaci\u00f3n Espa\u00f1ola de Atletismo a ciudades que facilitan la pr\u00e1ctica del deporte y la actividad f\u00edsica en entornos urbanos. Esto demuestra el compromiso del Ayuntamiento con el deporte como elemento transformador de nuestra sociedad a todos los niveles\u201d.<\/p>\n\n\n\n<p>La primera edila tambi\u00e9n ha insistido en que \u201cCastell\u00f3n es un referente a nivel mundial si hablamos de atletismo y el mundo de las carreras en general, contando con un club como es el Playas de Castell\u00f3n, que es mejor club en la historia a nivel nacional y de Europa, pero con esta alianza vamos a ir de la mano para que la capital de la Plana se sit\u00fae todav\u00eda m\u00e1s en la \u00e9lite mundial como promotora de la actividad f\u00edsica a trav\u00e9s de la pr\u00e1ctica del atletismo y el \u2018running\u2019\u201d.<\/p>\n\n\n\n<p>Carrasco ha compartido que este reconocimiento \u201ces una oportunidad y supone una motivaci\u00f3n m\u00e1s para seguir convirtiendo a nuestra ciudad en una verdadera capital del deporte. Nuestro calendario cuenta con citas de nivel internacional, como nuestro Marat\u00f3n bp Castell\u00f3 y el 10 k FACSA, que se disputan dentro de menos de un mes, o la 40 edici\u00f3n de nuestra Media Marat\u00f3n que se disputar\u00e1 este domingo. Pero tambi\u00e9n contamos con carreras y marchas solidarias, donde el Deporte y el atletismo se une a las causas m\u00e1s sociales, deporte escolar para ense\u00f1ar h\u00e1bitos y un estilo de vida saludable en la edad m\u00e1s temprana; y tambi\u00e9n para nuestra Gente Mayor, promoviendo el envejecimiento activo, porque invertir en deporte es invertir en salud\u201d.<\/p>\n\n\n\n<figure class=\"wp-block-image size-large\"><img loading=\"lazy\" width=\"1024\" height=\"683\" src=\"https:\/\/agendaurbanacastello.es\/wp-content\/uploads\/2025\/01\/Carrasco-entrega-Active-Running-Cities-2-1024x683.jpg\" alt=\"\" class=\"wp-image-2426\" srcset=\"https:\/\/agendaurbanacastello.es\/wp-content\/uploads\/2025\/01\/Carrasco-entrega-Active-Running-Cities-2-1024x683.jpg 1024w, https:\/\/agendaurbanacastello.es\/wp-content\/uploads\/2025\/01\/Carrasco-entrega-Active-Running-Cities-2-300x200.jpg 300w, https:\/\/agendaurbanacastello.es\/wp-content\/uploads\/2025\/01\/Carrasco-entrega-Active-Running-Cities-2-768x512.jpg 768w, https:\/\/agendaurbanacastello.es\/wp-content\/uploads\/2025\/01\/Carrasco-entrega-Active-Running-Cities-2-1536x1024.jpg 1536w, https:\/\/agendaurbanacastello.es\/wp-content\/uploads\/2025\/01\/Carrasco-entrega-Active-Running-Cities-2-2048x1366.jpg 2048w, https:\/\/agendaurbanacastello.es\/wp-content\/uploads\/2025\/01\/Carrasco-entrega-Active-Running-Cities-2-18x12.jpg 18w, https:\/\/agendaurbanacastello.es\/wp-content\/uploads\/2025\/01\/Carrasco-entrega-Active-Running-Cities-2-365x243.jpg 365w\" sizes=\"(max-width: 1024px) 100vw, 1024px\" \/><figcaption>Bego\u00f1a Carrasco recoge el distintivo de &#8220;Active Running Cities&#8221;<\/figcaption><\/figure>\n\n\n\n<p>La primera edila ha apuntado tambi\u00e9n que \u201cCastell\u00f3n parece haber sido dise\u00f1ada para la pr\u00e1ctica del atletismo y las carreras por su orograf\u00eda, que combina llano y monta\u00f1a; por su clima benigno, porque en Castell\u00f3n se puede salir a correr, a practicar cualquier tipo de deporte durante todo el a\u00f1o, por tierra, mar y aire, porque contamos incluso con uno de los mejores aer\u00f3dromos de Espa\u00f1a. Porque disfrutamos unos 300 d\u00edas de sol al a\u00f1o y porque contamos con instalaciones deportivas y espacios urbanos como las Rondas y los parques adaptados a la pr\u00e1ctica del running urbano, al igual que pasarelas y senderos en nuestras playas, donde cada dia son miles las personas que salen a correr\u201d.<\/p>\n\n\n\n<h3>El mejor lugar para correr y practicar deporte<\/h3>\n\n\n\n<p>Refiri\u00e9ndose al sector tur\u00edstico, Carrasco ha asegurado que \u201cCastell\u00f3n es el lugar ideal para correr tanto para los castellonenses como para cualquier persona, cualquier turista o colectivo que nos visite con sus equipos o en familia. Y son muchos los clubes deportivos y tambi\u00e9n atletas que vienen a Castell\u00f3n para preparar sus competiciones, al considerarlo un lugar ideal por sus caracter\u00edsticas, por ese buen tiempo, por esa tradici\u00f3n deportiva de nuestra ciudad y por esa acogida. Y esta apuesta nos hizo ser nombrados Ciudad Europea del Deporte en 2012\u201d.<\/p>\n\n\n\n<p>\u201cLa ciudad de Castell\u00f3n cuenta con todas las caracter\u00edsticas para ser una ciudad dedicada donde el \u201crunning\u201d tenga protagonismo. Porque somos una verdadera \u201cActive Running Cities\u201d, y seguimos fomentando la actividad f\u00edsica y el bienestar de la ciudadan\u00eda. Para ello estamos tambi\u00e9n implementando una Plan Director de Instalaciones Deportivas, mejorando diferentes recintos deportivos de nuestra ciudad\u201d, ha resaltado.<\/p>\n\n\n\n<h3>Impacto econ\u00f3mico<\/h3>\n\n\n\n<p>Carrasco se ha referido tambi\u00e9n al impacto positivo del binomio deporte y turismo. \u201cSe trata de una actividad estrat\u00e9gica para nuestra ciudad, tanto por su efecto desestacionalizador, atrayendo a gente todo el a\u00f1o y no s\u00f3lo en verano, con un calendario deportivo que cuenta con m\u00e1s de 200 propuestas de primer nivel este 2025, como por el propio impacto econ\u00f3mico que tienen, sea a trav\u00e9s de las reservas en hoteles y el sector de la hosteler\u00eda o en las compras que se realizan en nuestros comercios, generando tambi\u00e9n empleo y bienestar\u201d.<\/p>\n\n\n\n<p>La primera edila ha resaltado que \u201cpara lograr que nuestras ciudades sean m\u00e1s activas, m\u00e1s sanas, m\u00e1s saludables, es imprescindible poner al deporte en lo m\u00e1s inmediato de la agenda pol\u00edtica de las instituciones. Eso es precisamente lo que venimos haciendo desde el Ayuntamiento de Castell\u00f3n y el camino que vamos a seguir corriendo y recorriendo\u201d.<\/p>\n\n\n\n<p>Bego\u00f1a Carrasco ha sido tambi\u00e9n recibida por el presidente del Comit\u00e9 Ol\u00edmpico Espa\u00f1ol, Alejandro Blanco, con quien ha mantenido un encuentro en la misma sede del COE.<\/p>\n\n\n\n<figure class=\"wp-block-image size-large\"><img loading=\"lazy\" width=\"1024\" height=\"683\" src=\"https:\/\/agendaurbanacastello.es\/wp-content\/uploads\/2025\/01\/Carrasco-entrega-Active-Running-Cities-1024x683.jpg\" alt=\"\" class=\"wp-image-2428\" srcset=\"https:\/\/agendaurbanacastello.es\/wp-content\/uploads\/2025\/01\/Carrasco-entrega-Active-Running-Cities-1024x683.jpg 1024w, https:\/\/agendaurbanacastello.es\/wp-content\/uploads\/2025\/01\/Carrasco-entrega-Active-Running-Cities-300x200.jpg 300w, https:\/\/agendaurbanacastello.es\/wp-content\/uploads\/2025\/01\/Carrasco-entrega-Active-Running-Cities-768x512.jpg 768w, https:\/\/agendaurbanacastello.es\/wp-content\/uploads\/2025\/01\/Carrasco-entrega-Active-Running-Cities-1536x1024.jpg 1536w, https:\/\/agendaurbanacastello.es\/wp-content\/uploads\/2025\/01\/Carrasco-entrega-Active-Running-Cities-2048x1366.jpg 2048w, https:\/\/agendaurbanacastello.es\/wp-content\/uploads\/2025\/01\/Carrasco-entrega-Active-Running-Cities-18x12.jpg 18w, https:\/\/agendaurbanacastello.es\/wp-content\/uploads\/2025\/01\/Carrasco-entrega-Active-Running-Cities-365x243.jpg 365w\" sizes=\"(max-width: 1024px) 100vw, 1024px\" \/><figcaption>Delegaci\u00f3n del Ayuntamiento de Castell\u00f3n en el Comit\u00e9 Ol\u00edmpico Espa\u00f1ol<\/figcaption><\/figure>\n\n\n\n<h3>El turismo sostenible, inteligente y deportivo una de las claves del plan de acci\u00f3n de la Agenda Urbana de Castell\u00f3n <\/h3>\n\n\n\n<p>El proyecto prioritario \u201c<a href=\"https:\/\/agendaurbanacastello.es\/va\/ficha\/turismo-sostenible-inteligente-y-deportivo\/\" target=\"_blank\" rel=\"noreferrer noopener\" title=\"Turismo sostenible, inteligente y deportivo\">Turismo sostenible, inteligente y deportivo<\/a>\u201d del plan de acci\u00f3n de la <a href=\"https:\/\/agendaurbanacastello.es\/va\/\" target=\"_blank\" rel=\"noreferrer noopener\" title=\"Agenda Urbana de Castell\u00f3n\">Agenda Urbana de Castell\u00f3n<\/a> contempla entre sus actuaciones la promoci\u00f3n de eventos deportivos para posicionar la ciudad como destino tur\u00edstico deportivo.<\/p>\n\n\n\n<p>Iniciativas como el distintivo \u201cActive Running Cities\u201d y la extensa programaci\u00f3n con cerca de 200 eventos deportivos para 2025 presentada por el Ayuntamiento en Fitur, ponen de manifiesto la clara apuesta por desestacionalizar la oferta tur\u00edstica de la ciudad a trav\u00e9s de la promoci\u00f3n de h\u00e1bitos de vida saludables. <\/p>","protected":false},"excerpt":{"rendered":"<p>Castell\u00f3n fue la primera ciudad espa\u00f1ola en adherirse a este programa, demostrando el compromiso de nuestro Ayuntamiento con el deporte como elemento transformador de nuestra sociedad<\/p>","protected":false},"author":1,"featured_media":2427,"comment_status":"closed","ping_status":"closed","sticky":false,"template":"","format":"standard","meta":{"_monsterinsights_skip_tracking":false,"_monsterinsights_sitenote_active":false,"_monsterinsights_sitenote_note":"","_monsterinsights_sitenote_category":0},"categories":[1],"tags":[48,128,93,91],"acf":[],"_links":{"self":[{"href":"https:\/\/agendaurbanacastello.es\/va\/wp-json\/wp\/v2\/posts\/2425"}],"collection":[{"href":"https:\/\/agendaurbanacastello.es\/va\/wp-json\/wp\/v2\/posts"}],"about":[{"href":"https:\/\/agendaurbanacastello.es\/va\/wp-json\/wp\/v2\/types\/post"}],"author":[{"embeddable":true,"href":"https:\/\/agendaurbanacastello.es\/va\/wp-json\/wp\/v2\/users\/1"}],"replies":[{"embeddable":true,"href":"https:\/\/agendaurbanacastello.es\/va\/wp-json\/wp\/v2\/comments?post=2425"}],"version-history":[{"count":1,"href":"https:\/\/agendaurbanacastello.es\/va\/wp-json\/wp\/v2\/posts\/2425\/revisions"}],"predecessor-version":[{"id":2429,"href":"https:\/\/agendaurbanacastello.es\/va\/wp-json\/wp\/v2\/posts\/2425\/revisions\/2429"}],"wp:featuredmedia":[{"embeddable":true,"href":"https:\/\/agendaurbanacastello.es\/va\/wp-json\/wp\/v2\/media\/2427"}],"wp:attachment":[{"href":"https:\/\/agendaurbanacastello.es\/va\/wp-json\/wp\/v2\/media?parent=2425"}],"wp:term":[{"taxonomy":"category","embeddable":true,"href":"https:\/\/agendaurbanacastello.es\/va\/wp-json\/wp\/v2\/categories?post=2425"},{"taxonomy":"post_tag","embeddable":true,"href":"https:\/\/agendaurbanacastello.es\/va\/wp-json\/wp\/v2\/tags?post=2425"}],"curies":[{"name":"wp","href":"https:\/\/api.w.org\/{rel}","templated":true}]}}