{"id":2451,"date":"2025-02-03T09:22:00","date_gmt":"2025-02-03T09:22:00","guid":{"rendered":"https:\/\/agendaurbanacastello.es\/?p=2451"},"modified":"2025-02-04T09:39:16","modified_gmt":"2025-02-04T09:39:16","slug":"finalizan-las-actuaciones-de-zbe-en-calle-sant-blai","status":"publish","type":"post","link":"https:\/\/agendaurbanacastello.es\/va\/finalizan-las-actuaciones-de-zbe-en-calle-sant-blai\/","title":{"rendered":"Finalizan las actuaciones de ZBE en calle Sant Blai"},"content":{"rendered":"<h2>En la Plaza Forn del Pla se dar\u00e1 mayor relevancia a la capilla donde se realiza el acto\u2018Les tres caigudes\u2019<\/h2>\n\n\n\n<p>Las labores de adecuaci\u00f3n y remodelaci\u00f3n de las calles del centro de la ciudad con motivo de la implantaci\u00f3n de la <a href=\"https:\/\/www.castello.es\/es\/zbe\" target=\"_blank\" rel=\"noreferrer noopener\" title=\"Zona de Bajas Emisiones\">Zona de Bajas Emisiones<\/a>, a la que deben adherirse todas las ciudades de m\u00e1s de 50.000 habitantes, siguen avanzando acondicionando los barrios con nuevo mobiliario urbano, m\u00e1s zonas verdes en pro de garantizar mayor sostenibilidad y reducir las emisiones, as\u00ed como con la instalaci\u00f3n de parques y zonas de juegos infantiles y mejoras en movilidad y accesibilidad.<\/p>\n\n\n\n<p>Es el caso de la calle San Roc que ya encara su recta final, con la colocaci\u00f3n de traviesas para las zonas verdes, junto con la colocaci\u00f3n de los alcorques en los \u00e1rboles y la instalaci\u00f3n de las placas de se\u00f1al\u00e9tica.<\/p>\n\n\n\n<p>En la Plaza Forn del Pla el concejal de Urbanismo en el Ayuntamiento de Castell\u00f3n, Sergio Toledo ha avanzado que \u201cvamos a dar mayor relevancia a la capilla donde se realiza el tradicional acto de \u2018Les tres caigudes\u2019 para dignificarla y darle el lugar que merece este acto tan tradicional para los castellonenses y que es se\u00f1a de identidad\u201d.<\/p>\n\n\n\n<p>Toledo ha explicado que \u201cse ha ensanchado la calle San Roc, as\u00ed como la Plaza Forn del Pla ha sido remodelada dotando a toda esta zona de mayor amplitud, por esta raz\u00f3n, se ha considerado trasladar la capilla y situarla en el centro del parque, donde hay un paso peatonal que pasar\u00e1 a denominarse \u201cCarrer\u00f3 de les Tres Caigudes\u201d, explica.<\/p>\n\n\n\n<p>El edil ha declarado que el traslado de la capilla est\u00e1 en todo momento coordinado con la Cofrad\u00eda de la Pur\u00edsima Sangre, a la que pertenece la capilla, con la colaboraci\u00f3n del Hermano Mayor de la Muy Ilustre Cofrad\u00eda de la Pur\u00edsima Sangre de Jes\u00fas, Miguel \u00c1ngel Mulet.<\/p>\n\n\n\n<p>\u201cCon esta nueva ubicaci\u00f3n se dotar\u00e1 a la capilla de la importancia que merece y estar\u00e1 todo listo para la celebraci\u00f3n de nuestras fiestas fundacionales\u201d asevera el edil, quien ha destacado que \u201ces un acto que tiene lugar precisamente el d\u00eda de la Magdalena, el tercer domingo de Cuaresma, cuando se produce el encuentro entre los cofrades y las personas que est\u00e1n bajando de la romer\u00eda, momento en que se realiza el acto de veneraci\u00f3n de la Cruz y se hacen las reverencias\u201d.<\/p>\n\n\n\n<h3>Calle Sant Blai<\/h3>\n\n\n\n<p>En otro orden de asuntos, el concejal de Urbanismo ha dado cuenta del estado de la calle Sant Blai, que esta semana es el epicentro de los actos en honor al santo, uno de los patrones de la ciudad, cuya celebraci\u00f3n tiene lugar del 2 al 5 de febrero.<\/p>\n\n\n\n<p>\u201cSe han colocado los maceteros con las plantaciones y se ha procedido a la revisi\u00f3n del alumbrado, de modo que todo est\u00e1 listo, tal y como nos comprometimos con los vecinos, y la calle Sant Blai lucir\u00e1 durante su semana grande\u201d, declara Toledo<\/p>\n\n\n\n<h3>Fondos Europeos<\/h3>\n\n\n\n<p>La Zona de Bajas Emisiones es una actuaci\u00f3n enmarcada en el <a href=\"https:\/\/planderecuperacion.gob.es\/\" target=\"_blank\" rel=\"noreferrer noopener\" title=\"Plan de Recuperaci\u00f3n, Transformaci\u00f3n y Resiliencia (PRTR)\">Plan de Recuperaci\u00f3n, Transformaci\u00f3n y Resiliencia (PRTR)<\/a> financiado con los fondos europeos Next Generation. <\/p>\n\n\n\n<h3>Una actuaci\u00f3n contemplada en el plan de acci\u00f3n de la Agenda Urbana de Castell\u00f3n<\/h3>\n\n\n\n<p>El proyecto denominado \u201c<a href=\"https:\/\/agendaurbanacastello.es\/va\/ficha\/estrategia-de-supermanzanas-y-zonas-de-bajas-emisiones\/\" target=\"_blank\" rel=\"noreferrer noopener\">Estrat\u00e8gia de superilles i zones de baixes emissions<\/a>\u201d tiene como fin materializar una nueva reorganizaci\u00f3n del espacio p\u00fablico que favorezca una movilidad m\u00e1s eficiente, sostenible y segura a partir de una nueva jerarqu\u00eda viaria.<\/p>\n\n\n\n<p>Se trata de uno de los 16 proyectos prioritarios que marcan el plan de acci\u00f3n de la&nbsp;<a href=\"https:\/\/agendaurbanacastello.es\/va\/\" target=\"_blank\" rel=\"noreferrer noopener\">Agenda Urbana de Castell\u00f3n<\/a>&nbsp;en el marco temporal de 2030. Un documento estrat\u00e9gico para hacer de la ciudad un espacio urbano integrado bajo criterios de sostenibilidad econ\u00f3mica, social y medioambiental.<\/p>","protected":false},"excerpt":{"rendered":"<p>Las actuaciones en la calle Sant Blai han concluido con la colocaci\u00f3n de los maceteros con las plantaciones y la revisi\u00f3n del alumbrado, para la celebraci\u00f3n de los actos conmemorativos en honor a uno de los patrones de Castell\u00f3n<\/p>","protected":false},"author":1,"featured_media":2452,"comment_status":"closed","ping_status":"closed","sticky":false,"template":"","format":"standard","meta":{"_monsterinsights_skip_tracking":false,"_monsterinsights_sitenote_active":false,"_monsterinsights_sitenote_note":"","_monsterinsights_sitenote_category":0},"categories":[1],"tags":[78,45,180,44,116,52],"acf":[],"_links":{"self":[{"href":"https:\/\/agendaurbanacastello.es\/va\/wp-json\/wp\/v2\/posts\/2451"}],"collection":[{"href":"https:\/\/agendaurbanacastello.es\/va\/wp-json\/wp\/v2\/posts"}],"about":[{"href":"https:\/\/agendaurbanacastello.es\/va\/wp-json\/wp\/v2\/types\/post"}],"author":[{"embeddable":true,"href":"https:\/\/agendaurbanacastello.es\/va\/wp-json\/wp\/v2\/users\/1"}],"replies":[{"embeddable":true,"href":"https:\/\/agendaurbanacastello.es\/va\/wp-json\/wp\/v2\/comments?post=2451"}],"version-history":[{"count":1,"href":"https:\/\/agendaurbanacastello.es\/va\/wp-json\/wp\/v2\/posts\/2451\/revisions"}],"predecessor-version":[{"id":2453,"href":"https:\/\/agendaurbanacastello.es\/va\/wp-json\/wp\/v2\/posts\/2451\/revisions\/2453"}],"wp:featuredmedia":[{"embeddable":true,"href":"https:\/\/agendaurbanacastello.es\/va\/wp-json\/wp\/v2\/media\/2452"}],"wp:attachment":[{"href":"https:\/\/agendaurbanacastello.es\/va\/wp-json\/wp\/v2\/media?parent=2451"}],"wp:term":[{"taxonomy":"category","embeddable":true,"href":"https:\/\/agendaurbanacastello.es\/va\/wp-json\/wp\/v2\/categories?post=2451"},{"taxonomy":"post_tag","embeddable":true,"href":"https:\/\/agendaurbanacastello.es\/va\/wp-json\/wp\/v2\/tags?post=2451"}],"curies":[{"name":"wp","href":"https:\/\/api.w.org\/{rel}","templated":true}]}}