{"id":2454,"date":"2025-02-05T12:38:00","date_gmt":"2025-02-05T12:38:00","guid":{"rendered":"https:\/\/agendaurbanacastello.es\/?p=2454"},"modified":"2025-02-06T13:14:20","modified_gmt":"2025-02-06T13:14:20","slug":"presentacion-del-primer-plan-municipal-de-personas-mayores","status":"publish","type":"post","link":"https:\/\/agendaurbanacastello.es\/va\/presentacion-del-primer-plan-municipal-de-personas-mayores\/","title":{"rendered":"Presentaci\u00f3n del primer Plan Municipal de Personas Mayores"},"content":{"rendered":"<h2>Un plan centrado en el envejecimiento activo, integrador e intergeneracional<\/h2>\n\n\n\n<p>La Alcaldesa de Castell\u00f3n, Bego\u00f1a Carrasco, ha presentado esta ma\u00f1ana el <strong>I Plan Municipal de Mayores de la Ciudad de Castell\u00f3n<\/strong>, en un acto que ha tenido lugar en el <a href=\"https:\/\/edusitransformacs.castello.es\/operaciones\/centro-senior-de-vida-activa-y-saludable\/\" target=\"_blank\" rel=\"noreferrer noopener\" title=\"Centro S\u00e9nior de Vida Activa y Saludable\">Centro S\u00e9nior de Vida Activa y Saludable<\/a> y en el que ha participado tambi\u00e9n la vicepresidenta del Consell y consellera de Servicios Sociales, Igualdad y Vivienda, Susana Camarero, adem\u00e1s de la concejala de Gente Mayor, Clara Adsuara. Adem\u00e1s, han estado tambi\u00e9n presentes autoridades como la presidenta de la Diputaci\u00f3n de Castell\u00f3n, Marta Barrachina, la subdelegada del Gobierno, Antonia Garc\u00eda Valls o la delegada del Consell, Susana Fabregat.<\/p>\n\n\n\n<p>La alcaldesa ha recordado que \u201clas personas mayores nos importan en Castell\u00f3n y mucho. Se lo debemos todo y, por tanto, vamos a trabajar para que no solo vivamos m\u00e1s, sino que vivamos mejor, para que cada d\u00eda nuestros mayores tengan m\u00e1s calidad de vida y poner todos los recursos municipales a su disposici\u00f3n, precisamente para que vivamos mejor y combatir la soledad no deseada, que es uno de los principales enemigos de nuestros mayores o el edadismo\u201d.<\/p>\n\n\n\n<blockquote class=\"wp-block-quote\"><p>Desde el <a href=\"https:\/\/www.castello.es\/es\/\" target=\"_blank\" rel=\"noreferrer noopener\" title=\"Ayuntamiento de Castell\u00f3n\">Ayuntamiento de Castell\u00f3n<\/a> apostamos por un envejecimiento activo, integrador e intergeneracional. Apostamos por nuestros mayores ahora y siempre.<\/p><cite>Bego\u00f1a Carrasco, alcaldesa de Castell\u00f3n <\/cite><\/blockquote>\n\n\n\n<figure class=\"wp-block-image size-large\"><img loading=\"lazy\" width=\"1024\" height=\"682\" src=\"https:\/\/agendaurbanacastello.es\/wp-content\/uploads\/2025\/02\/plan-personas-mayores-4-1-1024x682.jpeg\" alt=\"\" class=\"wp-image-2459\" srcset=\"https:\/\/agendaurbanacastello.es\/wp-content\/uploads\/2025\/02\/plan-personas-mayores-4-1-1024x682.jpeg 1024w, https:\/\/agendaurbanacastello.es\/wp-content\/uploads\/2025\/02\/plan-personas-mayores-4-1-300x200.jpeg 300w, https:\/\/agendaurbanacastello.es\/wp-content\/uploads\/2025\/02\/plan-personas-mayores-4-1-768x512.jpeg 768w, https:\/\/agendaurbanacastello.es\/wp-content\/uploads\/2025\/02\/plan-personas-mayores-4-1-1536x1023.jpeg 1536w, https:\/\/agendaurbanacastello.es\/wp-content\/uploads\/2025\/02\/plan-personas-mayores-4-1-18x12.jpeg 18w, https:\/\/agendaurbanacastello.es\/wp-content\/uploads\/2025\/02\/plan-personas-mayores-4-1-365x243.jpeg 365w, https:\/\/agendaurbanacastello.es\/wp-content\/uploads\/2025\/02\/plan-personas-mayores-4-1.jpeg 1600w\" sizes=\"(max-width: 1024px) 100vw, 1024px\" \/><figcaption>Bego\u00f1a Carrasco durante el acto de presentaci\u00f3n del Plan Municipal de Personas Mayores<\/figcaption><\/figure>\n\n\n\n<h3>Uno de cada cinco castellonenses es mayor de 60 a\u00f1os<\/h3>\n\n\n\n<p>La alcaldesa ha hecho hincapi\u00e9 en una cifra, la que dice que \u201cuno de cada cinco vecinos de la ciudad de Castell\u00f3n tiene m\u00e1s de 60 a\u00f1os. Y otro de los datos, hablando de la soledad no deseada, y que hemos comprobado gracias a este plan, es que, hablando de soledad no deseada, m\u00e1s de cinco mil personas en nuestra ciudad con m\u00e1s de 75 a\u00f1os viven solas\u201d.<\/p>\n\n\n\n<p>La alcaldesa ha agradecido de manera especial el trabajo realizado en coordinaci\u00f3n con la <a href=\"https:\/\/www.uji.es\/\" target=\"_blank\" rel=\"noreferrer noopener\" title=\"Universitat Jaume I\">Universitat Jaume I<\/a> en la redacci\u00f3n de este plan, \u201cla principal instituci\u00f3n referida al conocimiento y el estudio de nuestra sociedad, que nos ha ayudado a dise\u00f1ar y elaborar este texto, con un equipo dirigido por la Dra. Ana Alarc\u00f3n\u201d. La profesora del Departamento de Psicolog\u00eda Evolutiva, Educativa, Social y Metodolog\u00eda de la Universitat Jaume I ha sido la encargada de desglosar las l\u00edneas generales del Plan, sus principales diagn\u00f3sticos y metodolog\u00eda.<\/p>\n\n\n\n<p>Bego\u00f1a Carrasco tambi\u00e9n ha trasladado su gratitud y su apuesta \u201ccomo hacemos siempre, por la participaci\u00f3n, el di\u00e1logo y por la colaboraci\u00f3n entre administraciones. Una colaboraci\u00f3n institucional, tanto desde la Generalitat Valenciana, el Gobierno de Espa\u00f1a, a trav\u00e9s de la subdelegaci\u00f3n de Gobierno, la Diputaci\u00f3 de Castell\u00f3 o la Universitat Jaume I, que es fundamental tambi\u00e9n a la hora de combatir la soledad no deseada y desarrollar este nuevo Plan\u201d.<\/p>\n\n\n\n<p>\u201cAl final un plan municipal es una hoja de ruta, un diagn\u00f3stico de ver la situaci\u00f3n de la que partimos para poder mejorar, para poder colaborar todas las instituciones que es lo que necesitamos para que nuestros mayores envejezcan de mejor manera\u201d, ha sintetizado.<\/p>\n\n\n\n<figure class=\"wp-block-image size-large\"><img loading=\"lazy\" width=\"1024\" height=\"682\" src=\"https:\/\/agendaurbanacastello.es\/wp-content\/uploads\/2025\/02\/plan-personas-mayores-3-1024x682.jpeg\" alt=\"\" class=\"wp-image-2457\" srcset=\"https:\/\/agendaurbanacastello.es\/wp-content\/uploads\/2025\/02\/plan-personas-mayores-3-1024x682.jpeg 1024w, https:\/\/agendaurbanacastello.es\/wp-content\/uploads\/2025\/02\/plan-personas-mayores-3-300x200.jpeg 300w, https:\/\/agendaurbanacastello.es\/wp-content\/uploads\/2025\/02\/plan-personas-mayores-3-768x512.jpeg 768w, https:\/\/agendaurbanacastello.es\/wp-content\/uploads\/2025\/02\/plan-personas-mayores-3-1536x1023.jpeg 1536w, https:\/\/agendaurbanacastello.es\/wp-content\/uploads\/2025\/02\/plan-personas-mayores-3-18x12.jpeg 18w, https:\/\/agendaurbanacastello.es\/wp-content\/uploads\/2025\/02\/plan-personas-mayores-3-365x243.jpeg 365w, https:\/\/agendaurbanacastello.es\/wp-content\/uploads\/2025\/02\/plan-personas-mayores-3.jpeg 1600w\" sizes=\"(max-width: 1024px) 100vw, 1024px\" \/><figcaption>Presentaci\u00f3n en Castell\u00f3n del Plan Plan Municipal de Personas Mayores<\/figcaption><\/figure>\n\n\n\n<h3>\u201cCastell\u00f3n Acompa\u00f1a\u201d<\/h3>\n\n\n\n<p>La alcaldesa de Castell\u00f3n tambi\u00e9n ha querido destacar uno de los principales ejes de actuaci\u00f3n de este Plan, como es la iniciativa \u201cCastell\u00f3n Acompa\u00f1a\u201d.<\/p>\n\n\n\n<p>\u201cEste diagn\u00f3stico era muy necesario para saber a qu\u00e9 nos enfrentamos, tambi\u00e9n ver esos mayores que necesitan acompa\u00f1amiento, por eso hemos puesto en marcha este \u2018Castell\u00f3n Acompa\u00f1a\u2019 para que no se sientan solos ni hoy ni nunca y para que envejezcan de forma colectiva, intergeneracional, compartiendo experiencias y envejezcan en su ciudad con todos los recursos a su disposici\u00f3n\u201d, ha dicho.<\/p>\n\n\n\n<p>\u201cCastell\u00f3n no va a dejar solos a sus mayores. Castell\u00f3n va a estar a su lado. Porque \u2018Castell\u00f3n Acompa\u00f1a\u2019 y porque queremos que esta lucha contra la soledad no deseada nos implique a todos\u201d, ha subrayado la primera edila.<\/p>\n\n\n\n<p>De esta manera Carrasco ha introducido \u201cuna pieza una pieza fundamental en este Plan, que no son otros que los voluntarios. Y lo hacemos de la mano de los mejores, de la mano de Cruz Roja, el Tel\u00e9fono de la Esperanza o el Colegio de Psic\u00f3logos. Esa actitud, ese sentimiento de comunidad, de ayudarnos los unos a los otros, es tambi\u00e9n la que tiene que ver con este \u201cCastell\u00f3n Acompa\u00f1a\u201d, para estar al lado y proteger a quien, por diferentes circunstancias, se encuentra en esa situaci\u00f3n de vulnerabilidad, de esa soledad no deseada\u201d.<\/p>\n\n\n\n<h3>Tres ejes principales<\/h3>\n\n\n\n<p>Este nuevo Plan Municipal de Personas Mayores est\u00e1 estructurado en tres ejes principales como son: personas mayores saludables; personas mayores en la comunidad y personas mayores empoderadas.<\/p>\n\n\n\n<p>Y algunas de la docena de l\u00edneas estrat\u00e9gicas que tienen que ver con estos tres ejes tienen que ver con tem\u00e1ticas como la propia soledad no deseada, edadismo, participaci\u00f3n social y c\u00edvica, inclusi\u00f3n digital; voluntariado o emprendedurismo senior.<\/p>\n\n\n\n<figure class=\"wp-block-image size-large\"><img loading=\"lazy\" width=\"1024\" height=\"682\" src=\"https:\/\/agendaurbanacastello.es\/wp-content\/uploads\/2025\/02\/plan-personas-mayores-1-1024x682.jpeg\" alt=\"\" class=\"wp-image-2455\" srcset=\"https:\/\/agendaurbanacastello.es\/wp-content\/uploads\/2025\/02\/plan-personas-mayores-1-1024x682.jpeg 1024w, https:\/\/agendaurbanacastello.es\/wp-content\/uploads\/2025\/02\/plan-personas-mayores-1-300x200.jpeg 300w, https:\/\/agendaurbanacastello.es\/wp-content\/uploads\/2025\/02\/plan-personas-mayores-1-768x512.jpeg 768w, https:\/\/agendaurbanacastello.es\/wp-content\/uploads\/2025\/02\/plan-personas-mayores-1-1536x1023.jpeg 1536w, https:\/\/agendaurbanacastello.es\/wp-content\/uploads\/2025\/02\/plan-personas-mayores-1-18x12.jpeg 18w, https:\/\/agendaurbanacastello.es\/wp-content\/uploads\/2025\/02\/plan-personas-mayores-1-365x243.jpeg 365w, https:\/\/agendaurbanacastello.es\/wp-content\/uploads\/2025\/02\/plan-personas-mayores-1.jpeg 1600w\" sizes=\"(max-width: 1024px) 100vw, 1024px\" \/><figcaption>Asistentes a la presentaci\u00f3n del Plan Municipal de Personas Mayores<\/figcaption><\/figure>\n\n\n\n<h3>Creaci\u00f3n del Observatorio de Personas Mayores<\/h3>\n\n\n\n<p>Bego\u00f1a Carrasco tambi\u00e9n ha anunciado que, dentro de este nuevo Plan \u201cel pr\u00f3ximo d\u00eda 26 de febrero echar\u00e1 a andar un nuevo Observatorio de Personas Mayores, con vocaci\u00f3n trasversal y que abarcar\u00e1 todos los \u00e1mbitos en los que se va a trabajar\u201d. Tambi\u00e9n ha indicado que \u201cla puesta en marcha de \u2018Castell\u00f3n Acompa\u00f1a\u2019 servir\u00e1 como estudio piloto interviniendo los diferentes recursos y agentes implicados como los propios Servicios Sociales, Polic\u00eda Local, Psic\u00f3logos o la UJI, de manera que sirva para detectar qu\u00e9 tipos de persona necesitan de una intervenci\u00f3n\u201d.<\/p>\n\n\n\n<p>\u201cLo hemos dicho muchas veces: la edad es solo un n\u00famero y Castell\u00f3n no puede perder ni el talento, ni la energ\u00eda de los que tienen todav\u00eda mucho que aportar. Unos mayores de Castell\u00f3n que son uno de los principales activos para esta ciudad. Unos mayores activos, comprometidos y solidarios\u201d, ha remarcado.<\/p>\n\n\n\n<h3>Reducci\u00f3n lista de espera dependencia en un 40%<\/h3>\n\n\n\n<p>Por su parte, la vicepresidenta y consellera de Servicios Sociales, Igualdad y Vivienda, Susana Camarero, ha comentado que \u201cdesde el Consell estamos trabajando en distintas l\u00edneas, desde ese envejecimiento activo y promoviendo ese envejecimiento activo con lugares como \u00e9ste, donde se desarrolla cada d\u00eda esa actividad para nuestros mayores. Tambi\u00e9n luchando contra la soledad no deseada\u201d.<\/p>\n\n\n\n<p>Camarero tambi\u00e9n se ha referido a las listas de espera de personas en situaci\u00f3n de dependencia y ha anunciado que \u201clas cifras del 2024 en materia de dependencia son cifras hist\u00f3ricas. Y en la provincia de Castell\u00f3n se ha reducido la lista de espera de dependencia un 40%. Eso hace que hoy sean 39.400 las personas que est\u00e1n ya en el sistema de dependencia\u201d.<\/p>\n\n\n\n<p>Pero tambi\u00e9n estamos trabajando para que haya nuevas plazas para las personas mayores, nuevas plazas de residencia, que es una demanda hist\u00f3rica. Nos hemos encontrado, cuando hemos llegado al gobierno de la Generalitat, con un d\u00e9ficit de 24.000 plazas\u201d.<\/p>\n\n\n\n<h3>Ejemplo de envejecimiento activo<\/h3>\n\n\n\n<p>La concejala de Gente Mayor, Clara Adsuara, ha sido la encargada de abrir el acto institucional de la presentaci\u00f3n de este Plan, refiri\u00e9ndose a \u201clas personas mayores que son ense\u00f1anza y que mantienen vivo el esp\u00edritu tan castellonero de implicarse, ayudar y ser parte activa de esta sociedad. Gracias por aportar tanto\u201d.<\/p>\n\n\n\n<p>\u201cSiempre tendr\u00e9is nuestra mano tendida, porque sois orgullo por vuestra vitalidad, vuestras ganas de seguir siendo un motor fundamental en esta ciudad, de seguir sumando, mejorando. Sois el ejemplo m\u00e1s claro y evidente de lo que significa el envejecimiento activo y debo deciros que sois inspiraci\u00f3n y espejo donde mirarse\u201d, ha asegurado.<\/p>\n\n\n\n<h3>Uno de los proyectos estrat\u00e9gicos de la Agenda Urbana de Castell\u00f3n<\/h3>\n\n\n\n<p>El envejecimiento activo y saludable es una de las prioridades del plan de acci\u00f3n de la\u00a0<a href=\"https:\/\/agendaurbanacastello.es\/va\/\" target=\"_blank\" rel=\"noreferrer noopener\">Agenda Urbana de Castell\u00f3n<\/a>. En esta l\u00ednea, la hoja de ruta que marca el desarrollo urban\u00edstico integrado de la ciudad hasta 2030 cuenta con un proyecto prioritario denominado \u201c<a href=\"https:\/\/agendaurbanacastello.es\/va\/ficha\/envejecimiento-activo-y-saludable\/\" target=\"_blank\" rel=\"noreferrer noopener\">Envejecimiento Activo y Saludable<\/a>\u201c, que tiene como objetivo disponer de espacios y servicios de referencia que contribuyan a mejorar la calidad de vida de las personas mayores en materia de salud f\u00edsica y emocional.<\/p>","protected":false},"excerpt":{"rendered":"<p>El plan incluye programas de acompa\u00f1amiento para combatir la amenaza de la soledad no deseada y la creaci\u00f3n del Observatorio de Personas Mayores. <\/p>","protected":false},"author":1,"featured_media":2456,"comment_status":"closed","ping_status":"closed","sticky":false,"template":"","format":"standard","meta":{"_monsterinsights_skip_tracking":false,"_monsterinsights_sitenote_active":false,"_monsterinsights_sitenote_note":"","_monsterinsights_sitenote_category":0},"categories":[1],"tags":[55,134,84,48,113],"acf":[],"_links":{"self":[{"href":"https:\/\/agendaurbanacastello.es\/va\/wp-json\/wp\/v2\/posts\/2454"}],"collection":[{"href":"https:\/\/agendaurbanacastello.es\/va\/wp-json\/wp\/v2\/posts"}],"about":[{"href":"https:\/\/agendaurbanacastello.es\/va\/wp-json\/wp\/v2\/types\/post"}],"author":[{"embeddable":true,"href":"https:\/\/agendaurbanacastello.es\/va\/wp-json\/wp\/v2\/users\/1"}],"replies":[{"embeddable":true,"href":"https:\/\/agendaurbanacastello.es\/va\/wp-json\/wp\/v2\/comments?post=2454"}],"version-history":[{"count":1,"href":"https:\/\/agendaurbanacastello.es\/va\/wp-json\/wp\/v2\/posts\/2454\/revisions"}],"predecessor-version":[{"id":2461,"href":"https:\/\/agendaurbanacastello.es\/va\/wp-json\/wp\/v2\/posts\/2454\/revisions\/2461"}],"wp:featuredmedia":[{"embeddable":true,"href":"https:\/\/agendaurbanacastello.es\/va\/wp-json\/wp\/v2\/media\/2456"}],"wp:attachment":[{"href":"https:\/\/agendaurbanacastello.es\/va\/wp-json\/wp\/v2\/media?parent=2454"}],"wp:term":[{"taxonomy":"category","embeddable":true,"href":"https:\/\/agendaurbanacastello.es\/va\/wp-json\/wp\/v2\/categories?post=2454"},{"taxonomy":"post_tag","embeddable":true,"href":"https:\/\/agendaurbanacastello.es\/va\/wp-json\/wp\/v2\/tags?post=2454"}],"curies":[{"name":"wp","href":"https:\/\/api.w.org\/{rel}","templated":true}]}}