{"id":2469,"date":"2025-02-11T08:37:38","date_gmt":"2025-02-11T08:37:38","guid":{"rendered":"https:\/\/agendaurbanacastello.es\/?p=2469"},"modified":"2025-02-11T08:37:41","modified_gmt":"2025-02-11T08:37:41","slug":"castellon-avanza-con-el-plan-de-renaturalizacion","status":"publish","type":"post","link":"https:\/\/agendaurbanacastello.es\/va\/castellon-avanza-con-el-plan-de-renaturalizacion\/","title":{"rendered":"Castell\u00f3n avanza con el Plan de Renaturalizaci\u00f3n"},"content":{"rendered":"<h2><strong>En el marco del proyecto de ZBE el Ayuntamiento planta una treintena de \u00e1rboles en la plaza Forn del Pla<\/strong> <\/h2>\n\n\n\n<p>En su apuesta por la renaturalizaci\u00f3n urbana, la ciudad de Castell\u00f3n sigue aumentando sus zonas verdes y espacios donde los \u00e1rboles y flores tienen mayor protagonismo.<\/p>\n\n\n\n<p>As\u00ed lo ha destacado el concejal de Medio Ambiente y Desarrollo Sostenible en el <a href=\"https:\/\/www.castello.es\/es\/inicio\" target=\"_blank\" rel=\"noreferrer noopener\" title=\"Ayuntamiento de Castell\u00f3n\">Ayuntamiento de Castell\u00f3n<\/a>, Cristian Ram\u00edrez en el marco de la visita que ha realizado junto a la alcaldesa de la ciudad, Bego\u00f1a Carrasco y el concejal de Urbanismo e Infraestructuras, Sergio Toledo a la plaza Forn del Pla, donde se han plantado un total de 31 \u00e1rboles, 6 de gran porte de la variedad de encina y 25 de porte medio (variedades Tipuana, Morus alba y Franxius Angustifolia).<\/p>\n\n\n\n<p>Ram\u00edrez ha recordado que \u201cuno de nuestros principales compromisos con los castellonenses antes de iniciar la legislatura era dotar de mayor protagonismo a los espacios verdes en contraposici\u00f3n a la presencia de hormig\u00f3n y as\u00ed lo estamos cumpliendo\u201d.<\/p>\n\n\n\n<p>El concejal ha detallado que, dentro del plan de renaturalizaci\u00f3n de la ciudad, las actuaciones de<a href=\"https:\/\/www.castello.es\/es\/zbe\" target=\"_blank\" rel=\"noreferrer noopener\" title=\" Zona de Bajas Emisiones\"> Zona de Bajas Emisiones<\/a> est\u00e1n alineadas con este mismo objetivo, y al finalizar estas mejoras la ciudad contar\u00e1 con m\u00e1s de 600 \u00e1rboles y 60 jardineras y esto, tal y como indica el edil \u201cpropiciar\u00e1 que en Castell\u00f3n aumenten un 195% los espacios estanciales con sombra\u201d.<\/p>\n\n\n\n<p>Concretamente en la plaza Forn del Pla Ram\u00edrez ha detallado que \u201chab\u00eda 17 \u00e1rboles 7 de los cuales tuvieron que ser retirados por su deterioro y ahora, con los 31 que ya se han plantado la plaza ha registrado un aumento significativo con 41 \u00e1rboles de diferentes especies\u201d.<\/p>\n\n\n\n<h3>Zona de bajas emisiones de Castell\u00f3n<\/h3>\n\n\n\n<p>Las Zona de Bajas Emisiones es una actuaci\u00f3n a la que deben acogerse todas las ciudades de Europa con m\u00e1s de 50.000 habitantes, como es el caso de Castell\u00f3n y tiene como objetivo hacer de la ciudad un lugar m\u00e1s eficiente energ\u00e9ticamente, reducir las emisiones de gases de efecto invernadero as\u00ed como mejorar la movilidad y accesibilidad y se enmarca en el <a href=\"https:\/\/planderecuperacion.gob.es\/\" target=\"_blank\" rel=\"noreferrer noopener\" title=\"Plan de Recuperaci\u00f3n, Transformaci\u00f3n y Resiliencia\">Plan de Recuperaci\u00f3n, Transformaci\u00f3n y Resiliencia<\/a> (PRTR) financiado con los fondos europeos Next Generation.<\/p>\n\n\n\n<p>Junto a las acciones de la ZBE, el concejal de Medio Ambiente ha recordado que \u201cestamos aumentando las zonas verdes, tanto \u00e1rboles como plantaciones y flores en todos los espacios urbanos de la ciudad porque apostamos por una ciudad m\u00e1s verde y paseable\u201d, se\u00f1ala.<\/p>\n\n\n\n<blockquote class=\"wp-block-quote\"><p>Castell\u00f3n tendr\u00e1 un gran pulm\u00f3n verde, en el que es uno de los proyectos m\u00e1s importantes de renaturalizaci\u00f3n de la ciudad, el parque urbano m\u00e1s grande de Castell\u00f3n que estar\u00e1 ubicado en la zona Sensal con 150.000 m\u00b2<\/p><cite>Cristian Ram\u00edrez, concejal de Medio Ambiente y Desarrollo Sostenible <\/cite><\/blockquote>\n\n\n\n<figure class=\"wp-block-image size-large\"><img loading=\"lazy\" width=\"1024\" height=\"768\" src=\"https:\/\/agendaurbanacastello.es\/wp-content\/uploads\/2025\/01\/PARQUE-VERDE-1024x768.jpg\" alt=\"\" class=\"wp-image-2395\" srcset=\"https:\/\/agendaurbanacastello.es\/wp-content\/uploads\/2025\/01\/PARQUE-VERDE-1024x768.jpg 1024w, https:\/\/agendaurbanacastello.es\/wp-content\/uploads\/2025\/01\/PARQUE-VERDE-300x225.jpg 300w, https:\/\/agendaurbanacastello.es\/wp-content\/uploads\/2025\/01\/PARQUE-VERDE-768x576.jpg 768w, https:\/\/agendaurbanacastello.es\/wp-content\/uploads\/2025\/01\/PARQUE-VERDE-1536x1152.jpg 1536w, https:\/\/agendaurbanacastello.es\/wp-content\/uploads\/2025\/01\/PARQUE-VERDE-2048x1536.jpg 2048w, https:\/\/agendaurbanacastello.es\/wp-content\/uploads\/2025\/01\/PARQUE-VERDE-16x12.jpg 16w\" sizes=\"(max-width: 1024px) 100vw, 1024px\" \/><figcaption>Parques de la ciudad de Castell\u00f3n<\/figcaption><\/figure>\n\n\n\n<h3><strong>Castell\u00f3n distinguida por su apuesta por la renaturalizaci\u00f3n<\/strong><\/h3>\n\n\n\n<p>Precisamente, la apuesta del gobierno municipal por hacer de Castell\u00f3n una ciudad con m\u00e1s verde y medioambientalmente m\u00e1s sostenible qued\u00f3 materializada recientemente con la distinci\u00f3n <strong>\u201c4 Flors d\u2019Honor\u201d y la \u201cFlor de Sostenibilidad\u201d<\/strong>, en la Gala \u2018Viles en Flor\u2019, que reconoci\u00f3 el trabajo que desde el Ayuntamiento de Castell\u00f3n se est\u00e1 realizando en este sentido.<\/p>\n\n\n\n<p>Este evento tiene como objetivo reconocer y poner en valor a todas las ciudades de la Comunitat Valenciana que potencian en su gesti\u00f3n la sostenibilidad y el impulso de la creaci\u00f3n de espacios verdes y en la \u00faltima entrega de premios, la ciudad de Castell\u00f3n fue distinguida con los m\u00e1ximos galardones, algo que recuerda el edil \u201ces debido al cambio sustancial que se ha realizado en la gesti\u00f3n medioambiental de la ciudad en la que hemos aumentado las zonas verdes, dedicado m\u00e1s recursos al cuidado de parques, jardines y zonas verdes\u201d.<\/p>\n\n\n\n<h3>La renaturalizaci\u00f3n es protagonista del plan de acci\u00f3n de la Agenda Urbana de Castell\u00f3n<\/h3>\n\n\n\n<p>El plan de acci\u00f3n de la <a href=\"https:\/\/agendaurbanacastello.es\/va\/\" target=\"_blank\" rel=\"noreferrer noopener\" title=\"Agenda Urbana de Castell\u00f3n\">Agenda Urbana de Castell\u00f3n<\/a> cuenta con varios proyectos prioritarios donde la renaturalizaci\u00f3n es protagonista, siguiendo as\u00ed las recomendaciones de la <a href=\"https:\/\/www.aue.gob.es\/\" target=\"_blank\" rel=\"noreferrer noopener\" title=\"L&#039;Agenda Urbana Espanyola\">L'Agenda Urbana Espanyola<\/a> y el <a href=\"https:\/\/www.consilium.europa.eu\/es\/policies\/green-deal\/\" target=\"_blank\" rel=\"noreferrer noopener\" title=\"Pacto Verde Europeo\">Pacto Verde Europeo<\/a>, donde se recogen propuestas pioneras para restaurar la naturaleza en Europa de aqu\u00ed a 2050 .<\/p>\n\n\n\n<p>Entre estos proyectos prioritarios para seguir renaturalizando Castell\u00f3n de forma integrada y pr\u00f3xima a toda la ciudadan\u00eda destaca, en primer lugar, la denominada <a href=\"https:\/\/agendaurbanacastello.es\/va\/ficha\/estrategia-de-renaturalizacion-municipal-y-restauracion-ecologica\/\" target=\"_blank\" rel=\"noreferrer noopener\" title=\"&quot;Estrategia de renaturalizaci\u00f3n municipal y restauraci\u00f3n ecol\u00f3gica&quot; \">&#8220;Estrategia de renaturalizaci\u00f3n municipal y restauraci\u00f3n ecol\u00f3gica&#8221; <\/a>que tiene como fin consolidar las infraestructuras verdes y restaurar los sistemas fluviales y zonas h\u00famedas para conservar y poner en valor los activos ambientales paisaj\u00edsticos y culturales del territorio. En segundo lugar, el proyecto prioritario &#8220;<a href=\"https:\/\/agendaurbanacastello.es\/va\/ficha\/biodiversidad-urbana\/\" target=\"_blank\" rel=\"noreferrer noopener\" title=\"Biodiversidad Urbana\">Biodiversidad Urbana<\/a>&#8221; cuyo fin es renaturlizar la ciudad incrementando las superficies naturales con Soluciones Basadas en la Naturaleza, mejorando as\u00ed el confort y la calidad de vida de la ciudadan\u00eda.<\/p>","protected":false},"excerpt":{"rendered":"<p>La ciudad de Castell\u00f3n sigue aumentando sus zonas verdes y espacios donde los \u00e1rboles y flores tienen mayor protagonismo.<\/p>","protected":false},"author":1,"featured_media":2470,"comment_status":"closed","ping_status":"closed","sticky":false,"template":"","format":"standard","meta":{"_monsterinsights_skip_tracking":false,"_monsterinsights_sitenote_active":false,"_monsterinsights_sitenote_note":"","_monsterinsights_sitenote_category":0},"categories":[1],"tags":[186,90,78,45,44,147,177,49,94,52],"acf":[],"_links":{"self":[{"href":"https:\/\/agendaurbanacastello.es\/va\/wp-json\/wp\/v2\/posts\/2469"}],"collection":[{"href":"https:\/\/agendaurbanacastello.es\/va\/wp-json\/wp\/v2\/posts"}],"about":[{"href":"https:\/\/agendaurbanacastello.es\/va\/wp-json\/wp\/v2\/types\/post"}],"author":[{"embeddable":true,"href":"https:\/\/agendaurbanacastello.es\/va\/wp-json\/wp\/v2\/users\/1"}],"replies":[{"embeddable":true,"href":"https:\/\/agendaurbanacastello.es\/va\/wp-json\/wp\/v2\/comments?post=2469"}],"version-history":[{"count":1,"href":"https:\/\/agendaurbanacastello.es\/va\/wp-json\/wp\/v2\/posts\/2469\/revisions"}],"predecessor-version":[{"id":2471,"href":"https:\/\/agendaurbanacastello.es\/va\/wp-json\/wp\/v2\/posts\/2469\/revisions\/2471"}],"wp:featuredmedia":[{"embeddable":true,"href":"https:\/\/agendaurbanacastello.es\/va\/wp-json\/wp\/v2\/media\/2470"}],"wp:attachment":[{"href":"https:\/\/agendaurbanacastello.es\/va\/wp-json\/wp\/v2\/media?parent=2469"}],"wp:term":[{"taxonomy":"category","embeddable":true,"href":"https:\/\/agendaurbanacastello.es\/va\/wp-json\/wp\/v2\/categories?post=2469"},{"taxonomy":"post_tag","embeddable":true,"href":"https:\/\/agendaurbanacastello.es\/va\/wp-json\/wp\/v2\/tags?post=2469"}],"curies":[{"name":"wp","href":"https:\/\/api.w.org\/{rel}","templated":true}]}}