{"id":2525,"date":"2025-02-18T08:51:08","date_gmt":"2025-02-18T08:51:08","guid":{"rendered":"https:\/\/agendaurbanacastello.es\/?p=2525"},"modified":"2025-02-18T08:51:10","modified_gmt":"2025-02-18T08:51:10","slug":"finalizan-las-obras-de-zbe-en-conde-pestagua-plaza-clave-arrufat-alonso-y-sant-blai","status":"publish","type":"post","link":"https:\/\/agendaurbanacastello.es\/va\/finalizan-las-obras-de-zbe-en-conde-pestagua-plaza-clave-arrufat-alonso-y-sant-blai\/","title":{"rendered":"Finalizan las obras de ZBE en Conde Pestagua, Plaza Clav\u00e9, Arrufat Alonso y Sant Blai"},"content":{"rendered":"<h2>Castell\u00f3n se convierte en una ciudad m\u00e1s verde, paseable, renaturalizada y adaptada a las necesidades de todos los castellonenses<\/h2>\n\n\n\n<p><br>Las obras de la <a href=\"https:\/\/www.castello.es\/es\/zbe\" target=\"_blank\" rel=\"noreferrer noopener\" title=\"Zona de Bajas Emisiones (ZBE) en Castell\u00f3n\">Zona de Bajas Emisiones (ZBE) en Castell\u00f3n<\/a> avanzan cumpliendo con el calendario programado y culminando puntos como el denominado \u2018eje Clav\u00e9\u2019.<\/p>\n\n\n\n<p>El concejal de Urbanismo e Infraestructuras en el Ayuntamiento de Castell\u00f3n, Sergio Toledo, ha anunciado que \u201clas calles Arrufat Alonso, Plaza Clav\u00e9, Conde Pestagua y Sant Blai ya est\u00e1n concluidas\u201d. \u201cEsto supone que las obras en estos cuatro puntos han sido recepcionadas, por lo que ya cuentan con la se\u00f1al\u00e9tica, las plantaciones, as\u00ed como el mobiliario urbano y est\u00e1n acondicionadas tal y como marca la normativa europea para las Zonas de Bajas Emisiones\u201d, explica el edil.<\/p>\n\n\n\n<p>Toledo ha puesto en contexto informando de que \u201cestamos realizando esta actuaci\u00f3n, cumpliendo as\u00ed con la normativa europea que establece que municipios de m\u00e1s de 50.000 habitantes deben tener implantada la Zona de Bajas Emisiones con el objetivo de mejorar en accesibilidad, sostenibilidad y movilidad\u201d.<\/p>\n\n\n\n<blockquote class=\"wp-block-quote\"><p>Estamos consiguiendo que Castell\u00f3n sea una ciudad m\u00e1s verde y paseable, renaturalizada, adaptada a las necesidades de todos los castellonenses, mejorando la accesibilidad, cambiando el hormig\u00f3n por plantas y flores, aumentando un 195% los espacios estanciales con sombra<\/p><cite>Sergio Toledo, concejal de Urbanismo <\/cite><\/blockquote>\n\n\n\n<h3>Renaturalizaci\u00f3n, accesibilidad y participaci\u00f3n<\/h3>\n\n\n\n<p>Las mejoras que se est\u00e1n realizando en las calles de la ZBE contemplan m\u00e1s zonas ajardinadas y plantaci\u00f3n de \u00e1rboles, aceras adaptadas y calles que se est\u00e1n ensanchando y haciendo de plataforma \u00fanica, as\u00ed como se est\u00e1n utilizando materiales fonoabsorbentes para reducir el ruido y fotocatal\u00edticos para reducir la contaminaci\u00f3n.<\/p>\n\n\n\n<p>Asimismo, el concejal Sergio Toledo tambi\u00e9n ha apuntado que \u201cotro de los aspectos importantes es que desde antes de que diesen comienzo las obras hemos mantenido reuniones peri\u00f3dicas con los vecinos de las calles de la ZBE, para que sean conocedores en todo momento del proceso de mejora, as\u00ed como para resolver sus dudas, consensuar y hacerles part\u00edcipes en todo momento del proceso de remodelaci\u00f3n\u201d, declara el edil.<\/p>\n\n\n\n<figure class=\"wp-block-image size-large\"><img loading=\"lazy\" width=\"1024\" height=\"683\" src=\"https:\/\/agendaurbanacastello.es\/wp-content\/uploads\/2025\/02\/zona-bajas-emisiones2-1024x683.jpeg\" alt=\"\" class=\"wp-image-2527\" srcset=\"https:\/\/agendaurbanacastello.es\/wp-content\/uploads\/2025\/02\/zona-bajas-emisiones2-1024x683.jpeg 1024w, https:\/\/agendaurbanacastello.es\/wp-content\/uploads\/2025\/02\/zona-bajas-emisiones2-300x200.jpeg 300w, https:\/\/agendaurbanacastello.es\/wp-content\/uploads\/2025\/02\/zona-bajas-emisiones2-768x512.jpeg 768w, https:\/\/agendaurbanacastello.es\/wp-content\/uploads\/2025\/02\/zona-bajas-emisiones2-1536x1024.jpeg 1536w, https:\/\/agendaurbanacastello.es\/wp-content\/uploads\/2025\/02\/zona-bajas-emisiones2-2048x1365.jpeg 2048w, https:\/\/agendaurbanacastello.es\/wp-content\/uploads\/2025\/02\/zona-bajas-emisiones2-18x12.jpeg 18w, https:\/\/agendaurbanacastello.es\/wp-content\/uploads\/2025\/02\/zona-bajas-emisiones2-365x243.jpeg 365w\" sizes=\"(max-width: 1024px) 100vw, 1024px\" \/><figcaption>Zona Bajas Emisiones de Castell\u00f3n<\/figcaption><\/figure>\n\n\n\n<h3>Avances de las obras de la ZBE<\/h3>\n\n\n\n<p>En la<strong> calle Navarra s<\/strong>e est\u00e1n ultimando los detalles en lo que concierne a las labores de jardiner\u00eda, donde ya se han adecuado los parterres y esta semana se proceder\u00e1 a culminar con la plantaci\u00f3n de \u00e1rboles.<br><br>En la <strong>calle Bayer <\/strong>tambi\u00e9n avanzan \u201ca buen ritmo los trabajos\u201d, indica Toledo, de modo que la acera del lado mar est\u00e1 finalizada y ahora los trabajos est\u00e1n centrados en la acera del lado monta\u00f1a. Tambi\u00e9n han concluido las conexiones de la red de agua potable y esta semana el objetivo en la calle Bayer es poner la rigola y hormigonar las aceras, y as\u00ed la pr\u00f3xima semana proceder con la colocaci\u00f3n del adoqu\u00edn.<br><br>En la<strong> calle San Francisco<\/strong> se est\u00e1 colocando esta semana el adoqu\u00edn en las aceras del lado mar.<br><br>En la <strong>calle y Plaza de Sant Roc<\/strong>, siguen avanzando tambi\u00e9n los trabajos de adecuaci\u00f3n donde se han creado los parterres y se han realizado labores de jardiner\u00eda, instalaci\u00f3n de traviesas as\u00ed como el mobiliario urbano.<\/p>\n\n\n\n<h3>Financiaci\u00f3n europea y Agenda Urbana<\/h3>\n\n\n\n<p>La Zona de Bajas Emisiones es una actuaci\u00f3n enmarcada en el <a href=\"https:\/\/planderecuperacion.gob.es\/\" target=\"_blank\" rel=\"noreferrer noopener\">Plan de Recuperaci\u00f3n, Transformaci\u00f3n y Resiliencia (PRTR)<\/a> financiado con los fondos europeos Next Generation.<\/p>\n\n\n\n<p>Se trata de una actuaci\u00f3n contemplada en el plan de acci\u00f3n de la <a href=\"https:\/\/agendaurbanacastello.es\/va\/\" title=\"Agenda Urbana de Castell\u00f3n\">Agenda Urbana de Castell\u00f3n<\/a> que vine recogida en el proyecto estrat\u00e9gico denominando &#8220;<a href=\"https:\/\/agendaurbanacastello.es\/va\/ficha\/estrategia-de-supermanzanas-y-zonas-de-bajas-emisiones\/\" target=\"_blank\" rel=\"noreferrer noopener\" title=\"Estrat\u00e8gia de superilles i zones de baixes emissions\">Estrat\u00e8gia de superilles i zones de baixes emissions<\/a>&#8220;, que tiene como fin materializar una nueva reorganizaci\u00f3n del espacio p\u00fablico que favorezca una movilidad m\u00e1s eficiente, sostenible y segura a partir de una nueva jerarqu\u00eda viaria. <\/p>","protected":false},"excerpt":{"rendered":"<p>El principal objetivo de esta actuaci\u00f3n es hacer de Castell\u00f3n una ciudad m\u00e1s verde y paseable, renaturalizada, adaptada a las necesidades de todos los castellonenses, mejorando la accesibilidad, cambiando el hormig\u00f3n por plantas y flores, aumentando un 195% los espacios estanciales con sombra<\/p>","protected":false},"author":1,"featured_media":2526,"comment_status":"closed","ping_status":"closed","sticky":false,"template":"","format":"standard","meta":{"_monsterinsights_skip_tracking":false,"_monsterinsights_sitenote_active":false,"_monsterinsights_sitenote_note":"","_monsterinsights_sitenote_category":0},"categories":[1],"tags":[78,45,181,182,77,48,180,44,94,52],"acf":[],"_links":{"self":[{"href":"https:\/\/agendaurbanacastello.es\/va\/wp-json\/wp\/v2\/posts\/2525"}],"collection":[{"href":"https:\/\/agendaurbanacastello.es\/va\/wp-json\/wp\/v2\/posts"}],"about":[{"href":"https:\/\/agendaurbanacastello.es\/va\/wp-json\/wp\/v2\/types\/post"}],"author":[{"embeddable":true,"href":"https:\/\/agendaurbanacastello.es\/va\/wp-json\/wp\/v2\/users\/1"}],"replies":[{"embeddable":true,"href":"https:\/\/agendaurbanacastello.es\/va\/wp-json\/wp\/v2\/comments?post=2525"}],"version-history":[{"count":1,"href":"https:\/\/agendaurbanacastello.es\/va\/wp-json\/wp\/v2\/posts\/2525\/revisions"}],"predecessor-version":[{"id":2528,"href":"https:\/\/agendaurbanacastello.es\/va\/wp-json\/wp\/v2\/posts\/2525\/revisions\/2528"}],"wp:featuredmedia":[{"embeddable":true,"href":"https:\/\/agendaurbanacastello.es\/va\/wp-json\/wp\/v2\/media\/2526"}],"wp:attachment":[{"href":"https:\/\/agendaurbanacastello.es\/va\/wp-json\/wp\/v2\/media?parent=2525"}],"wp:term":[{"taxonomy":"category","embeddable":true,"href":"https:\/\/agendaurbanacastello.es\/va\/wp-json\/wp\/v2\/categories?post=2525"},{"taxonomy":"post_tag","embeddable":true,"href":"https:\/\/agendaurbanacastello.es\/va\/wp-json\/wp\/v2\/tags?post=2525"}],"curies":[{"name":"wp","href":"https:\/\/api.w.org\/{rel}","templated":true}]}}