{"id":2534,"date":"2025-02-21T09:33:00","date_gmt":"2025-02-21T09:33:00","guid":{"rendered":"https:\/\/agendaurbanacastello.es\/?p=2534"},"modified":"2025-02-26T10:12:41","modified_gmt":"2025-02-26T10:12:41","slug":"nuevo-plan-estrategico-de-turismo-de-castellon","status":"publish","type":"post","link":"https:\/\/agendaurbanacastello.es\/va\/nuevo-plan-estrategico-de-turismo-de-castellon\/","title":{"rendered":"Nuevo Plan Estrat\u00e9gico de Turismo de Castell\u00f3n"},"content":{"rendered":"<p><\/p>\n\n\n\n<h2>Un plan desarrollado en colaboraci\u00f3n con la Universitat Jaume I estructurado en siete l\u00edneas estrat\u00e9gicas clave<\/h2>\n\n\n\n<p><\/p>\n\n\n\n<p>La alcaldesa de Castell\u00f3n, Bego\u00f1a Carrasco, ha presentado esta ma\u00f1ana el <strong>Plan Estrat\u00e9gico de Turismo 2025-2027<\/strong>, un documento que ha contado con la colaboraci\u00f3n en su elaboraci\u00f3n del <a href=\"https:\/\/www.uji.es\/serveis\/ocit\/base\/grupsinvestigacio\/detall?codi=073\" target=\"_blank\" rel=\"noreferrer noopener\" title=\"Gabinete de Estudios Tur\u00edsticos de la UJI\">Gabinete de Estudios Tur\u00edsticos de la UJI<\/a>, en coordinaci\u00f3n con el <a href=\"https:\/\/www.castellonturismo.com\/\" target=\"_blank\" rel=\"noreferrer noopener\" title=\"Patronato Municipal de Turismo\">Patronato Municipal de Turismo<\/a>, y que marcar\u00e1 las directrices del desarrollo tur\u00edstico de Castell\u00f3n en los pr\u00f3ximos a\u00f1os. La presentaci\u00f3n ha tenido lugar en el Centro Integrado P\u00fablico de Formaci\u00f3n Profesional Costa de Azahar (COSDA) y ha contado con la intervenci\u00f3n tambi\u00e9n del secretario auton\u00f3mico de Turismo, Jos\u00e9 Manuel Camarero, adem\u00e1s de la concejala de Turismo, Arantxa Miralles y la coordinadora del Gabinete de Estudios Tur\u00edsticos de la Universitat Jaume I, Rosa Guti\u00e9rrez.<\/p>\n\n\n\n<p>Adem\u00e1s, este acto de presentaci\u00f3n ha tenido la asistencia de los ediles responsables de distintas \u00e1reas relacionadas con el turismo en la ciudad, como la teniente de alcalde del Grao, Ester Giner; el concejal de Infraestructuras, Sergio Toledo; la concejala de Fiestas, Noelia Selma, la concejala de Cultura, Mar\u00eda Espa\u00f1a; y la concejal de Deportes, Maica Hurtado. As\u00ed mismo, han estado presentes el director general de Turismo, Israel Mart\u00ednez, y representantes de instituciones como la Diputaci\u00f3 de Castell\u00f3, C\u00e1mara de Comercio, Puerto, Aeropuerto de Castell\u00f3n, Real Club N\u00e1utico, del Aeroclub, hoteles, restaurantes, servicios y diferentes empresas tur\u00edsticas de la ciudad de Castell\u00f3n.<\/p>\n\n\n\n<h3>Colaboraci\u00f3n p\u00fablico-privada<\/h3>\n\n\n\n<p>La alcaldesa de Castell\u00f3n ha querido remarcar que \u201choy presentamos nuestra hoja de ruta, realizada adem\u00e1s por nuestra fuente de conocimiento que es nuestra <a href=\"https:\/\/www.uji.es\/\" target=\"_blank\" rel=\"noreferrer noopener\" title=\"Universitat Jaume I,\">Universitat Jaume I,<\/a> en la que lo que vamos a apostar es por la desestacionalizaci\u00f3n tur\u00edstica y lo vamos a hacer de la mano del sector y sus empresas\u201d.<\/p>\n\n\n\n<p>\u201cVamos a apostar por diferentes mesas de trabajo que son consecuencia de esa Asamblea de Turismo que convocamos, que llevaba ocho a\u00f1os sin convocarse y lo que vamos a hacer es trabajar de forma coordinada entre administraciones y con la colaboraci\u00f3n p\u00fablico-privada para desestacionalizar nuestra oferta tur\u00edstica\u201d, ha avanzado.<\/p>\n\n\n\n<blockquote class=\"wp-block-quote\"><p>Castell\u00f3n es un diamante en bruto; tenemos mucho trabajo todav\u00eda por hacer y este plan estrat\u00e9gico de turismo es nuestra hoja de ruta. Es d\u00f3nde queremos ir, con qui\u00e9n queremos ir y c\u00f3mo queremos posicionar en el mapa nacional internacional la ciudad de Castell\u00f3n.<\/p><cite>Bego\u00f1a Carrasco, alcaldesa de Castell\u00f3n<\/cite><\/blockquote>\n\n\n\n<p>Carrasco ha repasado los principales tipos de turismo por los que apuesta la capital \u201cpor supuesto con el turismo gastron\u00f3mico, con el turismo de congresos y turismo deportivo. Nos dirigimos tambi\u00e9n a un p\u00fablico familiar y seguimos apostando tambi\u00e9n por nuestra oferta cultural todo el a\u00f1o y por desestacionalizar el turismo con la internacionalizaci\u00f3n de nuestras Fiestas de la Magdalena, que nos sirven para que tengamos turismo todo el a\u00f1o, que es lo que queremos para la ciudad de Castell\u00f3n\u201d.<\/p>\n\n\n\n<p>La alcaldesa ha insistido en que \u201ces fundamental la colaboraci\u00f3n interinstitucional y sobre todo la colaboraci\u00f3n p\u00fablico-privada Ser\u00e1 el sector el que nos diga que ellos son los que trabajan d\u00eda a d\u00eda, son nuestros ojos y nuestro coraz\u00f3n con el visitante, los que nos digan cu\u00e1les son las mejores estrategias para posicionarnos y para posicionar la marca Castell\u00f3n en todos y cada uno de los productos que nosotros queremos ofrecer\u201d.<\/p>\n\n\n\n<figure class=\"wp-block-image size-large\"><img loading=\"lazy\" width=\"1024\" height=\"683\" src=\"https:\/\/agendaurbanacastello.es\/wp-content\/uploads\/2025\/02\/Carrasco-Plan-Estrategico-Turismo-3-1024x683.jpg\" alt=\"\" class=\"wp-image-2536\" srcset=\"https:\/\/agendaurbanacastello.es\/wp-content\/uploads\/2025\/02\/Carrasco-Plan-Estrategico-Turismo-3-1024x683.jpg 1024w, https:\/\/agendaurbanacastello.es\/wp-content\/uploads\/2025\/02\/Carrasco-Plan-Estrategico-Turismo-3-300x200.jpg 300w, https:\/\/agendaurbanacastello.es\/wp-content\/uploads\/2025\/02\/Carrasco-Plan-Estrategico-Turismo-3-768x512.jpg 768w, https:\/\/agendaurbanacastello.es\/wp-content\/uploads\/2025\/02\/Carrasco-Plan-Estrategico-Turismo-3-1536x1024.jpg 1536w, https:\/\/agendaurbanacastello.es\/wp-content\/uploads\/2025\/02\/Carrasco-Plan-Estrategico-Turismo-3-2048x1365.jpg 2048w, https:\/\/agendaurbanacastello.es\/wp-content\/uploads\/2025\/02\/Carrasco-Plan-Estrategico-Turismo-3-18x12.jpg 18w, https:\/\/agendaurbanacastello.es\/wp-content\/uploads\/2025\/02\/Carrasco-Plan-Estrategico-Turismo-3-365x243.jpg 365w\" sizes=\"(max-width: 1024px) 100vw, 1024px\" \/><figcaption>Bego\u00f1a Carrasco durante la presentaci\u00f3n del Plan Estrat\u00e9gico de Turismo de Castell\u00f3n<\/figcaption><\/figure>\n\n\n\n<p>Tambi\u00e9n ha destacado el papel \u201cdel puerto y el aeropuerto. Es un momento dulce para Castell\u00f3n porque tenemos estas infraestructuras de comunicaci\u00f3n: el puerto est\u00e1 experimentando crecimiento constante y el de Castell\u00f3n es uno de los aeropuertos que m\u00e1s crece a nivel nacional tambi\u00e9n\u201d.<\/p>\n\n\n\n<h3>Siete l\u00edneas estrat\u00e9gicas y cinco mesas t\u00e9cnicas<\/h3>\n\n\n\n<p>La concejal de Turismo ha se\u00f1alado que \u201cpor fin Castell\u00f3n cuenta con un Plan Estrat\u00e9gico de Turismo que nos permitir\u00e1 trabajar con una hoja de ruta clara y efectiva para consolidarnos como un destino tur\u00edstico de referencia. Este plan nos ofrece el diagn\u00f3stico que necesit\u00e1bamos para conocer nuestras fortalezas y \u00e1reas de mejora, estableciendo hasta siete l\u00edneas estrat\u00e9gicas que impulsen un turismo de calidad, sostenible y beneficioso para nuestra ciudad. Es un paso fundamental para garantizar el crecimiento equilibrado del sector y su impacto positivo en la econom\u00eda local&#8221;.<\/p>\n\n\n\n<p>La edila ha indicado que \u201cel Plan tendr\u00e1 el objetivo de fomentar una cooperaci\u00f3n activa entre empresas e instituciones del sector. As\u00ed se plantean una serie de mesas t\u00e9cnicas, foros m\u00e1s espec\u00edficos y colaborativos dise\u00f1ados como puntos de encuentro para trabajar en estrategias concretas. En este sentido, se plantea la activaci\u00f3n de cinco mesas t\u00e9cnicas especializadas: turismo cultural, turismo gastron\u00f3mico, turismo familiar, turismo activo y turismo de congresos\u201d.<\/p>\n\n\n\n<p>\u201cLos objetivos clave del Plan son proyectar una imagen \u00fanica y coherente para todos los productos tur\u00edsticos y construir un relato que transmita al turista los valores del territorio. Para ello, se han definido propuestas, entre las que destacan el desarrollo de la marca, la web, las redes sociales y la comunicaci\u00f3n offl-ine, entre otras\u201d, ha resumido Miralles.<\/p>\n\n\n\n<h3>500.000 visitantes en 2024 y marca propia<\/h3>\n\n\n\n<p>Bego\u00f1a Carrasco se ha referido tambi\u00e9n al despegue tur\u00edstico de Castell\u00f3n, gracias a infraestructuras como el Aeropuerto de Castell\u00f3n. El a\u00f1o pasado tuvimos 500.000 visitantes, 400.000 de ellos nacionales, 100.000 extranjeros. Y vamos a vamos a por los extranjeros. Lo que queremos es que el turismo crezca y sobre todo insistir en el t\u00e9rmino de desestacionalizaci\u00f3n, por eso nuestra oferta deportiva, por eso nuestra oferta cultural, por eso nuestra oferta gastron\u00f3mica, nuestras fiestas durante todo el a\u00f1o\u201d.<\/p>\n\n\n\n<p>La alcaldesa ha abundado tambi\u00e9n en la necesidad de que \u201cCastell\u00f3n pueda tener una marca tur\u00edstica propia, porque hasta ahora no la ha tenido, y en la que estamos trabajando ya con la Conselleria. Castell\u00f3n tiene car\u00e1cter propio, idiosincrasia propia y nos lo merecemos, lo necesitamos y queremos vendernos internacionalmente. Castell\u00f3n es un diamante en bruto y todas las l\u00edneas de acci\u00f3n que podamos trabajar para vender esa marca de forma nacional e internacional las vamos a explorar y explotar\u201d.<\/p>\n\n\n\n<h3>Apoyo de la Generalitat<\/h3>\n\n\n\n<p>Por su parte, el secretario auton\u00f3mico, Jos\u00e9 Manuel Camarero ha destacado \u201clo importante que es para la Generalitat Valenciana que una ciudad como Castell\u00f3n, capital de provincia apueste por hacer bien las cosas. Primero por tener una visi\u00f3n tur\u00edstica en una comunidad a la que representa el 16% del Producto Interior Bruto, el sector tur\u00edstico, pero no solamente esto, sino 300.000 empleos\u201d.<\/p>\n\n\n\n<p>Tambi\u00e9n ha resaltado Camarero la redacci\u00f3n de este Plan Estrat\u00e9gico con \u201cla colaboraci\u00f3n p\u00fablico-privada y de la mano de la UJI. Una colaboraci\u00f3n con el sector, con el liderazgo de las instituciones y con el apoyo de la Generalitat. Castell\u00f3n es una ciudad ambiciosa en su crecimiento tur\u00edstico, una ciudad que quiere ser grande tur\u00edsticamente y que para ello est\u00e1 trabajando muy bien. Porque el turismo suma a los ciudadanos, empresas y a las instituciones para llevar a Castell\u00f3n donde se merece\u201d.<\/p>\n\n\n\n<h3>Uno de los proyectos estrat\u00e9gicos del plan de acci\u00f3n de la Agenda Urbana de Castell\u00f3n<\/h3>\n\n\n\n<p>El plan de acci\u00f3n de la <a href=\"https:\/\/agendaurbanacastello.es\/va\/\" target=\"_blank\" rel=\"noreferrer noopener\" title=\"Agenda Urbana de Castell\u00f3n\">Agenda Urbana de Castell\u00f3n<\/a> cuenta con el proyecto estrat\u00e9gico <a href=\"https:\/\/agendaurbanacastello.es\/va\/ficha\/turismo-sostenible-inteligente-y-deportivo\/\" target=\"_blank\" rel=\"noreferrer noopener\" title=\"&quot;Turismo sostenible, inteligente y deportivo&quot;\">&#8220;Turismo sostenible, inteligente y deportivo&#8221;<\/a> con el fin de consolidar la ciudad y su entorno como un destino tur\u00edstico sostenible a trav\u00e9s de nuevas  experiencias a los visitantes o mejorando los bienes culturales de la ciudad. <\/p>\n\n\n\n<p>En esta l\u00ednea, contempla un conjunto de actuaciones recopiladas en el nuevo Plan Estrat\u00e9gico de Turismo con el fin de consolidar Castell\u00f3n como un  destino tur\u00edstico sostenible, brindando una oferta integral durante todo el a\u00f1o, que incluya tanto el casco urbano, como el litoral, el espacio natural y el espacio rural, fomentando el conocimiento de sus activos culturales, patrimoniales y paisaj\u00edsticos, pero a la vez protegiendo los recursos naturales que lo sostienen, respetando e involucrando a la ciudadan\u00eda.<\/p>\n\n\n\n<p><\/p>","protected":false},"excerpt":{"rendered":"<p>Un plan desarrollado en colaboraci\u00f3n con la UJI y las empresas del sector con el fin de  desestacionalizar la oferta tur\u00edstica y posicionar Castell\u00f3n como destino de referencia todo el a\u00f1o<\/p>","protected":false},"author":1,"featured_media":2537,"comment_status":"closed","ping_status":"closed","sticky":false,"template":"","format":"standard","meta":{"_monsterinsights_skip_tracking":false,"_monsterinsights_sitenote_active":false,"_monsterinsights_sitenote_note":"","_monsterinsights_sitenote_category":0},"categories":[1],"tags":[48,128,93,57,91],"acf":[],"_links":{"self":[{"href":"https:\/\/agendaurbanacastello.es\/va\/wp-json\/wp\/v2\/posts\/2534"}],"collection":[{"href":"https:\/\/agendaurbanacastello.es\/va\/wp-json\/wp\/v2\/posts"}],"about":[{"href":"https:\/\/agendaurbanacastello.es\/va\/wp-json\/wp\/v2\/types\/post"}],"author":[{"embeddable":true,"href":"https:\/\/agendaurbanacastello.es\/va\/wp-json\/wp\/v2\/users\/1"}],"replies":[{"embeddable":true,"href":"https:\/\/agendaurbanacastello.es\/va\/wp-json\/wp\/v2\/comments?post=2534"}],"version-history":[{"count":2,"href":"https:\/\/agendaurbanacastello.es\/va\/wp-json\/wp\/v2\/posts\/2534\/revisions"}],"predecessor-version":[{"id":2538,"href":"https:\/\/agendaurbanacastello.es\/va\/wp-json\/wp\/v2\/posts\/2534\/revisions\/2538"}],"wp:featuredmedia":[{"embeddable":true,"href":"https:\/\/agendaurbanacastello.es\/va\/wp-json\/wp\/v2\/media\/2537"}],"wp:attachment":[{"href":"https:\/\/agendaurbanacastello.es\/va\/wp-json\/wp\/v2\/media?parent=2534"}],"wp:term":[{"taxonomy":"category","embeddable":true,"href":"https:\/\/agendaurbanacastello.es\/va\/wp-json\/wp\/v2\/categories?post=2534"},{"taxonomy":"post_tag","embeddable":true,"href":"https:\/\/agendaurbanacastello.es\/va\/wp-json\/wp\/v2\/tags?post=2534"}],"curies":[{"name":"wp","href":"https:\/\/api.w.org\/{rel}","templated":true}]}}