{"id":2554,"date":"2025-03-03T08:14:00","date_gmt":"2025-03-03T08:14:00","guid":{"rendered":"https:\/\/agendaurbanacastello.es\/?p=2554"},"modified":"2025-03-04T11:21:45","modified_gmt":"2025-03-04T11:21:45","slug":"presentacion-proyecto-castellon-naturaleza-en-red","status":"publish","type":"post","link":"https:\/\/agendaurbanacastello.es\/va\/presentacion-proyecto-castellon-naturaleza-en-red\/","title":{"rendered":"Presentaci\u00f3n proyecto \u201cCastell\u00f3n Naturaleza en Red\u201d"},"content":{"rendered":"<h2>Una iniciativa que contempla la inversi\u00f3n de 3,5 millones de euros de fondos FEDER  para el impulso de renaturalizaci\u00f3n de ciudades<\/h2>\n\n\n\n<p>La alcaldesa de Castell\u00f3n, Bego\u00f1a Carrasco, ha presentado esta ma\u00f1ana <strong>\u201cCastell\u00f3n Naturaleza en Red\u201d<\/strong>, una iniciativa que va a permitir continuar con la apuesta municipal por la renaturalizaci\u00f3n de la ciudad. Junto a la alcaldesa ha estado presente en la rueda de prensa que ha servido como presentaci\u00f3n del proyecto la directora de la Oficina de Planificaci\u00f3n y Proyecci\u00f3n Econ\u00f3mica del <a href=\"https:\/\/www.castello.es\/va\/inici\" target=\"_blank\" rel=\"noreferrer noopener\" title=\"Ayuntamiento de Castell\u00f3n\">Ayuntamiento de Castell\u00f3n<\/a>, Carmen Vilanova.<\/p>\n\n\n\n<p>Carrasco ha recordado que \u201ceste proyecto tiene que ver con una de nuestras principales apuestas y compromisos con la ciudadan\u00eda desde que llegamos a la responsabilidad de gobierno, como es la renaturalizaci\u00f3n de nuestra ciudad. Es la apuesta por una ciudad m\u00e1s verde, m\u00e1s sostenible, paseable y accesible para todos nuestros vecinos y vecinas\u201d.<\/p>\n\n\n\n<p>La primera edila ha informado que \u201cel Ayuntamiento ha solicitado para ello unas ayudas a trav\u00e9s de la Fondo Europeo de Desarrollo Regional (FEDER) que asciendes a 3,5 millones de euros, con una financiaci\u00f3n al 60%, siendo el plazo de ejecuci\u00f3n m\u00e1ximo de tres a\u00f1os\u201d. Se trata de la convocatoria de subvenciones de la <a href=\"https:\/\/fundacion-biodiversidad.es\/\" target=\"_blank\" rel=\"noreferrer noopener\" title=\"Fundaci\u00f3n Biodiversidad\">Fundaci\u00f3n Biodiversidad<\/a>, en r\u00e9gimen de concurrencia competitiva, para el fomento de actuaciones dirigidas al <a href=\"https:\/\/fundacion-biodiversidad.es\/convocatorias_feder\/convocatoria-de-ayudas-feder-para-el-impulso-de-la-renaturalizacion-de-ciudades\/\" target=\"_blank\" rel=\"noreferrer noopener\" title=\"desarrollo y consolidaci\u00f3n de la infraestructura verde para la renaturalizaci\u00f3n y resiliencia de ciudades espa\u00f1olas correspondiente al a\u00f1o 2024\">desarrollo y consolidaci\u00f3n de la infraestructura verde para la renaturalizaci\u00f3n y resiliencia de ciudades espa\u00f1olas correspondiente al a\u00f1o 2024<\/a>. <\/p>\n\n\n\n<h3>Oasis clim\u00e1ticos en centros educativos<\/h3>\n\n\n\n<p>En cuanto a las acciones a llevar a cabo, la alcaldesa ha destacado por encima de todas \u201clas actuaciones en los patios de centros educativos para convertirlos en oasis clim\u00e1ticos. Un proyecto de renaturalizaci\u00f3n que incluir\u00eda la instalaci\u00f3n de cubiertas y p\u00e9rgolas vegetales, jardines mediterr\u00e1neos, para mejorar el aislamiento t\u00e9rmico de los colegios en los patios y generar m\u00e1s zonas de sombra donde poder jugar nuestros ni\u00f1os y ni\u00f1as\u201d.<\/p>\n\n\n\n<p>La alcaldesa ha reconocido su inter\u00e9s \u201cy especial ilusi\u00f3n con el trabajo con la comunidad educativa. En funci\u00f3n de la cantidad asignada se realizar\u00eda cada proyecto para no interrumpir el buen funcionamiento escolar y por tanto lo adaptar\u00edamos a la casu\u00edstica de cada caso. Estamos hablando de cambiar hormig\u00f3n por infraestructura verde\u201d.<\/p>\n\n\n\n<h3>Criterios de vulnerabilidad<\/h3>\n\n\n\n<p>Respecto a los criterios para la elecci\u00f3n de los centros educativos en los que se actuar\u00e1 \u201cprimero vamos a abordar los de mayor vulnerabilidad, que son los Colegios de Educaci\u00f3n Especial, y tambi\u00e9n se tendr\u00e1n en cuenta factores como el estr\u00e9s t\u00e9rmico de cada colegio\u201d.<\/p>\n\n\n\n<p>La alcaldesa ha puesto en valor el trabajo realizado, desde hace m\u00e1s de un a\u00f1o en este proyecto desde Planificaci\u00f3n Econ\u00f3mica en colaboraci\u00f3n con la concejal\u00eda de Educaci\u00f3n. \u201cFalta sentarnos con la comunidad educativa para que sean ellos mismos los que decidan lo que quieren para su colegio. Nos parece fundamental escuchar su voz y, por supuesto, que ellos mismos puedan votar, que ellos mismos puedan decidir lo que es m\u00e1s \u00f3ptimo y adecuado para su uso diario y cotidiano en los patios de sus propios colegios\u201d, ha recordado.<\/p>\n\n\n\n<p>Respecto a los criterios de selecci\u00f3n, Carmen Vilanova, ha avanzado que ser\u00e1n entre 10 y 15 los centros donde se actuar\u00e1 y \u201ctambi\u00e9n se va a estudiar el nivel de vegetaci\u00f3n en un \u00e1rea de 300 m\u00b2 alrededor de los colegios, por tanto tambi\u00e9n se priorizar\u00e1 a aquellos que tengan menos superficie vegetal alrededor, y tambi\u00e9n se va a estudiar por vulnerabilidad aquellos que est\u00e9n m\u00e1s cercanos a \u00e1reas de regeneraci\u00f3n urbana, \u00e1reas m\u00e1s vulnerables dentro de la ciudad\u201d.<\/p>\n\n\n\n<p>En cuanto a la inversi\u00f3n en estas actuaciones, las acciones que mejorar\u00e1n los colegios estar\u00e1n por encima del 50% del total concedido de estas ayudas ,con una estimaci\u00f3n inicial de 1.734.552 euros.<\/p>\n\n\n\n<figure class=\"wp-block-image size-large\"><img loading=\"lazy\" width=\"1024\" height=\"682\" src=\"https:\/\/agendaurbanacastello.es\/wp-content\/uploads\/2025\/03\/naturaleza-en-red-1024x682.jpeg\" alt=\"\" class=\"wp-image-2557\" srcset=\"https:\/\/agendaurbanacastello.es\/wp-content\/uploads\/2025\/03\/naturaleza-en-red-1024x682.jpeg 1024w, https:\/\/agendaurbanacastello.es\/wp-content\/uploads\/2025\/03\/naturaleza-en-red-300x200.jpeg 300w, https:\/\/agendaurbanacastello.es\/wp-content\/uploads\/2025\/03\/naturaleza-en-red-768x512.jpeg 768w, https:\/\/agendaurbanacastello.es\/wp-content\/uploads\/2025\/03\/naturaleza-en-red-1536x1023.jpeg 1536w, https:\/\/agendaurbanacastello.es\/wp-content\/uploads\/2025\/03\/naturaleza-en-red-18x12.jpeg 18w, https:\/\/agendaurbanacastello.es\/wp-content\/uploads\/2025\/03\/naturaleza-en-red-365x243.jpeg 365w, https:\/\/agendaurbanacastello.es\/wp-content\/uploads\/2025\/03\/naturaleza-en-red.jpeg 1600w\" sizes=\"(max-width: 1024px) 100vw, 1024px\" \/><figcaption>Presentaci\u00f3n proyecto Castell\u00f3n Naturaleza en Red <\/figcaption><\/figure>\n\n\n\n<h3>Estanques<\/h3>\n\n\n\n<p>Por otro lado, la alcaldesa se ha referido a otro puntos tambi\u00e9n importantes donde que se quiere actuar, como son los estanques, donde intervendr\u00e1 \u201cen su renaturalizaci\u00f3n ecol\u00f3gica. Y tambi\u00e9n actuar con especies vegetales y animales aut\u00f3ctonas para mejorar el estado de estas zonas de agua\u201d.<\/p>\n\n\n\n<p>\u201cAs\u00ed, vamos a actuar en diferentes puntos como en el emblem\u00e1tico estanque del Parque Ribalta o el del Parque Ge\u00f3logo Royo\u201d, ha adelantado.<\/p>\n\n\n\n<p>Otros puntos donde se invertir\u00edan estos fondos ser\u00eda el Parque M\u00e9rida, en el Distrito Oeste. En este caso, Carmen Vilanova ha apuntado que \u201cen la actualidad no tiene agua porque ten\u00eda problemas de filtraciones. As\u00ed que lo vamos a reformar entero y va a ser el \u2018tope gama\u2019 de los estanques naturalizados, con much\u00edsimas actuaciones para que sea un laboratorio vivo, dentro de la ciudad, para que escolares y ciudadan\u00eda puedan ir a conocer los ecosistemas acu\u00e1ticos y subacu\u00e1ticos que se van a desarrollar\u201d.<\/p>\n\n\n\n<h3>Naturalizaci\u00f3n en glorietas<\/h3>\n\n\n\n<p>La m\u00e1xima responsable municipal ha compartido la \u00faltima de las acciones de renaturalizaci\u00f3n de este \u201cCastell\u00f3n Naturaleza en Red\u201d apuesta \u201cpor la renaturalizaci\u00f3n tambi\u00e9n de zonas urbanas como las glorietas, mejorando su aspecto mediante la plantaci\u00f3n de \u00e1rboles y plantas aut\u00f3ctonas. Creando peque\u00f1os bosques urbanos, que mejoran la calidad del aire y reducen el efecto \u201cisla de calor\u201d, que muchas veces padecen las ciudades, agravado por la presencia de asfalto y del tr\u00e1fico rodado\u201d.<\/p>\n\n\n\n<p>Carrasco ha indicado que \u201clos puntos donde vamos a actuar son en la glorieta junto al Hospital General Universitario de Castell\u00f3n, la de la fuente en la antigua N-340, hoy avenida del Castell Vell. Esta es una de las entradas a nuestra ciudad, que conecta ronda oeste y ronda norte. Y queremos que luzca lo mejor posible, con m\u00e1s vegetaci\u00f3n, m\u00e1s verde y bonita, adem\u00e1s de la ornamentaci\u00f3n que ya de por s\u00ed tiene por la propia fuente.<\/p>\n\n\n\n<p>\u201cTambi\u00e9n vamos a actuar en otra importante entrada, en este caso al Grao, como es la rotonda de acceso de la autov\u00eda CS-22, sobre la avenida del Serradal. Otro lugar tambi\u00e9n con mucho paso, sobre todo en la \u00e9poca estival, donde mucha gente se acerca en coche hasta nuestras playas\u201d, ha adelantado.<\/p>\n\n\n\n<p>La suma de las actuaciones en estanques, fuentes y glorietas municipales est\u00e1 estimada en 986.986 euros.<\/p>\n\n\n\n<h3>Cubiertas vegetales<\/h3>\n\n\n\n<p>Bego\u00f1a Carrasco ha nombrado una tercera acci\u00f3n \u201cque tiene que ver con la renaturalizaci\u00f3n a trav\u00e9s de cubiertas vegetales, en lugares del casco urbano, en las calles o plazas m\u00e1s frecuentadas de nuestra ciudad\u201d.<\/p>\n\n\n\n<p>\u201cEn concreto vamos a actuar en la renaturalizaci\u00f3n vegetal de las cubiertas de Plaza Santa Clara, permitiendo una reducci\u00f3n del efecto isla de calor en una de las zonas m\u00e1s transitadas de la ciudad Oficina de Planificaci\u00f3n y Proyecci\u00f3n Econ\u00f3mica\u201d, ha apuntado.<\/p>\n\n\n\n<p>La alcaldesa de Castell\u00f3n ha explicitado que \u201chablamos de dos zonas diferenciadas. Una de mayor envergadura, de 600 m\u00b2, que tiene que ver con la cubierta de la estructura en \u2018U\u2019 que recrea el antiguo claustro del convento de las monjas clarisas, por el que recibe el nombre esta c\u00e9ntrica plaza, una de las plazas m\u00e1s conocidas y frecuentadas de nuestra ciudad\u201d. Y otra cubierta vegetal m\u00e1s peque\u00f1a, de unos 150 m\u00b2, en la zona de las florister\u00edas\u201d.<\/p>\n\n\n\n<p>Aqu\u00ed el presupuesto de las acciones de cubiertas vegetales asciende a 320.746 euros<\/p>\n\n\n\n<figure class=\"wp-block-image size-large\"><img loading=\"lazy\" width=\"1024\" height=\"687\" src=\"https:\/\/agendaurbanacastello.es\/wp-content\/uploads\/2025\/03\/Paseo_central_Parque_Ribalta-1024x687.jpg\" alt=\"\" class=\"wp-image-2556\" srcset=\"https:\/\/agendaurbanacastello.es\/wp-content\/uploads\/2025\/03\/Paseo_central_Parque_Ribalta-1024x687.jpg 1024w, https:\/\/agendaurbanacastello.es\/wp-content\/uploads\/2025\/03\/Paseo_central_Parque_Ribalta-300x201.jpg 300w, https:\/\/agendaurbanacastello.es\/wp-content\/uploads\/2025\/03\/Paseo_central_Parque_Ribalta-768x515.jpg 768w, https:\/\/agendaurbanacastello.es\/wp-content\/uploads\/2025\/03\/Paseo_central_Parque_Ribalta-1536x1031.jpg 1536w, https:\/\/agendaurbanacastello.es\/wp-content\/uploads\/2025\/03\/Paseo_central_Parque_Ribalta-2048x1374.jpg 2048w, https:\/\/agendaurbanacastello.es\/wp-content\/uploads\/2025\/03\/Paseo_central_Parque_Ribalta-18x12.jpg 18w\" sizes=\"(max-width: 1024px) 100vw, 1024px\" \/><figcaption>Paseo central parque Ribalta<\/figcaption><\/figure>\n\n\n\n<h3>Colaboraci\u00f3n con SEO Birdlife<\/h3>\n\n\n\n<p>Antes de continuar, quiero tambi\u00e9n apuntar que, dentro de esta propuesta que ha presentado el Ayuntamiento de Castell\u00f3n, vamos a contar tambi\u00e9n con la colaboraci\u00f3n, el asesoramiento y el trabajo de una organizaci\u00f3n como es \u201c<a href=\"https:\/\/seo.org\/hazte-socio\/?gad_source=1&amp;gclid=EAIaIQobChMInrnh7YzwiwMV3z4GAB3OJwW6EAAYASAAEgL4XfD_BwE\" target=\"_blank\" rel=\"noreferrer noopener\" title=\"SEO Birdlife\">SEO Birdlife<\/a>\u201d. Una de las organizaciones medioambientales con m\u00e1s prestigio del mundo.<\/p>\n\n\n\n<p>SEO\/BirdLife, la Sociedad Espa\u00f1ola de Ornitolog\u00eda, es la ONG ambiental decana en Espa\u00f1a. Fundada en 1954, tiene como misi\u00f3n conservar la biodiversidad con la participaci\u00f3n e implicaci\u00f3n de la sociedad.<\/p>\n\n\n\n<h3>Apuesta por la Participaci\u00f3n Ciudadana<\/h3>\n\n\n\n<p>Bego\u00f1a Carrasco ha querido tambi\u00e9n mencionar de manera especial que \u201ctodos los proyectos de los que estamos hablando van a contar con la voz y con las aportaciones de los vecinos de Castell\u00f3n. Aqu\u00ed queremos tambi\u00e9n apostar por la Participaci\u00f3n Ciudadana, por el di\u00e1logo y por un Castell\u00f3n de todos y construido entre todos\u201d.<\/p>\n\n\n\n<p>\u201cAs\u00ed trasladaremos los detalles de estas acciones y tambi\u00e9n recabaremos las opiniones tanto del Consejo de Participaci\u00f3n Ciudadana, comunidades educativas de la ciudad, Consejo Social de la Ciudad y el conjunto de la sociedad castellonense. Porque queremos que este \u201cCastell\u00f3n Naturaleza en Red\u201d sea, efectivamente, un proyecto nacido con la participaci\u00f3n tanto del Ayuntamiento de Castell\u00f3n como de sus diferentes \u00f3rganos de participaci\u00f3n o de los vecinos de los barrios de la ciudad\u201d.<\/p>\n\n\n\n<p>El proyecto contempla tambi\u00e9n 457.406 euros en materia de acciones de sensibilizaci\u00f3n e indicadores.<\/p>\n\n\n\n<h3>Infraestructuras verdes y azules<\/h3>\n\n\n\n<p>La responsable de la Oficina de Planificaci\u00f3n y Proyecci\u00f3n Econ\u00f3mica, Carmen Vilanova ha resaltado tambi\u00e9n que \u201ceste un proyecto de infraestructuras verdes y azules\u201d.<\/p>\n\n\n\n<p>\u201cDe hecho, vamos a trabajar en una estrategia importante a nivel de ciudad para estas infraestructuras verdes y azules, que adem\u00e1s podamos medir c\u00f3mo impactan en la biodiversidad de la ciudad de Castell\u00f3n. Es decir, queremos ver verde, pero queremos tambi\u00e9n ver c\u00f3mo ese verde puede atraer y puede mejorar el nivel de aves, otro tipo de plantas, insectos, polinizadoras, mariposas, en la ciudad de Castell\u00f3n, y lo vamos a medir tambi\u00e9n\u201d, ha indicado.<\/p>\n\n\n\n<p>Respecto a los oasis clim\u00e1ticos en los centros educativo tambi\u00e9n ha querido reforzar las palabras de la alcaldesa, recordando que \u201cser\u00e1n los colegios los que decidan si priorizan m\u00e1s gasto en un huerto urbano, en un jard\u00edn de polinizadores, hotel de insectos, en mobiliario verde debajo de las p\u00e9rgolas, en arbolado, en plantas, etc.\u201d.<\/p>\n\n\n\n<h3>Un proyecto enmarcado en el plan de acci\u00f3n de la Agenda Urbana de Castell\u00f3n <\/h3>\n\n\n\n<p>La <a href=\"https:\/\/agendaurbanacastello.es\/va\/\" target=\"_blank\" rel=\"noreferrer noopener\" title=\"Agenda Urbana de Castell\u00f3n\">Agenda Urbana de Castell\u00f3n<\/a>, documento estrat\u00e9gico de ciudad para el desarrollo urbano sostenible e integrado, contempla en su plan de acci\u00f3n varios proyectos estrat\u00e9gicos de ciudad para fomentar el desarrollo y consolidaci\u00f3n de infraestructura verde para la renaturalizaci\u00f3n y resiliencia de la ciudad:<\/p>\n\n\n\n<ul><li><a href=\"https:\/\/agendaurbanacastello.es\/va\/ficha\/estrategia-de-renaturalizacion-municipal-y-restauracion-ecologica\/\" target=\"_blank\" rel=\"noreferrer noopener\" title=\"Estrategia de renaturalizaci\u00f3n municipal y restauraci\u00f3n ecol\u00f3gica\">Estrategia de renaturalizaci\u00f3n municipal y restauraci\u00f3n ecol\u00f3gica<\/a>: consolidar las infraestructuras verdes y restaurar los sistemas fluviales y zonas h\u00famedas para conservar y poner en valor los activos ambientales paisaj\u00edsticos y culturales del territorio.<\/li><li><a href=\"https:\/\/agendaurbanacastello.es\/va\/ficha\/biodiversidad-urbana\/\" target=\"_blank\" rel=\"noreferrer noopener\" title=\"Biodiversitat urbana\">Biodiversitat urbana<\/a>: estrategia de renaturalizaci\u00f3n en la ciudad incrementando las superficies naturales con Soluciones Basadas en la Naturaleza, mejorando as\u00ed el confort y la calidad de vida de la ciudadan\u00eda.<\/li><\/ul>","protected":false},"excerpt":{"rendered":"<p>Entre las acciones a desarrollar destaca mejorar las condiciones clim\u00e1ticas de los patios escolares, adaptar estanques, instalar cubiertas vegetales en lugares emblem\u00e1ticos como la plaza de Santa Clara o la renaturalizaci\u00f3n de glorietas<\/p>","protected":false},"author":1,"featured_media":2555,"comment_status":"closed","ping_status":"closed","sticky":false,"template":"","format":"standard","meta":{"_monsterinsights_skip_tracking":false,"_monsterinsights_sitenote_active":false,"_monsterinsights_sitenote_note":"","_monsterinsights_sitenote_category":0},"categories":[1],"tags":[186,90,193,48,147,177],"acf":[],"_links":{"self":[{"href":"https:\/\/agendaurbanacastello.es\/va\/wp-json\/wp\/v2\/posts\/2554"}],"collection":[{"href":"https:\/\/agendaurbanacastello.es\/va\/wp-json\/wp\/v2\/posts"}],"about":[{"href":"https:\/\/agendaurbanacastello.es\/va\/wp-json\/wp\/v2\/types\/post"}],"author":[{"embeddable":true,"href":"https:\/\/agendaurbanacastello.es\/va\/wp-json\/wp\/v2\/users\/1"}],"replies":[{"embeddable":true,"href":"https:\/\/agendaurbanacastello.es\/va\/wp-json\/wp\/v2\/comments?post=2554"}],"version-history":[{"count":2,"href":"https:\/\/agendaurbanacastello.es\/va\/wp-json\/wp\/v2\/posts\/2554\/revisions"}],"predecessor-version":[{"id":2562,"href":"https:\/\/agendaurbanacastello.es\/va\/wp-json\/wp\/v2\/posts\/2554\/revisions\/2562"}],"wp:featuredmedia":[{"embeddable":true,"href":"https:\/\/agendaurbanacastello.es\/va\/wp-json\/wp\/v2\/media\/2555"}],"wp:attachment":[{"href":"https:\/\/agendaurbanacastello.es\/va\/wp-json\/wp\/v2\/media?parent=2554"}],"wp:term":[{"taxonomy":"category","embeddable":true,"href":"https:\/\/agendaurbanacastello.es\/va\/wp-json\/wp\/v2\/categories?post=2554"},{"taxonomy":"post_tag","embeddable":true,"href":"https:\/\/agendaurbanacastello.es\/va\/wp-json\/wp\/v2\/tags?post=2554"}],"curies":[{"name":"wp","href":"https:\/\/api.w.org\/{rel}","templated":true}]}}