{"id":2559,"date":"2025-03-01T10:17:00","date_gmt":"2025-03-01T10:17:00","guid":{"rendered":"https:\/\/agendaurbanacastello.es\/?p=2559"},"modified":"2025-03-04T11:18:23","modified_gmt":"2025-03-04T11:18:23","slug":"ultimos-preparativos-para-el-xxiii-congreso-ecoplayas-2025","status":"publish","type":"post","link":"https:\/\/agendaurbanacastello.es\/va\/ultimos-preparativos-para-el-xxiii-congreso-ecoplayas-2025\/","title":{"rendered":"\u00daltimos preparativos para el XXIII Congreso Ecoplayas 2025"},"content":{"rendered":"<h2>La cita reunir\u00e1 a personas de toda Espa\u00f1a, consolidando Castell\u00f3n como destino clave para el turismo de congresos <\/h2>\n\n\n\n<p>Castell\u00f3n se prepara para recibir, por primera vez, el <a href=\"https:\/\/ategrus.org\/congreso-ecoplayas-2025\/\" target=\"_blank\" rel=\"noreferrer noopener\" title=\"XXIII Congreso Ecoplayas 2025\">XXIII Congreso Ecoplayas 2025<\/a>, un evento de referencia a nivel nacional en materia de sostenibilidad y gesti\u00f3n de playas. Del 5 al 7 de marzo, el Planetario de Castell\u00f3n ser\u00e1 el epicentro de este encuentro organizado por la <a href=\"https:\/\/ategrus.org\/ategrus\/quienes-somos\/\" target=\"_blank\" rel=\"noreferrer noopener\" title=\"Asociaci\u00f3n T\u00e9cnica para la Gesti\u00f3n de Residuos y Medioambiente\">Asociaci\u00f3n T\u00e9cnica para la Gesti\u00f3n de Residuos y Medioambiente<\/a> en colaboraci\u00f3n con el Patronato de Turismo de Castell\u00f3n. La cita reunir\u00e1 a m\u00e1s de 120 personas de toda Espa\u00f1a, consolidando la ciudad como un destino clave para el turismo de congresos y contribuyendo a la desestacionalizaci\u00f3n de la oferta tur\u00edstica.<\/p>\n\n\n\n<p>La concejal de Turismo, Arantxa Miralles, ha destacado la importancia de acoger un evento de estas caracter\u00edsticas: &#8220;Castell\u00f3n contin\u00faa consolid\u00e1ndose como una ciudad referente en el turismo de congresos, algo por lo que estamos trabajando desde el equipo de gobierno y que juega un papel clave en nuestro objetivo de desestacionalizar la oferta tur\u00edstica. Queremos que el turismo sea una actividad presente durante todo el a\u00f1o y que suponga un impulso econ\u00f3mico para Castell\u00f3n, y el turismo de congresos es una pieza clave en este proceso\u201d.<\/p>\n\n\n\n<p>Miralles ha subrayado los atractivos de la ciudad para este tipo de eventos: &#8220;Contamos con muy bien clima todo el a\u00f1o, la mejor gastronom\u00eda, playas excepcionales y una oferta cultural y de ocio complet\u00edsima en una ciudad viva&#8221;. Adem\u00e1s, ha se\u00f1alado \u201cla labor del Castell\u00f3n Convention Bureau como pieza clave en la captaci\u00f3n y desarrollo de este tipo de turismo, garantizando una experiencia \u00f3ptima tanto para organizadores como para participantes y acompa\u00f1antes\u201d.<\/p>\n\n\n\n<p>Asimismo, la edil ha se\u00f1alado que &#8220;este congreso ser\u00e1 una gran oportunidad para poner en valor la calidad de nuestras playas y demostrar que nuestra ciudad cuenta con unas condiciones \u00fanicas para albergar eventos de este nivel. Castell\u00f3n ofrece un entorno privilegiado donde la calidad de vida y la excelencia tur\u00edstica van de la mano, lo que nos convierte en un destino de primer nivel para quienes buscan las mejores condiciones\u201d.<\/p>\n\n\n\n<h3>Gesti\u00f3n sostenible de las playas<\/h3>\n\n\n\n<p>Ecoplayas 2025 tiene como objetivo ofrecer una visi\u00f3n t\u00e9cnica global sobre la gesti\u00f3n y sostenibilidad de las playas, abordando tem\u00e1ticas como la conservaci\u00f3n del litoral, la promoci\u00f3n de un turismo responsable y la concienciaci\u00f3n ciudadana. Durante el congreso, expertos en la materia participar\u00e1n en ponencias magistrales y mesas redondas donde se debatir\u00e1n las \u00faltimas tendencias y soluciones para garantizar la salud de nuestras playas.<\/p>\n\n\n\n<figure class=\"wp-block-image size-large\"><img loading=\"lazy\" width=\"1024\" height=\"683\" src=\"https:\/\/agendaurbanacastello.es\/wp-content\/uploads\/2024\/04\/PLAYAS_CASTELLO-1024x683.jpg\" alt=\"\" class=\"wp-image-1996\" srcset=\"https:\/\/agendaurbanacastello.es\/wp-content\/uploads\/2024\/04\/PLAYAS_CASTELLO-1024x683.jpg 1024w, https:\/\/agendaurbanacastello.es\/wp-content\/uploads\/2024\/04\/PLAYAS_CASTELLO-300x200.jpg 300w, https:\/\/agendaurbanacastello.es\/wp-content\/uploads\/2024\/04\/PLAYAS_CASTELLO-768x512.jpg 768w, https:\/\/agendaurbanacastello.es\/wp-content\/uploads\/2024\/04\/PLAYAS_CASTELLO-1536x1024.jpg 1536w, https:\/\/agendaurbanacastello.es\/wp-content\/uploads\/2024\/04\/PLAYAS_CASTELLO-2048x1365.jpg 2048w, https:\/\/agendaurbanacastello.es\/wp-content\/uploads\/2024\/04\/PLAYAS_CASTELLO-18x12.jpg 18w, https:\/\/agendaurbanacastello.es\/wp-content\/uploads\/2024\/04\/PLAYAS_CASTELLO-365x243.jpg 365w\" sizes=\"(max-width: 1024px) 100vw, 1024px\" \/><figcaption>Playas de Castell\u00f3n <\/figcaption><\/figure>\n\n\n\n<h3>Mesa t\u00e9cnica de turismo de congresos<\/h3>\n\n\n\n<p>La concejal tambi\u00e9n ha recordado que el turismo de congresos es una de las l\u00edneas estrat\u00e9gicas dentro del Plan Estrat\u00e9gico de Turismo recientemente presentado. En este sentido, ha recordado que el pr\u00f3ximo 14 de marzo se celebrar\u00e1 la primera mesa t\u00e9cnica dedicada al turismo de congresos, donde representantes institucionales y empresariales analizar\u00e1n las oportunidades de este segmento para seguir impulsando Castell\u00f3n como destino tur\u00edstico durante todo el a\u00f1o.<\/p>\n\n\n\n<h3>Plan de acci\u00f3n de Agenda Urbana de Castell\u00f3n<\/h3>\n\n\n\n<p>El plan de acci\u00f3n de la <a href=\"https:\/\/agendaurbanacastello.es\/va\/\" target=\"_blank\" rel=\"noreferrer noopener\" title=\"Agenda Urbana de Castell\u00f3n\">Agenda Urbana de Castell\u00f3n<\/a> cuenta entre sus proyectos estrat\u00e9gicos con la iniciativa <a href=\"https:\/\/agendaurbanacastello.es\/va\/ficha\/turismo-sostenible-inteligente-y-deportivo\/\" target=\"_blank\" rel=\"noreferrer noopener\" title=\"&quot;Turismo sostenible, inteligente y deportivo&quot;\">&#8220;Turismo sostenible, inteligente y deportivo&#8221;<\/a> que tiene como consolidar la ciudad como destino tur\u00edstico sostenible, brindando una oferta integral durante todo el a\u00f1o, que incluya tanto el casco urbano, como el litoral, el espacio natural y el espacio rural, fomentando el conocimiento de sus activos culturales, patrimoniales y paisaj\u00edsticos, pero a la vez protegiendo los recursos naturales que lo sostienen, respetando e involucrando a la ciudadan\u00eda.<\/p>\n\n\n\n<p>En l\u00ednea con la apuesta por la sostenibilidad tur\u00edstica, el XXIII Congreso Ecoplayas 2025 abordar\u00e1 a trav\u00e9s de ponencias y mesas redondas temas como los siguientes: <\/p>\n\n\n\n<ul><li>Gesti\u00f3n y limpieza de playas <\/li><li>Erosi\u00f3n de arenales y dunas<\/li><li>Cambio clim\u00e1tico<\/li><li>Aprovechamiento de las algas<\/li><li>Arrecifes artificiales<\/li><li>Zonas costeras protegidas<\/li><li>Medusas y otras especies invasoras<\/li><li>Control de aguas y arenas <\/li><li>Desarrollo sostenible del litoral<\/li><li>Dise\u00f1o y equipamiento de playas<\/li><li>Nuevas tecnolog\u00edas<\/li><\/ul>\n\n\n\n<p><\/p>","protected":false},"excerpt":{"rendered":"<p>Castell\u00f3n contin\u00faa consolid\u00e1ndose como una ciudad referente en el turismo de congresos con el objetivo de desestacionalizar la oferta tur\u00edstica<\/p>","protected":false},"author":1,"featured_media":2560,"comment_status":"closed","ping_status":"closed","sticky":false,"template":"","format":"standard","meta":{"_monsterinsights_skip_tracking":false,"_monsterinsights_sitenote_active":false,"_monsterinsights_sitenote_note":"","_monsterinsights_sitenote_category":0},"categories":[1],"tags":[48,98,56,128,57,91],"acf":[],"_links":{"self":[{"href":"https:\/\/agendaurbanacastello.es\/va\/wp-json\/wp\/v2\/posts\/2559"}],"collection":[{"href":"https:\/\/agendaurbanacastello.es\/va\/wp-json\/wp\/v2\/posts"}],"about":[{"href":"https:\/\/agendaurbanacastello.es\/va\/wp-json\/wp\/v2\/types\/post"}],"author":[{"embeddable":true,"href":"https:\/\/agendaurbanacastello.es\/va\/wp-json\/wp\/v2\/users\/1"}],"replies":[{"embeddable":true,"href":"https:\/\/agendaurbanacastello.es\/va\/wp-json\/wp\/v2\/comments?post=2559"}],"version-history":[{"count":1,"href":"https:\/\/agendaurbanacastello.es\/va\/wp-json\/wp\/v2\/posts\/2559\/revisions"}],"predecessor-version":[{"id":2561,"href":"https:\/\/agendaurbanacastello.es\/va\/wp-json\/wp\/v2\/posts\/2559\/revisions\/2561"}],"wp:featuredmedia":[{"embeddable":true,"href":"https:\/\/agendaurbanacastello.es\/va\/wp-json\/wp\/v2\/media\/2560"}],"wp:attachment":[{"href":"https:\/\/agendaurbanacastello.es\/va\/wp-json\/wp\/v2\/media?parent=2559"}],"wp:term":[{"taxonomy":"category","embeddable":true,"href":"https:\/\/agendaurbanacastello.es\/va\/wp-json\/wp\/v2\/categories?post=2559"},{"taxonomy":"post_tag","embeddable":true,"href":"https:\/\/agendaurbanacastello.es\/va\/wp-json\/wp\/v2\/tags?post=2559"}],"curies":[{"name":"wp","href":"https:\/\/api.w.org\/{rel}","templated":true}]}}