{"id":2681,"date":"2025-03-12T10:34:00","date_gmt":"2025-03-12T10:34:00","guid":{"rendered":"https:\/\/agendaurbanacastello.es\/?p=2681"},"modified":"2025-03-14T12:28:20","modified_gmt":"2025-03-14T12:28:20","slug":"compromiso-con-la-calidad-turistica","status":"publish","type":"post","link":"https:\/\/agendaurbanacastello.es\/va\/compromiso-con-la-calidad-turistica\/","title":{"rendered":"Compromiso con la calidad tur\u00edstica"},"content":{"rendered":"<h2>Siete empresas y servicios de Castell\u00f3n reciben el distintivo SICTED de &#8216;Compromiso de Calidad Tur\u00edstica&#8217;<\/h2>\n\n\n\n<p>L' <a href=\"https:\/\/www.castello.es\/va\/inici\" target=\"_blank\" rel=\"noreferrer noopener\" title=\"Ayuntamiento de Castell\u00f3n\">Ayuntamiento de Castell\u00f3n<\/a> sigue reforzando su compromiso con la excelencia tur\u00edstica, impulsando iniciativas que garantizan un servicio de calidad y una mejor experiencia para los visitantes. En esta l\u00ednea, siete empresas y servicios de la ciudad han obtenido el distintivo \u2018<a href=\"https:\/\/www.calidadendestino.es\/\" target=\"_blank\" rel=\"noreferrer noopener\" title=\"Compromiso de Calidad Tur\u00edstica SICTED\">Compromiso de Calidad Tur\u00edstica SICTED<\/a>\u2019, un reconocimiento que pone en valor el esfuerzo y la dedicaci\u00f3n del sector tur\u00edstico local por mejorar continuamente la oferta del destino y consolidarlo como un referente en atenci\u00f3n y profesionalidad.<\/p>\n\n\n\n<p>La entrega de estos distintivos ha tenido lugar en la <a href=\"https:\/\/www.camaracastellon.com\/es\/\" target=\"_blank\" rel=\"noreferrer noopener\" title=\"C\u00e1mara de Comercio\">C\u00e1mara de Comercio<\/a> y ha contado con la presencia de la concejal de Turismo, Arantxa Miralles, quien ha destacado \u201cla importancia de la calidad en el desarrollo tur\u00edstico de Castell\u00f3n para consolidarnos como referentes. En este sentido, ha asegurado que &#8220;la calidad del turismo es esencial para el desarrollo de nuestra ciudad, y vamos a seguir trabajando para mejorar nuestros servicios y ofrecer la mejor experiencia posible a nuestros visitantes&#8221;.<\/p>\n\n\n\n<p>La concejal de Turismo tambi\u00e9n ha se\u00f1alado que &#8220;desde el Patronato de Turismo asesoramos en colaboraci\u00f3n con la C\u00e1mara de Comercio a todos los establecimientos que lo deseen para que puedan obtener este distintivo, acompa\u00f1\u00e1ndolos en el proceso y facilitando las herramientas necesarias para mejorar su calidad y competitividad&#8221;. Asimismo, ha subrayado que \u201cnuestro objetivo es seguir avanzando en esta l\u00ednea y lograr que cada vez m\u00e1s empresas se sumen a esta iniciativa, garantizando un turismo de calidad que beneficie tanto a los visitantes como a la econom\u00eda local&#8221;.<\/p>\n\n\n\n<p>Las empresas y servicios de Castell\u00f3n que han sido reconocidos con este distintivo son la revista Turisme i Gastronomia de Javier Navarro, Mes\u00f3n Navarro I, Mes\u00f3n Navarro III, Restaurante Eleazar, Ri&amp;CO Bistr\u00f3 Restaurante, Sol\u00e9 City y apartahotel Suites Castell\u00f3n. Todas ellas han cumplido con los exigentes requisitos establecidos por el programa y han demostrado su compromiso con la mejora continua en la atenci\u00f3n al turista y la excelencia en sus respectivos sectores.<\/p>\n\n\n\n<h3>Un distintivo para fortalecer la competitividad de los destinos<\/h3>\n\n\n\n<p>El SICTED (Sistema Integral de Calidad Tur\u00edstica en Destino) es un proyecto promovido por la <a href=\"https:\/\/turismo.gob.es\/es-es\/secretariadeestado\/Paginas\/SecretariaEstado.aspx\" target=\"_blank\" rel=\"noreferrer noopener\" title=\"Secretar\u00eda de Estado de Turismo (SETUR)\">Secretar\u00eda de Estado de Turismo (SETUR)<\/a>, con el apoyo de la <a href=\"https:\/\/www.femp.es\/\" target=\"_blank\" rel=\"noreferrer noopener\" title=\"Federaci\u00f3 Espanyola de Municipis i Prov\u00edncies (FEMP)\">Federaci\u00f3 Espanyola de Municipis i Prov\u00edncies (FEMP)<\/a>. Esta iniciativa trabaja con servicios tur\u00edsticos de hasta 37 sectores diferentes con el objetivo de mejorar la satisfacci\u00f3n de los turistas y fortalecer la competitividad de los destinos.<\/p>\n\n\n\n<h3>El turismo, uno de los proyectos estrat\u00e9gicos del plan de acci\u00f3n de la Agenda Urbana de Castell\u00f3n <\/h3>\n\n\n\n<p>La <a href=\"https:\/\/agendaurbanacastello.es\/va\/\" target=\"_blank\" rel=\"noreferrer noopener\" title=\"Agenda Urbana de Castell\u00f3n\">Agenda Urbana de Castell\u00f3n<\/a> es la hoja de ruta que describe el modelo de desarrollo urbano sostenible e integrado de la ciudad hasta el a\u00f1o 2030. Un plan de acci\u00f3n compuesto por <a href=\"https:\/\/agendaurbanacastello.es\/va\/mapa-de-proyectos\/\" target=\"_blank\" rel=\"noreferrer noopener\" title=\"diecis\u00e9is proyectos estrat\u00e9gicos\">diecis\u00e9is proyectos estrat\u00e9gicos<\/a> entre los que destaca el de \u201c<a href=\"https:\/\/agendaurbanacastello.es\/va\/ficha\/turismo-sostenible-inteligente-y-deportivo\/\" target=\"_blank\" rel=\"noreferrer noopener\" title=\"Turismo sostenible, inteligente y deportivo\">Turismo sostenible, inteligente y deportivo<\/a>\u201d centrado en consolidar la ciudad y su entorno como un destino tur\u00edstico sostenible y competitivo. <\/p>\n\n\n\n<p>Este proyecto contempla un conjunto de actuaciones con el objetivo de consolidar Castell\u00f3n como un destino tur\u00edstico sostenible brindando una oferta integral durante todo el a\u00f1o. <\/p>\n\n\n\n<p><\/p>","protected":false},"excerpt":{"rendered":"<p>Las empresas y servicios de Castell\u00f3n que han sido reconocidos con este distintivo son la revista Turisme i Gastronomia de Javier Navarro, Mes\u00f3n Navarro I, Mes\u00f3n Navarro III, Restaurante Eleazar, Ri&#038;CO Bistr\u00f3 Restaurante, Sol\u00e9 City y apartahotel Suites Castell\u00f3n<\/p>","protected":false},"author":1,"featured_media":2682,"comment_status":"closed","ping_status":"closed","sticky":false,"template":"","format":"standard","meta":{"_monsterinsights_skip_tracking":false,"_monsterinsights_sitenote_active":false,"_monsterinsights_sitenote_note":"","_monsterinsights_sitenote_category":0},"categories":[1],"tags":[48,172,128,93,57,91],"acf":[],"_links":{"self":[{"href":"https:\/\/agendaurbanacastello.es\/va\/wp-json\/wp\/v2\/posts\/2681"}],"collection":[{"href":"https:\/\/agendaurbanacastello.es\/va\/wp-json\/wp\/v2\/posts"}],"about":[{"href":"https:\/\/agendaurbanacastello.es\/va\/wp-json\/wp\/v2\/types\/post"}],"author":[{"embeddable":true,"href":"https:\/\/agendaurbanacastello.es\/va\/wp-json\/wp\/v2\/users\/1"}],"replies":[{"embeddable":true,"href":"https:\/\/agendaurbanacastello.es\/va\/wp-json\/wp\/v2\/comments?post=2681"}],"version-history":[{"count":1,"href":"https:\/\/agendaurbanacastello.es\/va\/wp-json\/wp\/v2\/posts\/2681\/revisions"}],"predecessor-version":[{"id":2683,"href":"https:\/\/agendaurbanacastello.es\/va\/wp-json\/wp\/v2\/posts\/2681\/revisions\/2683"}],"wp:featuredmedia":[{"embeddable":true,"href":"https:\/\/agendaurbanacastello.es\/va\/wp-json\/wp\/v2\/media\/2682"}],"wp:attachment":[{"href":"https:\/\/agendaurbanacastello.es\/va\/wp-json\/wp\/v2\/media?parent=2681"}],"wp:term":[{"taxonomy":"category","embeddable":true,"href":"https:\/\/agendaurbanacastello.es\/va\/wp-json\/wp\/v2\/categories?post=2681"},{"taxonomy":"post_tag","embeddable":true,"href":"https:\/\/agendaurbanacastello.es\/va\/wp-json\/wp\/v2\/tags?post=2681"}],"curies":[{"name":"wp","href":"https:\/\/api.w.org\/{rel}","templated":true}]}}