{"id":2695,"date":"2025-03-06T07:51:00","date_gmt":"2025-03-06T07:51:00","guid":{"rendered":"https:\/\/agendaurbanacastello.es\/?p=2695"},"modified":"2025-03-18T08:32:05","modified_gmt":"2025-03-18T08:32:05","slug":"luz-verde-para-las-obras-de-la-zona-de-autocaravanas-en-ferrandis-salvador","status":"publish","type":"post","link":"https:\/\/agendaurbanacastello.es\/va\/luz-verde-para-las-obras-de-la-zona-de-autocaravanas-en-ferrandis-salvador\/","title":{"rendered":"Luz verde para las obras de la zona de autocaravanas en Ferrandis Salvador"},"content":{"rendered":"<h2>La Junta de Gobierno Local aprueba las obras del aparcamiento de autocaravanas de Ferrandis Salvador por 911.874 euros<\/h2>\n\n\n\n<p>El concejal portavoz del equipo de gobierno, Vicent Sales, ha comparecido esta ma\u00f1ana en rueda de prensa para dar cuenta de los acuerdos adoptados en la sesi\u00f3n de la Junta de Gobierno Local del <a href=\"https:\/\/www.castello.es\/va\/inici\" target=\"_blank\" rel=\"noreferrer noopener\" title=\"Ayuntamiento de Castell\u00f3n\">Ayuntamiento de Castell\u00f3n<\/a> celebrada hoy.<\/p>\n\n\n\n<p>Sales ha destacado de entre los puntos del orden del d\u00eda \u201cla aprobaci\u00f3n del proyecto de ejecuci\u00f3n de las obras del \u00e1rea de estacionamiento de autocaravanas en la avenida Ferrandis Salvador\u201d.<\/p>\n\n\n\n<p>El edil ha recordado que \u201ceste proyecto cuenta con una presupuesto de 753.615,41 euros m\u00e1s 158.259,24 euros en concepto de IVA. Y el plazo de ejecuci\u00f3n previsto para el desarrollo de estos trabajos ser\u00e1 de tres meses\u201d.<\/p>\n\n\n\n<h3>94 nuevas plazas para autocaravanas <\/h3>\n\n\n\n<p>Seg\u00fan recoge el proyecto, la nueva zona de aparcamiento tendr\u00e1 una superficie de m\u00e1s de 8.600 m\u00b2 y contar\u00e1 con 94 plazas de aparcamiento de autocaravanas de dimensiones 4 x 8 metros. La tarifa por la utilizaci\u00f3n de este aparcamiento ser\u00e1 de 10 euros por d\u00eda por veh\u00edculo.<\/p>\n\n\n\n<p>Estas plazas ser\u00e1n a su vez convertibles en 183 plazas de aparcamiento para turismos de dimensiones 2,50 x 5,00 metros, que estar\u00e1n habilitadas en \u00e9poca estival de manera gratuita.<\/p>\n\n\n\n<p>Adem\u00e1s, se prev\u00e9 la instalaci\u00f3n de 4 \u00e1reas de descarga de aguas grises con sumidero en suelo, con una columna de vaciado de aguas negras y toma de agua cada uno. En cuanto a otras dotaciones, contar\u00e1 con dos \u00e1reas recreativas con mesas y bancos de picnic, con pilas para lavado de enseres de cocina, 2 m\u00f3dulos de aseo autolimpiable, con un inodoro y un lavabo cada uno, 2 M\u00f3dulos de dos duchas y lavabo, adem\u00e1s de un carril de entrada con barrera autom\u00e1tica, carril central de distribuci\u00f3n y carril de salida con barrera autom\u00e1tica.<\/p>\n\n\n\n<p>Hay que recordar que a las nuevas 94 plazas de esta nueva zona de aparcamiento de autocaravanas hay que sumar las 47 de la zona junto al Planetario de Castell\u00f3n, con los que ser\u00e1n un total de 141 plazas para este tipo de veh\u00edculos junto a las playas de Castell\u00f3n, de manera controlada y regulada.<\/p>\n\n\n\n<figure class=\"wp-block-image size-large\"><img loading=\"lazy\" width=\"1024\" height=\"683\" src=\"https:\/\/agendaurbanacastello.es\/wp-content\/uploads\/2024\/06\/PLAYAS_CASTELLO-1024x683.jpg\" alt=\"\" class=\"wp-image-2077\" srcset=\"https:\/\/agendaurbanacastello.es\/wp-content\/uploads\/2024\/06\/PLAYAS_CASTELLO-1024x683.jpg 1024w, https:\/\/agendaurbanacastello.es\/wp-content\/uploads\/2024\/06\/PLAYAS_CASTELLO-300x200.jpg 300w, https:\/\/agendaurbanacastello.es\/wp-content\/uploads\/2024\/06\/PLAYAS_CASTELLO-768x512.jpg 768w, https:\/\/agendaurbanacastello.es\/wp-content\/uploads\/2024\/06\/PLAYAS_CASTELLO-1536x1024.jpg 1536w, https:\/\/agendaurbanacastello.es\/wp-content\/uploads\/2024\/06\/PLAYAS_CASTELLO-2048x1365.jpg 2048w, https:\/\/agendaurbanacastello.es\/wp-content\/uploads\/2024\/06\/PLAYAS_CASTELLO-18x12.jpg 18w, https:\/\/agendaurbanacastello.es\/wp-content\/uploads\/2024\/06\/PLAYAS_CASTELLO-365x243.jpg 365w\" sizes=\"(max-width: 1024px) 100vw, 1024px\" \/><figcaption>Paisaje pr\u00f3ximo a la ubicaci\u00f3n de la nueva \u00e1rea de autocaravanas <\/figcaption><\/figure>\n\n\n\n<h3>Una actuaci\u00f3n dentro del plan de acci\u00f3n de la Agenda Urbana de Castell\u00f3n <\/h3>\n\n\n\n<p>El proyecto estrat\u00e9gico denominado &#8220;<a href=\"https:\/\/agendaurbanacastello.es\/va\/ficha\/turismo-sostenible-inteligente-y-deportivo\/\" target=\"_blank\" rel=\"noreferrer noopener\" title=\"Turismo sostenible, inteligente y deportivo\">Turismo sostenible, inteligente y deportivo<\/a>&#8220;, definido en el marco del plan de acci\u00f3n de la <a href=\"https:\/\/agendaurbanacastello.es\/va\/\" target=\"_blank\" rel=\"noreferrer noopener\" title=\"Agenda Urbana de Castell\u00f3n\">Agenda Urbana de Castell\u00f3n<\/a>, tiene como fin consolidar Castell\u00f3n como destino tur\u00edstico sostenible, brindando una oferta integral durante todo el a\u00f1o, que incluya tanto el casco urbano, como el litoral, el espacio natural y el espacio rural, fomentando el conocimiento de sus activos culturales, patrimoniales y paisaj\u00edsticos, pero a la vez protegiendo los recursos naturales que lo sostienen, respetando e involucrando a la ciudadan\u00eda.<\/p>\n\n\n\n<p>Entre las actuaciones a llevar a cabo en el marco temporal 2030, cuenta con una  actuaci\u00f3n llamada &#8220;Plan estrat\u00e9gico de caravanas&#8221; que tiene entre sus objetivos controlar y regular este tipo de oferta de estacionamiento tur\u00edstico en la ciudad. <\/p>\n\n\n\n<p><\/p>","protected":false},"excerpt":{"rendered":"<p>El plazo de ejecuci\u00f3n de esta zona de aparcamiento ser\u00e1 de tres meses y contar\u00e1 con un aparcamiento de 94 plazas, que ser\u00e1 utilizado por 183 turismos en \u00e9poca estival<\/p>","protected":false},"author":1,"featured_media":2696,"comment_status":"closed","ping_status":"closed","sticky":false,"template":"","format":"standard","meta":{"_monsterinsights_skip_tracking":false,"_monsterinsights_sitenote_active":false,"_monsterinsights_sitenote_note":"","_monsterinsights_sitenote_category":0},"categories":[1],"tags":[195,48,128,57,91],"acf":[],"_links":{"self":[{"href":"https:\/\/agendaurbanacastello.es\/va\/wp-json\/wp\/v2\/posts\/2695"}],"collection":[{"href":"https:\/\/agendaurbanacastello.es\/va\/wp-json\/wp\/v2\/posts"}],"about":[{"href":"https:\/\/agendaurbanacastello.es\/va\/wp-json\/wp\/v2\/types\/post"}],"author":[{"embeddable":true,"href":"https:\/\/agendaurbanacastello.es\/va\/wp-json\/wp\/v2\/users\/1"}],"replies":[{"embeddable":true,"href":"https:\/\/agendaurbanacastello.es\/va\/wp-json\/wp\/v2\/comments?post=2695"}],"version-history":[{"count":1,"href":"https:\/\/agendaurbanacastello.es\/va\/wp-json\/wp\/v2\/posts\/2695\/revisions"}],"predecessor-version":[{"id":2697,"href":"https:\/\/agendaurbanacastello.es\/va\/wp-json\/wp\/v2\/posts\/2695\/revisions\/2697"}],"wp:featuredmedia":[{"embeddable":true,"href":"https:\/\/agendaurbanacastello.es\/va\/wp-json\/wp\/v2\/media\/2696"}],"wp:attachment":[{"href":"https:\/\/agendaurbanacastello.es\/va\/wp-json\/wp\/v2\/media?parent=2695"}],"wp:term":[{"taxonomy":"category","embeddable":true,"href":"https:\/\/agendaurbanacastello.es\/va\/wp-json\/wp\/v2\/categories?post=2695"},{"taxonomy":"post_tag","embeddable":true,"href":"https:\/\/agendaurbanacastello.es\/va\/wp-json\/wp\/v2\/tags?post=2695"}],"curies":[{"name":"wp","href":"https:\/\/api.w.org\/{rel}","templated":true}]}}