{"id":2741,"date":"2025-04-02T08:08:00","date_gmt":"2025-04-02T08:08:00","guid":{"rendered":"https:\/\/agendaurbanacastello.es\/?p=2741"},"modified":"2025-04-09T08:42:48","modified_gmt":"2025-04-09T08:42:48","slug":"presentacion-de-la-i-semana-de-la-salud-activate","status":"publish","type":"post","link":"https:\/\/agendaurbanacastello.es\/va\/presentacion-de-la-i-semana-de-la-salud-activate\/","title":{"rendered":"Presentaci\u00f3n de la I Semana de la Salud \u2018\u00a1Act\u00edvate!\u2019"},"content":{"rendered":"<h2>Una iniciativa celebrada por primera vez en Castell\u00f3n para fomentar que salud est\u00e9 al alcance de toda la ciudadan\u00eda <\/h2>\n\n\n\n<p>La concejal\u00eda de Salud P\u00fablica ha presentado hoy la <strong>I Semana de la Salud \u2018\u00a1Act\u00edvate!\u2019,<\/strong> un evento que se celebrar\u00e1 del 5 al 11 de abril con la colaboraci\u00f3n de m\u00e1s de 20 entidades vinculadas al \u00e1mbito de la salud. Esta iniciativa tiene como objetivo promover el bienestar de la ciudadan\u00eda mediante actividades preventivas, informativas, deportivas y educativas.<\/p>\n\n\n\n<p>El concejal de Salud P\u00fablica, Luciano Ferrer, ha se\u00f1alado que \u201ccon esta iniciativa, que se celebra por primera vez en Castell\u00f3n, queremos que la salud est\u00e9 al alcance de toda la ciudadan\u00eda. La prevenci\u00f3n y la informaci\u00f3n son fundamentales para mejorar la calidad de vida y fomentar h\u00e1bitos saludables desde una edad temprana&#8221;.<\/p>\n\n\n\n<p>Adem\u00e1s, Ferrer ha subrayado \u201cel impacto positivo de la colaboraci\u00f3n entre el <a href=\"https:\/\/www.castello.es\/es\/\" target=\"_blank\" rel=\"noreferrer noopener\" title=\"Ayuntamiento de Castell\u00f3n\">Ayuntamiento de Castell\u00f3n<\/a> y las distintas entidades participantes. Gracias al esfuerzo conjunto de profesionales, asociaciones y organismos especializados, hemos dise\u00f1ado un programa accesible y din\u00e1mico, pensado para todas las edades y necesidades. Queremos que esta Semana de la Salud se convierta en una referencia anual para nuestra ciudad&#8221;.<\/p>\n\n\n\n<h3>Actividades destacadas<\/h3>\n\n\n\n<p>El evento comenzar\u00e1 el fin de semana con los talleres \u2018Salud y Familia\u2019, dirigidos a parejas formadas por un adulto (padre o madre) y un ni\u00f1o de entre 6 y 12 a\u00f1os. Se realizar\u00e1n seis sesiones en distintos parques de Castell\u00f3n, todas al aire libre. Las sesiones se llevar\u00e1n a cabo el s\u00e1bado 5 de abril en el Parque del Pinar \/ Club de Golf Costa Azahar en horarios de 9:30 a 10:30 y de 10:40 a 11:40 horas, y el domingo 6 de abril en horarios de 10:00 a 11:00 y de 11:15 a 12:15 horas. Para participar, es necesario inscribirse en <a href=\"http:\/\/www.yameapunto.com\/familia\">www.yameapunto.com\/familia<\/a>.<\/p>\n\n\n\n<h4>Lunes 7 de abril<\/h4>\n\n\n\n<p>El lunes 7 de abril, coincidiendo con el D\u00eda Mundial de la Salud, la Plaza Mayor acoger\u00e1 la actividad &#8220;Zumba para todos&#8221;, una sesi\u00f3n de ejercicio f\u00edsico de 18:30 a 20:30 horas, abierta a toda la ciudadan\u00eda sin necesidad de inscripci\u00f3n previa.<\/p>\n\n\n\n<h4>Martes 8 de abril <\/h4>\n\n\n\n<p>El martes 8 de abril estar\u00e1 dedicado a la salud auditiva, con la instalaci\u00f3n de carpas informativas a cargo de Audika en la plaza Mayor de 9:30 a 14:30 horas, dirigidas especialmente a mayores de 55 a\u00f1os.<\/p>\n\n\n\n<h4>Mi\u00e9rcoles 9 y jueves 10 de abril<\/h4>\n\n\n\n<p>Durante el mi\u00e9rcoles 9 y jueves 10 de abril, la Plaza Pescader\u00eda se convertir\u00e1 en un punto de encuentro con asociaciones que trabajan en la prevenci\u00f3n y promoci\u00f3n de la salud. Se realizar\u00e1n talleres, charlas y actividades con la participaci\u00f3n de diversas entidades como AFDEM, COCEMFE Castell\u00f3, la Asociaci\u00f3n de Esclerosis M\u00faltiple de Castell\u00f3, Cruz Roja, Associaci\u00f3-Fundaci\u00f3 Dany Cerebral Ateneu Castell\u00f3, El Pati, Centro de Transfusi\u00f3n CV, ADI-CAS, GPM Salud Medioambiental o FASM. Las asociaciones se ir\u00e1n sucediendo en diferentes turnos de 10:00 a 20:00 horas.<\/p>\n\n\n\n<h4>Viernes 11 de abril<\/h4>\n\n\n\n<p>El viernes 11 de abril, en conmemoraci\u00f3n del D\u00eda Mundial del Parkinson, la Asociaci\u00f3n de Parkinson de Castell\u00f3n ofrecer\u00e1 actividades de sensibilizaci\u00f3n de 10:00 a 14:00 horas. Por la tarde, los m\u00e1s peque\u00f1os podr\u00e1n participar en \u2018El hospital de ositos\u2019, una actividad organizada por AESCA para reducir el miedo infantil a las visitas m\u00e9dicas mediante el juego, en la plaza de la Pescader\u00eda de 16:30 a 20:00 horas.<\/p>\n\n\n\n<h3>La salud destaca en el plan de acci\u00f3n de la Agenda Urbana de Castell\u00f3n<\/h3>\n\n\n\n<p>El plan de acci\u00f3n de la <a href=\"https:\/\/agendaurbanacastello.es\/va\/\" target=\"_blank\" rel=\"noreferrer noopener\" title=\"Agenda Urbana de Castell\u00f3n\">Agenda Urbana de Castell\u00f3n<\/a> cuenta con 16 proyectos estrat\u00e9gicos de ciudad para seguir transformando el modelo de desarrollo urbano integrado de la capital de La Plana. Varios de estos proyectos contemplan actuaciones vinculadas con la salud de forma inclusiva y abierta a toda la ciudadan\u00eda. Entre ellos destacan:<\/p>\n\n\n\n<ul><li><strong><a href=\"https:\/\/agendaurbanacastello.es\/va\/ficha\/mejora-de-entornos-urbanos-para-una-vida-activa-y-saludable\/\" target=\"_blank\" rel=\"noreferrer noopener\" title=\"Millora d&#039;entorns urbans per a una vida activa i saludable\">Millora d'entorns urbans per a una vida activa i saludable<\/a>. <\/strong>Un proyecto que adem\u00e1s de centrase en la ampliaci\u00f3n de la red primaria de Parques P\u00fablicos, tiene como fin fomentar h\u00e1bitos de vida saludable entre la ciudadan\u00eda. <\/li><li><strong><a href=\"https:\/\/agendaurbanacastello.es\/va\/ficha\/envejecimiento-activo-y-saludable\/\" target=\"_blank\" rel=\"noreferrer noopener\" title=\"Envelliment actiu i saludable\">Envelliment actiu i saludable<\/a><\/strong>. Una iniciativa que contempla un conjunto de actuaciones para la promoci\u00f3n del envejecimiento activo y saludable, contribuyendo a mejorar la calidad de vida de las personas mayores en materia de salud f\u00edsica y emocional.<\/li><\/ul>\n\n\n\n<p><\/p>\n\n\n\n<p><\/p>\n\n\n\n<p><\/p>","protected":false},"excerpt":{"rendered":"<p>Del 5 al 11 de abril, y con la colaboraci\u00f3n de m\u00e1s de 20 entidades vinculadas al \u00e1mbito de la salud, Castell\u00f3n acoger\u00e1 la I Semana de la Salud \u2018\u00a1Act\u00edvate!\u2019. Esta iniciativa tiene como objetivo promover el bienestar de la ciudadan\u00eda mediante actividades preventivas, informativas, deportivas y educativas<\/p>","protected":false},"author":1,"featured_media":2742,"comment_status":"closed","ping_status":"closed","sticky":false,"template":"","format":"standard","meta":{"_monsterinsights_skip_tracking":false,"_monsterinsights_sitenote_active":false,"_monsterinsights_sitenote_note":"","_monsterinsights_sitenote_category":0},"categories":[1],"tags":[55,89,84,189,88,190],"acf":[],"_links":{"self":[{"href":"https:\/\/agendaurbanacastello.es\/va\/wp-json\/wp\/v2\/posts\/2741"}],"collection":[{"href":"https:\/\/agendaurbanacastello.es\/va\/wp-json\/wp\/v2\/posts"}],"about":[{"href":"https:\/\/agendaurbanacastello.es\/va\/wp-json\/wp\/v2\/types\/post"}],"author":[{"embeddable":true,"href":"https:\/\/agendaurbanacastello.es\/va\/wp-json\/wp\/v2\/users\/1"}],"replies":[{"embeddable":true,"href":"https:\/\/agendaurbanacastello.es\/va\/wp-json\/wp\/v2\/comments?post=2741"}],"version-history":[{"count":1,"href":"https:\/\/agendaurbanacastello.es\/va\/wp-json\/wp\/v2\/posts\/2741\/revisions"}],"predecessor-version":[{"id":2743,"href":"https:\/\/agendaurbanacastello.es\/va\/wp-json\/wp\/v2\/posts\/2741\/revisions\/2743"}],"wp:featuredmedia":[{"embeddable":true,"href":"https:\/\/agendaurbanacastello.es\/va\/wp-json\/wp\/v2\/media\/2742"}],"wp:attachment":[{"href":"https:\/\/agendaurbanacastello.es\/va\/wp-json\/wp\/v2\/media?parent=2741"}],"wp:term":[{"taxonomy":"category","embeddable":true,"href":"https:\/\/agendaurbanacastello.es\/va\/wp-json\/wp\/v2\/categories?post=2741"},{"taxonomy":"post_tag","embeddable":true,"href":"https:\/\/agendaurbanacastello.es\/va\/wp-json\/wp\/v2\/tags?post=2741"}],"curies":[{"name":"wp","href":"https:\/\/api.w.org\/{rel}","templated":true}]}}