{"id":2747,"date":"2025-04-10T08:40:00","date_gmt":"2025-04-10T08:40:00","guid":{"rendered":"https:\/\/agendaurbanacastello.es\/?p=2747"},"modified":"2025-04-11T09:23:47","modified_gmt":"2025-04-11T09:23:47","slug":"nueva-edicion-escala-a-castello","status":"publish","type":"post","link":"https:\/\/agendaurbanacastello.es\/va\/nueva-edicion-escala-a-castello\/","title":{"rendered":"Nueva edici\u00f3n Escala a Castell\u00f3"},"content":{"rendered":"<h2>Escala a Castell\u00f3 reunir\u00e1 13 embarcaciones llenando al completo el muelle de Costa y el muelle de Levante<\/h2>\n\n\n\n<p>La alcaldesa de Castell\u00f3n, Bego\u00f1a Carrasco; la concejal de Turismo, Arantxa Miralles; la teniente alcalde del Grao, Ester Giner; y el director del Comit\u00e9 Organizador del evento, Fernando Viota, han presentado hoy la <a href=\"https:\/\/escalaacastello.com\/\" target=\"_blank\" rel=\"noreferrer noopener\" title=\"VIII edici\u00f3n de Escala a Castell\u00f3\">VIII edici\u00f3n de Escala a Castell\u00f3<\/a>, que se celebrar\u00e1 del 25 al 28 de abril en el Grao de Castell\u00f3n.<\/p>\n\n\n\n<p>La alcaldesa de la ciudad ha destacado que Escala a Castell\u00f3 \u201ces uno de los eventos que ya se ha consolidado como todo un cl\u00e1sico dentro de la oferta tur\u00edstica y de ocio de la ciudad de Castell\u00f3n\u201d y ha subrayado que \u201cesta es una edici\u00f3n de r\u00e9cord ya que nunca se hab\u00edan congregado tantas embarcaciones. Hasta 13 ser\u00e1n las que podremos ver este a\u00f1o, con el protagonismo adem\u00e1s de la r\u00e9plica de la Nao Santa Mar\u00eda, que es uno de los barcos que, utiliz\u00f3 Crist\u00f3bal Col\u00f3n\u201d.<\/p>\n\n\n\n<p>Por otra parte, la primera edil ha recordado que \u201cEscala Castell\u00f3 es importante para nosotros porque apuesta por el turismo familiar y sobre todo por la dinamizaci\u00f3n y la desestacionalizaci\u00f3n tur\u00edstica\u201d, recordando que el a\u00f1o pasado cont\u00f3 con m\u00e1s de 100.000 visitantes.<\/p>\n\n\n\n<blockquote class=\"wp-block-quote\"><p>Escala a Castell\u00f3 es una apuesta por la dinamizaci\u00f3n de sectores clave, como son la hosteler\u00eda y el comercio del Grao. El a\u00f1o pasado tuvo un impacto econ\u00f3mico de 3 millones de euros.<\/p><cite>Bego\u00f1a Carrasco, alcaldesa de Castell\u00f3n <\/cite><\/blockquote>\n\n\n\n<p>La primera edil ha agradecido el esfuerzo y trabajo a la organizaci\u00f3n y ha recordado que \u201cnuestro puerto es una ventana al mundo y durante los d\u00edas del evento se dar\u00e1n cita en el distrito mar\u00edtimo visitantes vecinos de diferentes puntos de la provincia y de Espa\u00f1a\u201d.<\/p>\n\n\n\n<figure class=\"wp-block-image size-large\"><a href=\"https:\/\/agendaurbanacastello.es\/wp-content\/uploads\/2025\/04\/Programa-Escala-Castello-2025.png\" target=\"_blank\" rel=\"noopener\"><img loading=\"lazy\" width=\"1024\" height=\"611\" src=\"https:\/\/agendaurbanacastello.es\/wp-content\/uploads\/2025\/04\/Programa-Escala-Castello-2025-1024x611.png\" alt=\"\" class=\"wp-image-2752\" srcset=\"https:\/\/agendaurbanacastello.es\/wp-content\/uploads\/2025\/04\/Programa-Escala-Castello-2025-1024x611.png 1024w, https:\/\/agendaurbanacastello.es\/wp-content\/uploads\/2025\/04\/Programa-Escala-Castello-2025-300x179.png 300w, https:\/\/agendaurbanacastello.es\/wp-content\/uploads\/2025\/04\/Programa-Escala-Castello-2025-768x458.png 768w, https:\/\/agendaurbanacastello.es\/wp-content\/uploads\/2025\/04\/Programa-Escala-Castello-2025-18x12.png 18w, https:\/\/agendaurbanacastello.es\/wp-content\/uploads\/2025\/04\/Programa-Escala-Castello-2025.png 1397w\" sizes=\"(max-width: 1024px) 100vw, 1024px\" \/><\/a><figcaption>Programa Escala Castell\u00f3 2025<\/figcaption><\/figure>\n\n\n\n<p>Adem\u00e1s, tambi\u00e9n se ha referido a la comisi\u00f3n de trabajo puerto-ciudad, agradeciendo la labor y predisposici\u00f3n del presidente de <a href=\"https:\/\/www.portcastello.com\/\" target=\"_blank\" rel=\"noreferrer noopener\" title=\"Autoridad Portuaria\">Autoridad Portuaria<\/a>, Rub\u00e9n Ib\u00e1\u00f1ez se\u00f1alando que \u201cgracias a esta comisi\u00f3n trabajamos de la mano y de forma coordinada Ayuntamiento y Puerto para que durante todo el a\u00f1o existan iniciativas que permitan la desestacionalizaci\u00f3n tur\u00edstica recibiendo a miles de visitantes\u201d.<\/p>\n\n\n\n<p>Fernando Viota, ha expresado su \u201cagradecimiento al <a href=\"https:\/\/www.castello.es\/es\/\" target=\"_blank\" rel=\"noreferrer noopener\" title=\"Ayuntamiento de Castell\u00f3n\">Ayuntamiento de Castell\u00f3n<\/a> por su trabajo constante y su firme apuesta por Escala a Castell\u00f3\u201d, y ha destacado \u201cla dedicaci\u00f3n de cada una de las concejal\u00edas implicadas en la organizaci\u00f3n, que han contribuido a que esta edici\u00f3n sea la m\u00e1s destacada hasta la fecha, con un n\u00famero r\u00e9cord de embarcaciones y novedades de gran relevancia\u201d.<\/p>\n\n\n\n<p>Viota ha agradecido tambi\u00e9n \u201cla colaboraci\u00f3n de la Generalitat Valenciana, el Puerto de Castell\u00f3n y las distintas entidades que han hecho posible esta cita\u201d.<\/p>\n\n\n\n<figure class=\"wp-block-image size-large\"><img loading=\"lazy\" width=\"1024\" height=\"682\" src=\"https:\/\/agendaurbanacastello.es\/wp-content\/uploads\/2025\/04\/20240404-Jueves_Llegada-052-BajaResolucion-1024x682.jpg\" alt=\"\" class=\"wp-image-2749\" srcset=\"https:\/\/agendaurbanacastello.es\/wp-content\/uploads\/2025\/04\/20240404-Jueves_Llegada-052-BajaResolucion-1024x682.jpg 1024w, https:\/\/agendaurbanacastello.es\/wp-content\/uploads\/2025\/04\/20240404-Jueves_Llegada-052-BajaResolucion-300x200.jpg 300w, https:\/\/agendaurbanacastello.es\/wp-content\/uploads\/2025\/04\/20240404-Jueves_Llegada-052-BajaResolucion-768x511.jpg 768w, https:\/\/agendaurbanacastello.es\/wp-content\/uploads\/2025\/04\/20240404-Jueves_Llegada-052-BajaResolucion-18x12.jpg 18w, https:\/\/agendaurbanacastello.es\/wp-content\/uploads\/2025\/04\/20240404-Jueves_Llegada-052-BajaResolucion-365x243.jpg 365w, https:\/\/agendaurbanacastello.es\/wp-content\/uploads\/2025\/04\/20240404-Jueves_Llegada-052-BajaResolucion.jpg 1200w\" sizes=\"(max-width: 1024px) 100vw, 1024px\" \/><figcaption>Escala a Castell\u00f3 2024<\/figcaption><\/figure>\n\n\n\n<h3>Nuevas embarcaciones<\/h3>\n\n\n\n<p>Este a\u00f1o ser\u00e1n trece imponentes embarcaciones, lo que representa un r\u00e9cord de participaci\u00f3n y la ocupaci\u00f3n total del muelle de Costa y el muelle de Levante. Esta expansi\u00f3n consolida a Escala a Castell\u00f3 como uno de los principales referentes n\u00e1uticos del pa\u00eds y posiciona a la ciudad como un destino clave del turismo mar\u00edtimo.<\/p>\n\n\n\n<p>La concejal de Turismo ha explicado que \u201cel evento comenzar\u00e1 el 24 de abril por la tarde con la llegada de todos los nav\u00edos, un momento muy especial que marca el inicio de la gran fiesta del mar.\u201d \u201cEn este momento se dar\u00e1 el pistoletazo de salida a un festival de cinco d\u00edas que contar\u00e1 con m\u00faltiples eventos que dar\u00e1n vida al distrito mar\u00edtimo en nuestra apuesta por desestacionalizar la oferta tur\u00edstica\u201d, ha se\u00f1alado.<\/p>\n\n\n\n<p>Una de las novedades ser\u00e1 de una experiencia de navegaci\u00f3n a bordo del Santa Mar\u00eda Manuela, un hist\u00f3rico velero. Treinta personas podr\u00e1n disfrutar de una traves\u00eda de tres horas por la costa de Castell\u00f3n el lunes 28 de abril. Para participar, los interesados deber\u00e1n compartir una imagen del evento en redes sociales y seguir las cuentas oficiales del festival.<\/p>\n\n\n\n<h3>Apuesta por la promoci\u00f3n del comercio local y la gastronom\u00eda grauera<\/h3>\n\n\n\n<p>La teniente alcalde del Grao ha destacado la colaboraci\u00f3n con la Asociaci\u00f3n de Comercios del Grao, que, un a\u00f1o m\u00e1s, participar\u00e1 en el evento con su tradicional mercado marinero \u2018Comercios a la Mar\u2019. En esta edici\u00f3n, ocho comercios locales se instalar\u00e1n dentro del puerto los d\u00edas s\u00e1bado 26 y domingo 27 de abril, integr\u00e1ndose completamente en el recinto de Escala a Castell\u00f3, a petici\u00f3n de los propios comerciantes. \u201cCon esta acci\u00f3n conseguimos que las personas que vienen a disfrutar de Escala tambi\u00e9n puedan descubrir los comercios de nuestro distrito\u201d, ha indicado.<\/p>\n\n\n\n<p>Como novedad, la teniente alcalde ha anunciado la elaboraci\u00f3n de un espectacular bocadillo gigante de sepia de 200 metros, adem\u00e1s de un carajillo popular. La edil ha se\u00f1alado que \u201ctodo ser\u00e1 gratuito y este acto contar\u00e1 tambi\u00e9n con la participaci\u00f3n de la Cofrad\u00eda de Pescadores del Grao, que ha preparado nada menos que 250 kilos de sepia local para la ocasi\u00f3n, reafirmando as\u00ed el compromiso con los productos del mar y la gastronom\u00eda tradicional\u201d.<\/p>\n\n\n\n<p>Adem\u00e1s, Giner ha explicado que este a\u00f1o se volver\u00e1n a realizar las visitas guiadas \u2018Aires Marineros\u2019 por el distrito mar\u00edtimo. \u201cEsta iniciativa permitir\u00e1 a los participantes conocer de cerca la arquitectura, la historia y, sobre todo, poner en valor la tradici\u00f3n marinera del Grao\u201d, ha explicado. Las rutas se llevar\u00e1n a cabo el s\u00e1bado 26 de abril, ofreciendo una oportunidad \u00fanica para adentrarse en la esencia de este emblem\u00e1tico barrio mar\u00edtimo.<\/p>\n\n\n\n<figure class=\"wp-block-image size-large\"><img loading=\"lazy\" width=\"782\" height=\"523\" src=\"https:\/\/agendaurbanacastello.es\/wp-content\/uploads\/2025\/04\/cubierta_banda_estribor.jpg\" alt=\"\" class=\"wp-image-2750\" srcset=\"https:\/\/agendaurbanacastello.es\/wp-content\/uploads\/2025\/04\/cubierta_banda_estribor.jpg 782w, https:\/\/agendaurbanacastello.es\/wp-content\/uploads\/2025\/04\/cubierta_banda_estribor-300x201.jpg 300w, https:\/\/agendaurbanacastello.es\/wp-content\/uploads\/2025\/04\/cubierta_banda_estribor-768x514.jpg 768w, https:\/\/agendaurbanacastello.es\/wp-content\/uploads\/2025\/04\/cubierta_banda_estribor-18x12.jpg 18w, https:\/\/agendaurbanacastello.es\/wp-content\/uploads\/2025\/04\/cubierta_banda_estribor-365x243.jpg 365w\" sizes=\"(max-width: 782px) 100vw, 782px\" \/><figcaption>Nuevas embarcaciones para Escala a Castell\u00f3 2025<\/figcaption><\/figure>\n\n\n\n<h3>El Encuentro de Navegantes, la gran novedad<\/h3>\n\n\n\n<p>\u201cUna de las principales novedades de este a\u00f1o ser\u00e1 el primer Encuentro de Navegantes, un foro de car\u00e1cter divulgativo y profesional que enriquecer\u00e1 la programaci\u00f3n\u201d, ha explicado la concejal de Turismo. Durante dos jornadas, Castell\u00f3n reunir\u00e1 a navegantes, influencers y creadores de contenido n\u00e1utico en conferencias, mesas redondas y actividades sociales destinadas a impulsar la navegaci\u00f3n recreativa y reforzar el papel de la ciudad como epicentro del turismo n\u00e1utico.<\/p>\n\n\n\n<p>Adem\u00e1s, Miralles ha se\u00f1alado que el s\u00e1bado 26 de abril ser\u00e1 \u201cla jornada de mayor actividad, con el tradicional desfile marinero que este a\u00f1o cambia su recorrido y se traslada al recinto del festival, culminando con un espectacular castillo de fuegos a cargo de la pirotecnia Pe\u00f1arroja.\u201d<\/p>\n\n\n\n<h3>Recreaciones hist\u00f3ricas, m\u00fasica en vivo y talleres infantiles<\/h3>\n\n\n\n<p>Miralles tambi\u00e9n ha se\u00f1alado que \u201cla programaci\u00f3n incluir\u00e1 tambi\u00e9n cl\u00e1sicos del festival como las justas marineras, recreaciones hist\u00f3ricas en la zona del Campamento, exhibiciones de ca\u00f1ones, desfiles de soldados y la tradicional subasta de pescado con la colaboraci\u00f3n de la Cofrad\u00eda de Pescadores del Grao\u201d. La zona del casino albergar\u00e1 actuaciones musicales que complementar\u00e1n la oferta cultural del evento. Asimismo, se habilitar\u00e1n dos zonas infantiles con m\u00e1s de 20 talleres y juegos inspirados en el mundo marino.<\/p>\n\n\n\n<p>Con m\u00e1s de 106.000 visitantes en su pasada edici\u00f3n, Escala a Castell\u00f3 se consolida como una herramienta estrat\u00e9gica para dinamizar el turismo, impulsar la hosteler\u00eda y proyectar la imagen de la ciudad m\u00e1s all\u00e1 de la temporada estival. La edil de Turismo ha concluido asegurando que \u201cla edici\u00f3n 2025 no solo eleva el list\u00f3n, sino que reafirma el compromiso de este gobierno municipal con la cultura del mar, la historia y la desestacionalizaci\u00f3n del turismo\u201d.<\/p>\n\n\n\n<h3>Una actuaci\u00f3n recogida en el plan de acci\u00f3n de la Agenda Urbana de Castell\u00f3n<\/h3>\n\n\n\n<p>El plan de acci\u00f3n de la <a href=\"https:\/\/agendaurbanacastello.es\/va\/\" target=\"_blank\" rel=\"noreferrer noopener\" title=\"Agenda Urbana de Castell\u00f3n\">Agenda Urbana de Castell\u00f3n<\/a> cuenta con un proyecto estrat\u00e9gico de ciudad centrado en el <a href=\"https:\/\/agendaurbanacastello.es\/va\/ficha\/turismo-sostenible-inteligente-y-deportivo\/\" target=\"_blank\" rel=\"noreferrer noopener\" title=\"Turismo Sostenible, Inteligente y Deportivo\">Turismo Sostenible, Inteligente y Deportivo<\/a> que, entre otros,  tiene como fin consolidar el turismo de la ciudad a trav\u00e9s de una oferta integral durante todo el a\u00f1o, que incluya tanto el casco urbano, como el litoral, el espacio natural y el espacio rural. Entre las actuaciones destaca la consolidaci\u00f3n del proyecto \u201cEscala a Castell\u00f3\u201d, que en su octava edici\u00f3n viene cargada de novedades y nuevas embarcaciones. <\/p>","protected":false},"excerpt":{"rendered":"<p>Esta edici\u00f3n se celebrar\u00e1 del 25 al 28 de abril en el Grao de Castell\u00f3n y se perfila como la m\u00e1s ambiciosa desde los inicios del festival mar\u00edtimo con importantes novedades para la desestacionalizaci\u00f3n del turismo<\/p>","protected":false},"author":1,"featured_media":2748,"comment_status":"closed","ping_status":"closed","sticky":false,"template":"","format":"standard","meta":{"_monsterinsights_skip_tracking":false,"_monsterinsights_sitenote_active":false,"_monsterinsights_sitenote_note":"","_monsterinsights_sitenote_category":0},"categories":[1],"tags":[200,48,128,91],"acf":[],"_links":{"self":[{"href":"https:\/\/agendaurbanacastello.es\/va\/wp-json\/wp\/v2\/posts\/2747"}],"collection":[{"href":"https:\/\/agendaurbanacastello.es\/va\/wp-json\/wp\/v2\/posts"}],"about":[{"href":"https:\/\/agendaurbanacastello.es\/va\/wp-json\/wp\/v2\/types\/post"}],"author":[{"embeddable":true,"href":"https:\/\/agendaurbanacastello.es\/va\/wp-json\/wp\/v2\/users\/1"}],"replies":[{"embeddable":true,"href":"https:\/\/agendaurbanacastello.es\/va\/wp-json\/wp\/v2\/comments?post=2747"}],"version-history":[{"count":3,"href":"https:\/\/agendaurbanacastello.es\/va\/wp-json\/wp\/v2\/posts\/2747\/revisions"}],"predecessor-version":[{"id":2757,"href":"https:\/\/agendaurbanacastello.es\/va\/wp-json\/wp\/v2\/posts\/2747\/revisions\/2757"}],"wp:featuredmedia":[{"embeddable":true,"href":"https:\/\/agendaurbanacastello.es\/va\/wp-json\/wp\/v2\/media\/2748"}],"wp:attachment":[{"href":"https:\/\/agendaurbanacastello.es\/va\/wp-json\/wp\/v2\/media?parent=2747"}],"wp:term":[{"taxonomy":"category","embeddable":true,"href":"https:\/\/agendaurbanacastello.es\/va\/wp-json\/wp\/v2\/categories?post=2747"},{"taxonomy":"post_tag","embeddable":true,"href":"https:\/\/agendaurbanacastello.es\/va\/wp-json\/wp\/v2\/tags?post=2747"}],"curies":[{"name":"wp","href":"https:\/\/api.w.org\/{rel}","templated":true}]}}