{"id":2762,"date":"2025-04-21T07:44:00","date_gmt":"2025-04-21T07:44:00","guid":{"rendered":"https:\/\/agendaurbanacastello.es\/?p=2762"},"modified":"2025-04-22T07:57:53","modified_gmt":"2025-04-22T07:57:53","slug":"castellon-acerca-y-promociona-el-valor-ecologico-y-turistico-de-la-marjaleria","status":"publish","type":"post","link":"https:\/\/agendaurbanacastello.es\/va\/castellon-acerca-y-promociona-el-valor-ecologico-y-turistico-de-la-marjaleria\/","title":{"rendered":"Castell\u00f3n acerca y promociona el valor ecol\u00f3gico y tur\u00edstico de la Marjaler\u00eda"},"content":{"rendered":"<h2>El Ayuntamiento apuesta por un turismo activo y sostenible a trav\u00e9s de visitas guiadas en bicicleta <\/h2>\n\n\n\n<p>El concejal de Medio Ambiente, Cristian Ram\u00edrez, ha destacado hoy las visitas guiadas en bicicleta por el entorno de la Marjaler\u00eda que ha puesto en marcha el <a href=\"https:\/\/www.castello.es\/es\/inicio\" target=\"_blank\" rel=\"noreferrer noopener\" title=\"Ayuntamiento de Castell\u00f3n\">Ayuntamiento de Castell\u00f3n<\/a> en esta Pascua y que han tenido lugar este pasado domingo 20 de abril y el lunes 21 de abril. Una actividad en la que se han inscrito cerca de 40 personas entre las dos jornadas.<\/p>\n\n\n\n<p>El edil ha hecho hincapi\u00e9 en que \u201cen primer lugar, estas visitas, que se realizan en colaboraci\u00f3n con el <a href=\"https:\/\/www.castellonturismo.com\/\" target=\"_blank\" rel=\"noreferrer noopener\" title=\"Patronato Municipal de Turismo\">Patronato Municipal de Turismo<\/a> estaban dirigidas a un p\u00fablico a partir de 15 a\u00f1os, permiten descubrir el valor medioambiental de una de las zonas m\u00e1s singulares de nuestra ciudad como es el de la Marjaler\u00eda. Una zona de humedales donde encontramos una gran biodiversidad de fauna y flora\u201d.<\/p>\n\n\n\n<p>El concejal tambi\u00e9n ha subrayado que \u201caprovechando la llegada del buen tiempo, en el recorrido de estas visitas se incluyen parajes de gran valor ecol\u00f3gico como el Mol\u00ed de La Font, el Parque del Meridiano o la desembocadura del Riu Sec, con las playas del Serradal y del Gurug\u00fa, lo que hace de este recorrido en bicicleta una verdadera experiencia, tanto para vecinos y vecinas de Castell\u00f3n como para los turistas que nos visitan durante estas fechas\u201d.<\/p>\n\n\n\n<p>\u201cEste recorrido que permite disfrutar sin prisas de algunos de los rincones m\u00e1s singulares y bellos de nuestro t\u00e9rmino municipal. Un paisaje de acequias y marjal que forma parte del ADN de nuestra ciudad\u201d, ha referido Ram\u00edrez.<\/p>\n\n\n\n<h3>Apuesta por el turismo activo y sostenible<\/h3>\n\n\n\n<p>Para Ram\u00edrez, esta es tambi\u00e9n una apuesta por un turismo activo y m\u00e1s sostenible, a trav\u00e9s de un medio de transporte respetuoso con el medio ambiente como es la bicicleta, que permite una visi\u00f3n diferente de nuestro entorno m\u00e1s inmediato\u201d.<\/p>\n\n\n\n<p>\u201cPero la Marjaler\u00eda es tambi\u00e9n un espacio \u00edntimamente ligado a la historia, tradiciones y paisaje humano en nuestra ciudad. Una importancia que ha llegado hasta nuestros d\u00edas, siendo una zona donde miles de personas viven o pasan sus vacaciones. Un paraje que proteger y cuidar\u201d, ha a\u00f1adido.<\/p>\n\n\n\n<p>Finalmente,Cristian Ram\u00edrez ha insistido \u201cel compromiso del Ayuntamiento de Castell\u00f3n con la difusi\u00f3n de su patrimonio natural y medioambiental entre la ciudadan\u00eda. Una promoci\u00f3n que tiene su lado m\u00e1s atractivo gracias a estas visitas guiadas que ofrecen una manera diferente de ocio y de turismo, una nueva forma de descubrir Castell\u00f3n y todo lo que nos puede ofrecer su Marjaler\u00eda\u201d.<\/p>\n\n\n\n<h3>Uno de los ejes estrat\u00e9gicos del plan de acci\u00f3n de la Agenda Urbana de Castell\u00f3n<\/h3>\n\n\n\n<p>La <a href=\"https:\/\/agendaurbanacastello.es\/va\/\" target=\"_blank\" rel=\"noreferrer noopener\" title=\"Agenda Urbana de Castell\u00f3n\">Agenda Urbana de Castell\u00f3n<\/a> tiene entre sus proyectos estrat\u00e9gicos priorizados el denominado &#8220;<a href=\"https:\/\/agendaurbanacastello.es\/va\/ficha\/turismo-sostenible-inteligente-y-deportivo\/\" target=\"_blank\" rel=\"noreferrer noopener\" title=\"Turismo sostenible, inteligente y deportivo\">Turismo sostenible, inteligente y deportivo<\/a>&#8221; con el fin de consolidar la ciudad y su entorno como un destino tur\u00edstico sostenible a trav\u00e9s de actuaciones centradas en la conectividad y la movilidad sostenible en torno a v\u00edas verdes, paseos mar\u00edtimos y parque urbanos.<\/p>\n\n\n\n<p><\/p>","protected":false},"excerpt":{"rendered":"<p>Las visitas guiadas en bicicleta por la Marjaler\u00eda se realizan en colaboraci\u00f3n con el Patronato Municipal de Turismo y se dirigen tanto a locales como a turistas que visitan Castell\u00f3n durante estas fechas<\/p>","protected":false},"author":1,"featured_media":2763,"comment_status":"closed","ping_status":"closed","sticky":false,"template":"","format":"standard","meta":{"_monsterinsights_skip_tracking":false,"_monsterinsights_sitenote_active":false,"_monsterinsights_sitenote_note":"","_monsterinsights_sitenote_category":0},"categories":[1],"tags":[98,56,128,57,91],"acf":[],"_links":{"self":[{"href":"https:\/\/agendaurbanacastello.es\/va\/wp-json\/wp\/v2\/posts\/2762"}],"collection":[{"href":"https:\/\/agendaurbanacastello.es\/va\/wp-json\/wp\/v2\/posts"}],"about":[{"href":"https:\/\/agendaurbanacastello.es\/va\/wp-json\/wp\/v2\/types\/post"}],"author":[{"embeddable":true,"href":"https:\/\/agendaurbanacastello.es\/va\/wp-json\/wp\/v2\/users\/1"}],"replies":[{"embeddable":true,"href":"https:\/\/agendaurbanacastello.es\/va\/wp-json\/wp\/v2\/comments?post=2762"}],"version-history":[{"count":1,"href":"https:\/\/agendaurbanacastello.es\/va\/wp-json\/wp\/v2\/posts\/2762\/revisions"}],"predecessor-version":[{"id":2764,"href":"https:\/\/agendaurbanacastello.es\/va\/wp-json\/wp\/v2\/posts\/2762\/revisions\/2764"}],"wp:featuredmedia":[{"embeddable":true,"href":"https:\/\/agendaurbanacastello.es\/va\/wp-json\/wp\/v2\/media\/2763"}],"wp:attachment":[{"href":"https:\/\/agendaurbanacastello.es\/va\/wp-json\/wp\/v2\/media?parent=2762"}],"wp:term":[{"taxonomy":"category","embeddable":true,"href":"https:\/\/agendaurbanacastello.es\/va\/wp-json\/wp\/v2\/categories?post=2762"},{"taxonomy":"post_tag","embeddable":true,"href":"https:\/\/agendaurbanacastello.es\/va\/wp-json\/wp\/v2\/tags?post=2762"}],"curies":[{"name":"wp","href":"https:\/\/api.w.org\/{rel}","templated":true}]}}