{"id":2768,"date":"2025-04-18T08:46:00","date_gmt":"2025-04-18T08:46:00","guid":{"rendered":"https:\/\/agendaurbanacastello.es\/?p=2768"},"modified":"2025-04-22T08:57:55","modified_gmt":"2025-04-22T08:57:55","slug":"el-torneo-primer-toque-2025-atrae-a-mas-de-13-500-personas","status":"publish","type":"post","link":"https:\/\/agendaurbanacastello.es\/va\/el-torneo-primer-toque-2025-atrae-a-mas-de-13-500-personas\/","title":{"rendered":"El Torneo Primer Toque 2025 atrae a m\u00e1s de 13.500 personas"},"content":{"rendered":"<h2><strong>El Ayuntamiento pone en valor el deporte base a trav\u00e9s de un evento deportivo en el que participan equipos de f\u00fatbol de toda Espa\u00f1a<\/strong><\/h2>\n\n\n\n<p>El Grao de Castell\u00f3n ha acogido hoy la presentaci\u00f3n oficial del <a href=\"https:\/\/torneoprimertoque.com\/\" target=\"_blank\" rel=\"noreferrer noopener\" title=\"Torneo Primer Toque 2025\">Torneo Primer Toque 2025<\/a>, un campeonato nacional de f\u00fatbol base que se celebrar\u00e1 desde hoy y hasta el domingo 20 de abril en Castell\u00f3n y Burriana. El acto inaugural ha tenido lugar en el Moll de Costa del Port de Castell\u00f3 y ha contado con la presencia de la concejala de Deportes, Maica Hurtado, y la concejala de Turismo, Arantxa Miralles, entre otras autoridades.<\/p>\n\n\n\n<p>Durante el acto, Maica Hurtado ha destacado que \u201cCastell\u00f3n acoger\u00e1 a m\u00e1s de 12.500 personas entre hoy y el domingo. Una oportunidad para, a trav\u00e9s del deporte, mostrar la mejor imagen de nuestra ciudad\u201d. La concejala de deportes ha afirmado que \u201cnuestro objetivo es claro: que Castell\u00f3n se consolide como capital del deporte, tanto a nivel nacional como internacional, y eso pasa por acoger todas las categor\u00edas, desde la base hasta la \u00e9lite.\u201d Adem\u00e1s, Hurtado la destacado que \u201cla ocupaci\u00f3n hotelera ha alcanzado cifras muy positivas, y el ambiente en nuestra ciudad se refleja en el alto nivel de personas en bares, restaurantes y comercios. Por ello, acogemos iniciativas como \u00e9sta, que dinamizan nuestra econom\u00eda local y refuerzan la imagen de Castell\u00f3n como un destino de gran nivel durante todo el a\u00f1o.&#8221;<\/p>\n\n\n\n<blockquote class=\"wp-block-quote\"><p>Nuestro objetivo es claro: que Castell\u00f3n se consolide como capital del deporte, tanto a nivel nacional como internacional, y eso pasa por acoger todas las categor\u00edas, desde la base hasta la \u00e9lite. <\/p><cite>Maica Hurtado, Concejala de Deportes del Ayuntamiento de Castell\u00f3n de la Plana <\/cite><\/blockquote>\n\n\n\n<p>&#8220;Por su parte, la concejal de Turismo, Arantxa Miralles, ha se\u00f1alado que &#8216;este torneo supone un gran impulso para el turismo en Castell\u00f3n, especialmente en unas fechas tan se\u00f1aladas como las de Semana Santa&#8217;. Adem\u00e1s, ha destacado que este tipo de eventos contribuyen a posicionar la ciudad como un destino atractivo para el turismo deportivo y familiar.&#8221;<\/p>\n\n\n\n<h3>Mejoras en la instalaci\u00f3n municipal Chencho<\/h3>\n\n\n\n<p>Con motivo de este torneo, el Ayuntamiento ha impulsado obras de mejora en la instalaci\u00f3n municipal de Chencho, con una inversi\u00f3n de 395.419,83 euros (IVA incluido) para acondicionar los campos A, B y C. Las obras en el campo C, recepcionadas esta semana, han consistido en la instalaci\u00f3n del nuevo c\u00e9sped artificial, as\u00ed como la limpieza de sistemas de drenaje y la sustituci\u00f3n de tapas para garantizar su durabilidad y resistencia ante condiciones climatol\u00f3gicas adversas. La inversi\u00f3n en este campo ha sido de 195.608,58 euros (IVA incluido).<\/p>\n\n\n\n<p>Adem\u00e1s, se han finalizado las actuaciones de reparcheo del campo B y se ha realizado un reparcheo provisional en el campo A, que permitir\u00e1 disputar el torneo con seguridad. Finalizado el campeonato, se iniciar\u00e1 el cambio completo del c\u00e9sped del campo A, con una inversi\u00f3n ya adjudicada de 199.811,25 euros. Asimismo, se ha llevado a cabo la mejora de los exteriores de los vestuarios, con el pintado de fachadas, labores de jardiner\u00eda, sustituci\u00f3n de vallas y nueva se\u00f1alizaci\u00f3n, elevando as\u00ed la calidad de unas instalaciones que utilizan habitualmente m\u00e1s de 600 deportistas de clubes como el CD Castell\u00f3n, Primer Toque CF o Nou Jove.<\/p>\n\n\n\n<p>En Castell\u00f3n, los partidos se disputar\u00e1n en 11 campos situados en las instalaciones deportivas de Chencho, Gran V\u00eda y Rafalafena, el Sindical, Gaet\u00e0 Huguet y la Ciudad Deportiva Facsa.<\/p>\n\n\n\n<h3>El turismo deportivo, clave en la Agenda Urbana de Castell\u00f3n <\/h3>\n\n\n\n<p>El proyecto prioritario <a href=\"https:\/\/agendaurbanacastello.es\/va\/ficha\/turismo-sostenible-inteligente-y-deportivo\/\" target=\"_blank\" rel=\"noreferrer noopener\" title=\"\u201cTurismo sostenible, inteligente y deportivo\">\u201cTurismo sostenible, inteligente y deportivo<\/a>\u201d del plan de acci\u00f3n de la <a href=\"https:\/\/agendaurbanacastello.es\/va\/\" target=\"_blank\" rel=\"noreferrer noopener\" title=\"Agenda Urbana de Castell\u00f3n\">Agenda Urbana de Castell\u00f3n<\/a> contempla entre sus actuaciones la promoci\u00f3n de eventos deportivos para posicionar la ciudad como destino tur\u00edstico deportivo.<\/p>\n\n\n\n<p>La 17\u00aa edici\u00f3n de este campeonato cuenta con la participaci\u00f3n de 274 equipos de toda Espa\u00f1a, y ha reunido a cerca de 13.500 personas entre jugadores, t\u00e9cnicos y acompa\u00f1antes. Cifras que consolidan el torneo como uno de los referentes del f\u00fatbol formativo a nivel nacional y proyectan a Castell\u00f3n como sede nacional del deporte base.<\/p>","protected":false},"excerpt":{"rendered":"<p>Las instalaciones deportivas de Chencho, Gran V\u00eda, Rafalafena, Gaet\u00e0 Huguet, Sindical y la Ciudad Deportiva Facsa acoger\u00e1n los partidos de f\u00fatbol que disputar\u00e1n los equipos participantes llegados de toda Espa\u00f1a<\/p>","protected":false},"author":1,"featured_media":2769,"comment_status":"closed","ping_status":"closed","sticky":false,"template":"","format":"standard","meta":{"_monsterinsights_skip_tracking":false,"_monsterinsights_sitenote_active":false,"_monsterinsights_sitenote_note":"","_monsterinsights_sitenote_category":0},"categories":[1],"tags":[93,91],"acf":[],"_links":{"self":[{"href":"https:\/\/agendaurbanacastello.es\/va\/wp-json\/wp\/v2\/posts\/2768"}],"collection":[{"href":"https:\/\/agendaurbanacastello.es\/va\/wp-json\/wp\/v2\/posts"}],"about":[{"href":"https:\/\/agendaurbanacastello.es\/va\/wp-json\/wp\/v2\/types\/post"}],"author":[{"embeddable":true,"href":"https:\/\/agendaurbanacastello.es\/va\/wp-json\/wp\/v2\/users\/1"}],"replies":[{"embeddable":true,"href":"https:\/\/agendaurbanacastello.es\/va\/wp-json\/wp\/v2\/comments?post=2768"}],"version-history":[{"count":1,"href":"https:\/\/agendaurbanacastello.es\/va\/wp-json\/wp\/v2\/posts\/2768\/revisions"}],"predecessor-version":[{"id":2770,"href":"https:\/\/agendaurbanacastello.es\/va\/wp-json\/wp\/v2\/posts\/2768\/revisions\/2770"}],"wp:featuredmedia":[{"embeddable":true,"href":"https:\/\/agendaurbanacastello.es\/va\/wp-json\/wp\/v2\/media\/2769"}],"wp:attachment":[{"href":"https:\/\/agendaurbanacastello.es\/va\/wp-json\/wp\/v2\/media?parent=2768"}],"wp:term":[{"taxonomy":"category","embeddable":true,"href":"https:\/\/agendaurbanacastello.es\/va\/wp-json\/wp\/v2\/categories?post=2768"},{"taxonomy":"post_tag","embeddable":true,"href":"https:\/\/agendaurbanacastello.es\/va\/wp-json\/wp\/v2\/tags?post=2768"}],"curies":[{"name":"wp","href":"https:\/\/api.w.org\/{rel}","templated":true}]}}