{"id":2771,"date":"2025-04-16T09:14:00","date_gmt":"2025-04-16T09:14:00","guid":{"rendered":"https:\/\/agendaurbanacastello.es\/?p=2771"},"modified":"2025-04-22T09:49:50","modified_gmt":"2025-04-22T09:49:50","slug":"castellon-abre-sus-servicios-de-playa-en-semana-santa","status":"publish","type":"post","link":"https:\/\/agendaurbanacastello.es\/va\/castellon-abre-sus-servicios-de-playa-en-semana-santa\/","title":{"rendered":"Castell\u00f3n abre sus servicios de playa en Semana Santa"},"content":{"rendered":"<h2>El Ayuntamiento apuesta por la  desestacionalizaci\u00f3n, el empleo y la dinamizaci\u00f3n econ\u00f3mica para convertir Castell\u00f3n en destino tur\u00edstico de referencia durante todo el a\u00f1o<\/h2>\n\n\n\n<p><\/p>\n\n\n\n<p>La Alcaldesa de Castell\u00f3n, Bego\u00f1a Carrasco, ha visitado esta ma\u00f1ana la playa del Gurug\u00fa, coincidiendo con la puesta en marcha de los servicios de playa para estas vacaciones de Semana Santa. La primera edila ha estado acompa\u00f1ada por el concejal de Urbanismo y Servicios P\u00fablicos, Sergio Toledo; la concejala de Turismo, Arantxa Miralles y la teniente de alcalde del Grau, Ester Giner.<\/p>\n\n\n\n<p>La alcaldesa de Castell\u00f3n ha querido hacer hincapi\u00e9 en que \u201cuna vez m\u00e1s, el <a href=\"https:\/\/www.castello.es\/es\/inicio\" target=\"_blank\" rel=\"noreferrer noopener\" title=\"Ayuntamiento de Castell\u00f3n\">Ayuntamiento de Castell\u00f3n<\/a> ha cumplido con su palabra y con lo prometido a los castellonenses al poner en marcha estos servicios de playa lo m\u00e1s pronto posible, gracias al trabajo conjunto de las diferentes \u00e1reas municipales, coincidiendo con las vacaciones de Semana Santa. Algo que hacemos por segundo a\u00f1o consecutivo, cuando el gobierno anterior, durante ocho a\u00f1os, no fue capaz de poder abrirlos y con todo lo que ello significa, para la desestacionalizaci\u00f3n tur\u00edstica, para las contrataciones, para la imagen de la ciudad de Castell\u00f3n\u201d.<\/p>\n\n\n\n<p>Tambi\u00e9n ha destacado Carrasco de manera especial \u201cel trabajo conjunto con otras administraciones, como la conseller\u00eda de Medio Ambiente, que nos ha hecho de mediadora, y por supuesto Costas, que depende de la administraci\u00f3n del Estado\u201d.<\/p>\n\n\n\n<p>As\u00ed, en las playas de Castell\u00f3n est\u00e1n ya dispuestas para que los turistas disfruten de la oferta de merenderos, de la escuela n\u00e1utica, kioscos, hamacas, sombrillas han sido adjudicados y a partir de hoy comenzar\u00e1n a formalizarse los contratos con las respectivas empresas que ya pueden comenzar a instalar los servicios de playa\u201d explica el edil.<\/p>\n\n\n\n<figure class=\"wp-block-image size-large\"><img loading=\"lazy\" width=\"1024\" height=\"576\" src=\"https:\/\/agendaurbanacastello.es\/wp-content\/uploads\/2025\/04\/20250416-Apetura-Chiringuitos-y-avance-obras6-1024x576.jpg\" alt=\"\" class=\"wp-image-2773\" srcset=\"https:\/\/agendaurbanacastello.es\/wp-content\/uploads\/2025\/04\/20250416-Apetura-Chiringuitos-y-avance-obras6-1024x576.jpg 1024w, https:\/\/agendaurbanacastello.es\/wp-content\/uploads\/2025\/04\/20250416-Apetura-Chiringuitos-y-avance-obras6-300x169.jpg 300w, https:\/\/agendaurbanacastello.es\/wp-content\/uploads\/2025\/04\/20250416-Apetura-Chiringuitos-y-avance-obras6-768x432.jpg 768w, https:\/\/agendaurbanacastello.es\/wp-content\/uploads\/2025\/04\/20250416-Apetura-Chiringuitos-y-avance-obras6-18x10.jpg 18w, https:\/\/agendaurbanacastello.es\/wp-content\/uploads\/2025\/04\/20250416-Apetura-Chiringuitos-y-avance-obras6.jpg 1440w\" sizes=\"(max-width: 1024px) 100vw, 1024px\" \/><figcaption>Visita a los chiringuitos de las playas de Castell\u00f3n<\/figcaption><\/figure>\n\n\n\n<p>La primera edila tener las playas preparadas para poder recibir turistas en la Semana Santa es una muestra inequ\u00edvoca de la apuesta de este gobierno por la desestacionalizaci\u00f3n y la dinamizaci\u00f3n econ\u00f3mica en nuestra ciudad. nuestra ciudad. Una apuesta por la actividad tur\u00edstica, a trav\u00e9s de la colaboraci\u00f3n p\u00fablico-privada, de la mano de los hosteleros y diferentes empresas de servicios, para consolidar a la ciudad de Castell\u00f3n como destino tur\u00edstico de referencia no s\u00f3lo en verano sino durante todo el a\u00f1o\u201d.<\/p>\n\n\n\n<p>Para Carrasco, esta puesta en marcha temprana de los servicios de playa \u201ces tambi\u00e9n una gran noticia para el empleo en nuestra ciudad, ya que permite alargar la temporada tur\u00edstica y con ella la contrataci\u00f3n de trabajadores durante m\u00e1s d\u00edas\u201d.<\/p>\n\n\n\n<h3>Reforma de la avenida de Ferrandis Salvador<\/h3>\n\n\n\n<p>En cuanto a los plazos de ejecuci\u00f3n de las obras, Carrasco ha comentado que \u201ceste tramo de la playa del Gurug\u00fa estar\u00e1 completamente acabado para la inauguraci\u00f3n de la temporada de playas con el Festival del Viento, cuya fecha es 7 y 8 de junio. Un evento que el a\u00f1o pasado atrajo a m\u00e1s de 25.000 visitantes. Y esperemos que este a\u00f1o tambi\u00e9n sea un \u00e9xito\u201d.<\/p>\n\n\n\n<p>En cuanto al resto del paseo mar\u00edtimo, la primera edila ha apuntado que \u201cesperamos tener finalizado para la celebraci\u00f3n de San Juan (24 de junio)\u201d.<\/p>\n\n\n\n<figure class=\"wp-block-image size-large\"><img loading=\"lazy\" width=\"1024\" height=\"576\" src=\"https:\/\/agendaurbanacastello.es\/wp-content\/uploads\/2025\/04\/20250416-Apetura-Chiringuitos-y-avance-obras9-1024x576.jpg\" alt=\"\" class=\"wp-image-2774\" srcset=\"https:\/\/agendaurbanacastello.es\/wp-content\/uploads\/2025\/04\/20250416-Apetura-Chiringuitos-y-avance-obras9-1024x576.jpg 1024w, https:\/\/agendaurbanacastello.es\/wp-content\/uploads\/2025\/04\/20250416-Apetura-Chiringuitos-y-avance-obras9-300x169.jpg 300w, https:\/\/agendaurbanacastello.es\/wp-content\/uploads\/2025\/04\/20250416-Apetura-Chiringuitos-y-avance-obras9-768x432.jpg 768w, https:\/\/agendaurbanacastello.es\/wp-content\/uploads\/2025\/04\/20250416-Apetura-Chiringuitos-y-avance-obras9-18x10.jpg 18w, https:\/\/agendaurbanacastello.es\/wp-content\/uploads\/2025\/04\/20250416-Apetura-Chiringuitos-y-avance-obras9.jpg 1440w\" sizes=\"(max-width: 1024px) 100vw, 1024px\" \/><figcaption>Estado actual de ejecuci\u00f3n de las obras<\/figcaption><\/figure>\n\n\n\n<h3>Cer\u00e1mica protagonista<\/h3>\n\n\n\n<p>La alcaldesa ha querido tambi\u00e9n remarcar una de las principales caracter\u00edsticas de la reforma de la avenida de Ferrandis Salvador \u201ccomo es la utilizaci\u00f3n de cer\u00e1mica como material destacado, apostando una vez m\u00e1s por nuestra industria m\u00e1s importante y cumpliendo con nuestro compromiso con el sector, siendo el mejor escaparate de la cer\u00e1mica\u201d.<\/p>\n\n\n\n<p>Carrasco ha recordado que \u201cla cer\u00e1mica de Castell\u00f3n va a decorar tanto la superficie como parte del mobiliario urbano de esta obra que pone en valor el principal recurso tur\u00edstico con el que cuenta la ciudad de Castell\u00f3n, como son nuestras playas\u201d.<\/p>\n\n\n\n<p>En total se instalar\u00e1n 5.226 m2 de superficie cer\u00e1mica en esta obra de remodelaci\u00f3n que permitir\u00e1 ganar espacio tanto a peatones como a ciclistas, e incluye la ampliaci\u00f3n y mejoras en el carril bici, servicios de duchas y lavapi\u00e9s, la construcci\u00f3n de aseos y la instalaci\u00f3n de paneles digitales con informaci\u00f3n actualizada sobre nuestras playas, adem\u00e1s de puntos de recarga para veh\u00edculos el\u00e9ctricos, en una clara apuesta por un espacio m\u00e1s verde, m\u00e1s sostenible y m\u00e1s atractivo para la ciudadan\u00eda\u201d.<\/p>\n\n\n\n<figure class=\"wp-block-image size-large\"><img loading=\"lazy\" width=\"1024\" height=\"576\" src=\"https:\/\/agendaurbanacastello.es\/wp-content\/uploads\/2025\/04\/20250416-Apetura-Chiringuitos-y-avance-obras4-1024x576.jpg\" alt=\"\" class=\"wp-image-2775\" srcset=\"https:\/\/agendaurbanacastello.es\/wp-content\/uploads\/2025\/04\/20250416-Apetura-Chiringuitos-y-avance-obras4-1024x576.jpg 1024w, https:\/\/agendaurbanacastello.es\/wp-content\/uploads\/2025\/04\/20250416-Apetura-Chiringuitos-y-avance-obras4-300x169.jpg 300w, https:\/\/agendaurbanacastello.es\/wp-content\/uploads\/2025\/04\/20250416-Apetura-Chiringuitos-y-avance-obras4-768x432.jpg 768w, https:\/\/agendaurbanacastello.es\/wp-content\/uploads\/2025\/04\/20250416-Apetura-Chiringuitos-y-avance-obras4-18x10.jpg 18w, https:\/\/agendaurbanacastello.es\/wp-content\/uploads\/2025\/04\/20250416-Apetura-Chiringuitos-y-avance-obras4.jpg 1440w\" sizes=\"(max-width: 1024px) 100vw, 1024px\" \/><figcaption>Muestra de la cer\u00e1mica utilizada en la remodelaci\u00f3n del Paseo Mar\u00edtimo <\/figcaption><\/figure>\n\n\n\n<p>La primera edila ha recordado tambi\u00e9n que \u201cproyectos como la llegada del TRAM a las playas y la mencionada reforma de la avenida Ferrandis Salvador y su paseo mar\u00edtimo servir\u00e1n para transformar y dar un impulso definitivo a uno de los lugares m\u00e1s representativos y elemento clave para el desarrollo tur\u00edstico y econ\u00f3micos de nuestra ciudad\u201d.<\/p>\n\n\n\n<h3>Nuevo aparcamiento<\/h3>\n\n\n\n<p>Bego\u00f1a Carrasco ha apuntado tambi\u00e9n que \u201cestamos trabajando con la Conselleria de Emergencias para que se produzca el cambio en la zona acotada para los helic\u00f3pteros y servicios de emergencias, tan necesarios sobre todo en \u00e9poca estival con los incendios, y que a su vez nos permita poner a disposici\u00f3n de castellonenses y visitantes un parking que casi triplica la superficie del que hab\u00eda\u201d.<\/p>\n\n\n\n<p>\u201cLo que pretendemos es que Castell\u00f3n luzca su mejor cara, desestacionalizar el turismo, que Castell\u00f3n sea un destino tur\u00edstico de referencia durante todo el a\u00f1o y por supuesto que tenga todos los servicios a disposici\u00f3n de castellonenses y de visitantes, porque lo que pretendemos es posicionar a Castell\u00f3n como el mejor destino tur\u00edstico\u201d, ha resumido.<\/p>\n\n\n\n<h3>Obra cofinanciada por la Uni\u00f3n Europea <\/h3>\n\n\n\n<p>Las obras de remodelaci\u00f3n del Paseo Mar\u00edtimo de la Avenida Ferrandis Salvador, que comprenden el tramo entre el Cam\u00ed la Plana hasta el Cam\u00ed la Ratlla, est\u00e1n cofinanciadas con fondos europeos Next Generation en el marco del <a href=\"https:\/\/planderecuperacion.gob.es\/\" target=\"_blank\" rel=\"noreferrer noopener\" title=\"Plan de Recuperaci\u00f3n, Transformaci\u00f3n y Resiliencia\">Plan de Recuperaci\u00f3n, Transformaci\u00f3n y Resiliencia<\/a>. Una inversi\u00f3n total de 3.722.607 euros, de los que 2.441.513 son financiaci\u00f3n comunitaria y 1.281.094 euros aportaci\u00f3n municipal.<br><br>Se trata de un proyecto cofinanciado en el marco convocatoria extraordinaria de <a href=\"https:\/\/www.turisme.gva.es\/opencms\/opencms\/turisme\/es\/contents\/planificacion\/PSTDs.html?tam=&amp;menu_id=77\" target=\"_blank\" rel=\"noreferrer noopener\" title=\"Planes de Sostenibilidad Tur\u00edstica en Destino\">Planes de Sostenibilidad Tur\u00edstica en Destino<\/a>, coordinada a nivel auton\u00f3mico por <a href=\"https:\/\/www.turisme.gva.es\/opencms\/opencms\/turisme\/es\/index.jsp\" target=\"_blank\" rel=\"noreferrer noopener\" title=\"Turismo de la Generalitat Valenciana\">Turismo de la Generalitat Valenciana<\/a>. Una iniciativa que tiene como fin apoyar a los destinos en su proceso de transformaci\u00f3n hacia la innovaci\u00f3n tur\u00edstica,integrando en su oferta la sostenibilidad medioambiental, socioecon\u00f3mica y territorial, y el desarrollo conjunto de estrategias de resiliencia frente a los nuevos retos del ecosistema tur\u00edstico.<\/p>\n\n\n\n<figure class=\"wp-block-image size-large\"><img loading=\"lazy\" width=\"1024\" height=\"576\" src=\"https:\/\/agendaurbanacastello.es\/wp-content\/uploads\/2025\/04\/20250416-Apetura-Chiringuitos-y-avance-obras10-1024x576.jpg\" alt=\"\" class=\"wp-image-2776\" srcset=\"https:\/\/agendaurbanacastello.es\/wp-content\/uploads\/2025\/04\/20250416-Apetura-Chiringuitos-y-avance-obras10-1024x576.jpg 1024w, https:\/\/agendaurbanacastello.es\/wp-content\/uploads\/2025\/04\/20250416-Apetura-Chiringuitos-y-avance-obras10-300x169.jpg 300w, https:\/\/agendaurbanacastello.es\/wp-content\/uploads\/2025\/04\/20250416-Apetura-Chiringuitos-y-avance-obras10-768x432.jpg 768w, https:\/\/agendaurbanacastello.es\/wp-content\/uploads\/2025\/04\/20250416-Apetura-Chiringuitos-y-avance-obras10-18x10.jpg 18w, https:\/\/agendaurbanacastello.es\/wp-content\/uploads\/2025\/04\/20250416-Apetura-Chiringuitos-y-avance-obras10.jpg 1440w\" sizes=\"(max-width: 1024px) 100vw, 1024px\" \/><figcaption>Visita a las obras de remodelaci\u00f3n del Paseo Mar\u00edtimo de Castell\u00f3n<\/figcaption><\/figure>\n\n\n\n<h3>Una actuaci\u00f3n dentro del plan de acci\u00f3n de la Agenda Urbana de Castell\u00f3n <\/h3>\n\n\n\n<p>El plan de acci\u00f3n de la<a href=\"https:\/\/agendaurbanacastello.es\/va\/\" target=\"_blank\" rel=\"noreferrer noopener\" title=\" Agenda Urbana de Castell\u00f3n\"> Agenda Urbana de Castell\u00f3n<\/a> tiene entre sus proyectos estrat\u00e9gicos priorizados el denominado <a href=\"https:\/\/agendaurbanacastello.es\/va\/ficha\/turismo-sostenible-inteligente-y-deportivo\/\" target=\"_blank\" rel=\"noreferrer noopener\" title=\"\u201cTurismo sostenible, inteligente y deportivo\u201d\">\u201cTurismo sostenible, inteligente y deportivo\u201d<\/a> con el fin de consolidar la ciudad y su entorno como un destino tur\u00edstico sostenible a trav\u00e9s de actuaciones centradas en la conectividad y la movilidad sostenible en torno a v\u00edas verdes, paseos mar\u00edtimos y parque urbanos.<\/p>","protected":false},"excerpt":{"rendered":"<p>Las obras en el paseo mar\u00edtimo cofinanciadas con fondos europeos Next Generation estar\u00e1n finalizadas para la celebraci\u00f3n de San Juan<\/p>","protected":false},"author":1,"featured_media":2772,"comment_status":"closed","ping_status":"closed","sticky":false,"template":"","format":"standard","meta":{"_monsterinsights_skip_tracking":false,"_monsterinsights_sitenote_active":false,"_monsterinsights_sitenote_note":"","_monsterinsights_sitenote_category":0},"categories":[1],"tags":[45,201,44,98,56,127,128,57,91],"acf":[],"_links":{"self":[{"href":"https:\/\/agendaurbanacastello.es\/va\/wp-json\/wp\/v2\/posts\/2771"}],"collection":[{"href":"https:\/\/agendaurbanacastello.es\/va\/wp-json\/wp\/v2\/posts"}],"about":[{"href":"https:\/\/agendaurbanacastello.es\/va\/wp-json\/wp\/v2\/types\/post"}],"author":[{"embeddable":true,"href":"https:\/\/agendaurbanacastello.es\/va\/wp-json\/wp\/v2\/users\/1"}],"replies":[{"embeddable":true,"href":"https:\/\/agendaurbanacastello.es\/va\/wp-json\/wp\/v2\/comments?post=2771"}],"version-history":[{"count":1,"href":"https:\/\/agendaurbanacastello.es\/va\/wp-json\/wp\/v2\/posts\/2771\/revisions"}],"predecessor-version":[{"id":2777,"href":"https:\/\/agendaurbanacastello.es\/va\/wp-json\/wp\/v2\/posts\/2771\/revisions\/2777"}],"wp:featuredmedia":[{"embeddable":true,"href":"https:\/\/agendaurbanacastello.es\/va\/wp-json\/wp\/v2\/media\/2772"}],"wp:attachment":[{"href":"https:\/\/agendaurbanacastello.es\/va\/wp-json\/wp\/v2\/media?parent=2771"}],"wp:term":[{"taxonomy":"category","embeddable":true,"href":"https:\/\/agendaurbanacastello.es\/va\/wp-json\/wp\/v2\/categories?post=2771"},{"taxonomy":"post_tag","embeddable":true,"href":"https:\/\/agendaurbanacastello.es\/va\/wp-json\/wp\/v2\/tags?post=2771"}],"curies":[{"name":"wp","href":"https:\/\/api.w.org\/{rel}","templated":true}]}}