{"id":2779,"date":"2025-04-24T09:13:00","date_gmt":"2025-04-24T09:13:00","guid":{"rendered":"https:\/\/agendaurbanacastello.es\/?p=2779"},"modified":"2025-10-06T12:28:05","modified_gmt":"2025-10-06T12:28:05","slug":"el-nuevo-mercado-central-se-preseneta-a-los-vendedores-para-dar-inicio-a-su-reforma","status":"publish","type":"post","link":"https:\/\/agendaurbanacastello.es\/va\/el-nuevo-mercado-central-se-preseneta-a-los-vendedores-para-dar-inicio-a-su-reforma\/","title":{"rendered":"El nuevo Mercado Central se presenta a los vendedores para dar inicio a su reforma"},"content":{"rendered":"<h2>Durante los meses de ejecuci\u00f3n de las obras se instalar\u00e1 un mercado provisional en Santa Clara<\/h2>\n\n\n\n<p><\/p>\n\n\n\n<p>La alcaldesa de Castell\u00f3n, Bego\u00f1a Carrasco, se ha reunido con el conjunto de vendedores del <a href=\"https:\/\/www.mercatcentralcastello.es\/\" target=\"_blank\" rel=\"noreferrer noopener\" title=\"Mercado Central\">Mercado Central<\/a> para presentarles el proyecto de reforma integral y puesta en valor de este emblem\u00e1tico edificio. Una reuni\u00f3n en la que han estado tambi\u00e9n presentes el concejal de Urbanismo, Sergio Toledo; el concejal de Comercio, Alberto Vidal; el concejal de Patrimonio, Vicent Sales; y el concejal de Movilidad, Cristian Ram\u00edrez. Adem\u00e1s, participaron de la misma arquitectos y t\u00e9cnicos municipales y el arquitecto responsable del proyecto, Jos\u00e9 Mar\u00eda Forteza.<\/p>\n\n\n\n<p>Carrasco ha recordado que \u201ceste es un proyecto de ciudad y de legislatura en el que estamos yendo de la mano desde el inicio con los comerciantes, y su realizaci\u00f3n obedece a un compromiso electoral, que se firm\u00f3 ante notario por lo que estamos obligados y vamos a cumplir con la palabra dada a nuestros vecinos y vecinas, tal y como prometimos antes incluso de asumir las responsabilidades de gobierno\u201d.<\/p>\n\n\n\n<p>La alcaldesa de Castell\u00f3n ha hecho hincapi\u00e9 en que \u201cel futuro Mercado Central ser\u00e1 el coraz\u00f3n que har\u00e1 latir el centro, reforzando la capitalidad de nuestra ciudad. Un atractivo tur\u00edstico m\u00e1s, a la altura de las grandes ciudades espa\u00f1olas y europeas que nos har\u00e1 sentir orgullo de ciudad y contribuir\u00e1 a la dinamizaci\u00f3n de su actividad, poniendo en valor, todav\u00eda m\u00e1s, los fant\u00e1sticos productos frescos de nuestra tierra y contribuyendo tambi\u00e9n a la dinamizaci\u00f3n del centro\u201d.<\/p>\n\n\n\n<h3>Mercado provisional de Santa Clara<\/h3>\n\n\n\n<p>En cuanto a la ejecuci\u00f3n de este proyecto, Bego\u00f1a Carrasco ha asegurado que \u201cajustaremos los plazos para que los vendedores s\u00f3lo trasladen su actividad comercial una campa\u00f1a navide\u00f1a al mercado provisional que ocupar\u00e1 toda la plaza de Santa Clara, atendiendo a la que es una de las principales reivindicaciones de los vendedores. La obra del nuevo mercado tendr\u00e1 una duraci\u00f3n total aproximada de 18 meses\u201d.<\/p>\n\n\n\n<p>As\u00ed, el montaje del mercado provisional est\u00e1 previsto que comience el pr\u00f3ximo mes de julio y el traslado al mismo por parte de los vendedores ser\u00eda a finales del mes de agosto. Siempre intentando minimizar molestias y garantizando las condiciones \u00f3ptimas de atractivo al p\u00fablico y de trabajo para los vendedores en sus paradas\u201d.<\/p>\n\n\n\n<p>Refiri\u00e9ndose a las caracter\u00edsticas de este punto de venta transitorio hasta la finalizaci\u00f3n del nuevo Mercado Central, la primera edila ha asegurado que \u201ctanto los vendedores como los clientes que se acerquen a este punto de venta provisional, contar\u00e1n con un espacio funcional, con todos los servicios necesarios y con las condiciones \u00f3ptimas tanto para los comerciantes como para compradores y visitantes\u201d, ha asegurado.<\/p>\n\n\n\n<h3>Punto de dinamizaci\u00f3n comercial y tur\u00edstica<\/h3>\n\n\n\n<p>Carrasco ha compartido tambi\u00e9n que \u201cel edificio seguir\u00e1 ofreciendo los mejores productos de proximidad, pero tambi\u00e9n estar\u00e1 abierto a nuevos usos y se convertir\u00e1 en un punto de atracci\u00f3n comercial y tur\u00edstica como ocurre con mercados municipales en otras capitales europeas, dinamizando y revitalizando todo el centro de la ciudad\u201d.<\/p>\n\n\n\n<p>La m\u00e1xima representante municipal tambi\u00e9n ha querido poner en valor \u201cel buen funcionamiento que est\u00e1 teniendo la comisi\u00f3n bilateral constituida con los vendedores para hacer seguimiento y abordar las diferentes necesidades y sugerencias durante todas las fases del proyecto. De esta manera, estamos adaptando el proyecto a las necesidades de los propios vendedores para que tengan las menores molestias posibles. No les vamos a dejar de acompa\u00f1ar en todo el proceso, vamos a ir de la mano hasta el final\u201d.<\/p>\n\n\n\n<figure class=\"wp-block-image size-large\"><img loading=\"lazy\" width=\"1024\" height=\"682\" src=\"https:\/\/agendaurbanacastello.es\/wp-content\/uploads\/2025\/04\/reunion-vendedores-mercado-1024x682.jpg\" alt=\"\" class=\"wp-image-2782\" srcset=\"https:\/\/agendaurbanacastello.es\/wp-content\/uploads\/2025\/04\/reunion-vendedores-mercado-1024x682.jpg 1024w, https:\/\/agendaurbanacastello.es\/wp-content\/uploads\/2025\/04\/reunion-vendedores-mercado-300x200.jpg 300w, https:\/\/agendaurbanacastello.es\/wp-content\/uploads\/2025\/04\/reunion-vendedores-mercado-768x512.jpg 768w, https:\/\/agendaurbanacastello.es\/wp-content\/uploads\/2025\/04\/reunion-vendedores-mercado-1536x1023.jpg 1536w, https:\/\/agendaurbanacastello.es\/wp-content\/uploads\/2025\/04\/reunion-vendedores-mercado-18x12.jpg 18w, https:\/\/agendaurbanacastello.es\/wp-content\/uploads\/2025\/04\/reunion-vendedores-mercado-365x243.jpg 365w, https:\/\/agendaurbanacastello.es\/wp-content\/uploads\/2025\/04\/reunion-vendedores-mercado.jpg 1600w\" sizes=\"(max-width: 1024px) 100vw, 1024px\" \/><figcaption>Bego\u00f1a Carrasco durante la presentaci\u00f3n del proyecto de Mercado Central a los vendedores<\/figcaption><\/figure>\n\n\n\n<h3>M\u00e1s de 10 millones de euros de presupuesto<\/h3>\n\n\n\n<p>En cuanto al presupuesto para la esta obra la alcaldesa ha avanzado que \u201cel proyecto de remodelaci\u00f3n de este emblem\u00e1tico edificio y motor comercial contar\u00e1 con un presupuesto de m\u00e1s de 10 millones de euros, de los cu\u00e1les 6 millones se pretenden financiar a trav\u00e9s de fondos europeos que ya se han solicitado a la Uni\u00f3n Europea. De los otros 4 millones de euros, 2,5 millones ya est\u00e1n presupuestados en este 2025 por parte del Ayuntamiento y el resto se implementar\u00e1 en el ejercicio 2026\u201d.<\/p>\n\n\n\n<p>La reforma integral del Mercado Central forma parte del Plan de Actuaci\u00f3n Integrado Castell\u00f3n (PAI Castell\u00f3n) y opta a financiaci\u00f3n europea del <a href=\"https:\/\/www.fondoseuropeos.hacienda.gob.es\/sitios\/dgfc\/es-ES\/paginas\/feder.aspx\" target=\"_blank\" rel=\"noreferrer noopener\" title=\"Fondo Europeo de Desarrollo Regional\">Fondo Europeo de Desarrollo Regional<\/a> en el marco del Programa Pluriregional de Espa\u00f1a para el periodo de programaci\u00f3n 2021-2027.<\/p>\n\n\n\n<p><\/p>\n\n\n\n<h3>M\u00e1s espacio y m\u00e1s luz<\/h3>\n\n\n\n<p>As\u00ed, en cuanto a las caracter\u00edsticas t\u00e9cnicas del nuevo mercado, la primera edila ha afirmado que \u201cel nuevo Mercado Central va a redefinir sus espacios, ganando en confort, higiene y seguridad para los vendedores, mejorando tambi\u00e9n la experiencia de compra de sus clientes y de los visitantes\u201d.<\/p>\n\n\n\n<h3>Una ciudad m\u00e1s viva<\/h3>\n\n\n\n<p>La alcaldesa ha querido tambi\u00e9n resaltar que \u201cnuestro principal objetivo es que Castell\u00f3n sea cada vez una ciudad m\u00e1s viva, en contraste con el anterior gobierno municipal. Porque queremos y creemos en una ciudad donde siempre pasen cosas distintas de las que los castellonenses y quienes nos visitan puedan disfrutar durante todo el a\u00f1o\u201d.<\/p>\n\n\n\n<p>Carrasco ha puesto como ejemplos \u201cla modificaci\u00f3n del proyecto de <a href=\"https:\/\/www.castello.es\/es\/zbe\" target=\"_blank\" rel=\"noreferrer noopener\" title=\"Zona de Bajas Emisiones\">Zona de Bajas Emisiones<\/a>, con m\u00e1s zonas verdes y mejorando la accesibilidad al centro o el Plan de Renaturalizaci\u00f3n que estamos llevando por toda la ciudad\u201d.<\/p>\n\n\n\n<p>La primera edila tambi\u00e9n ha querido mostrar \u201cun especial agradecimiento por el trabajo conjunto, tanto de los t\u00e9cnicos municipales, con la implicaci\u00f3n de los propios vendedores, a trav\u00e9s de las reuniones de la Comisi\u00f3n de Trabajo que ha contado con la participaci\u00f3n de todas las partes implicadas\u201d.<\/p>\n\n\n\n<p>Finalmente, Bego\u00f1a Carrasco, ha compartido con los vendedores que \u201clo que presentamos hoy es un punto de partida. Este es un proyecto que todav\u00eda est\u00e1 abierto a cambios y vamos a seguir trabajando de manera permanente y conjunta, desde el di\u00e1logo y la participaci\u00f3n, para que el resultado final se ajuste tanto a las necesidades de los vendedores como del resto de la ciudadan\u00eda\u201d.<\/p>","protected":false},"excerpt":{"rendered":"<p>El proyecto de remodelaci\u00f3n del Mercado Central cuenta con un presupuesto de m\u00e1s de 10 millones de euros. Un nuevo mercado dise\u00f1ado para convertirse en punto de atracci\u00f3n comercial, tur\u00edstica y gastron\u00f3mica, como ocurre en otras capitales espa\u00f1olas y europeas, dinamizando y revitalizando todo el centro de la ciudad. <\/p>","protected":false},"author":1,"featured_media":2780,"comment_status":"closed","ping_status":"closed","sticky":false,"template":"","format":"standard","meta":{"_monsterinsights_skip_tracking":false,"_monsterinsights_sitenote_active":false,"_monsterinsights_sitenote_note":"","_monsterinsights_sitenote_category":0},"categories":[1],"tags":[86,202,185,203,191,163],"acf":[],"_links":{"self":[{"href":"https:\/\/agendaurbanacastello.es\/va\/wp-json\/wp\/v2\/posts\/2779"}],"collection":[{"href":"https:\/\/agendaurbanacastello.es\/va\/wp-json\/wp\/v2\/posts"}],"about":[{"href":"https:\/\/agendaurbanacastello.es\/va\/wp-json\/wp\/v2\/types\/post"}],"author":[{"embeddable":true,"href":"https:\/\/agendaurbanacastello.es\/va\/wp-json\/wp\/v2\/users\/1"}],"replies":[{"embeddable":true,"href":"https:\/\/agendaurbanacastello.es\/va\/wp-json\/wp\/v2\/comments?post=2779"}],"version-history":[{"count":3,"href":"https:\/\/agendaurbanacastello.es\/va\/wp-json\/wp\/v2\/posts\/2779\/revisions"}],"predecessor-version":[{"id":2785,"href":"https:\/\/agendaurbanacastello.es\/va\/wp-json\/wp\/v2\/posts\/2779\/revisions\/2785"}],"wp:featuredmedia":[{"embeddable":true,"href":"https:\/\/agendaurbanacastello.es\/va\/wp-json\/wp\/v2\/media\/2780"}],"wp:attachment":[{"href":"https:\/\/agendaurbanacastello.es\/va\/wp-json\/wp\/v2\/media?parent=2779"}],"wp:term":[{"taxonomy":"category","embeddable":true,"href":"https:\/\/agendaurbanacastello.es\/va\/wp-json\/wp\/v2\/categories?post=2779"},{"taxonomy":"post_tag","embeddable":true,"href":"https:\/\/agendaurbanacastello.es\/va\/wp-json\/wp\/v2\/tags?post=2779"}],"curies":[{"name":"wp","href":"https:\/\/api.w.org\/{rel}","templated":true}]}}