{"id":2791,"date":"2025-07-09T12:38:13","date_gmt":"2025-07-09T12:38:13","guid":{"rendered":"https:\/\/agendaurbanacastello.es\/?p=2791"},"modified":"2025-07-09T12:38:17","modified_gmt":"2025-07-09T12:38:17","slug":"finalizan-las-obras-de-la-ribera-del-riu-sec","status":"publish","type":"post","link":"https:\/\/agendaurbanacastello.es\/va\/finalizan-las-obras-de-la-ribera-del-riu-sec\/","title":{"rendered":"Finalizan las obras de la Ribera del Riu Sec"},"content":{"rendered":"<h2><strong>La nueva pasarela ciclopeatonal conecta barrios y refuerza el compromiso de Castell\u00f3n por la renaturalizaci\u00f3n urbana<\/strong><\/h2>\n\n\n\n<p>L' <a href=\"https:\/\/www.castello.es\/\" target=\"_blank\" rel=\"noreferrer noopener\" title=\" Ayuntamiento de Castell\u00f3n\">Ayuntamiento de Castell\u00f3n<\/a> ha finalizado las obras de urbanizaci\u00f3n de la ribera del Riu Sec en la zona del Cr\u00e8mor, un proyecto transformador que representa una inversi\u00f3n de 3.815.676,96 euros cofinanciada con <strong>Fondos Europeos Next Generation EU<\/strong> en el marco del <strong><a href=\"https:\/\/planderecuperacion.gob.es\/\" target=\"_blank\" rel=\"noreferrer noopener\" title=\"Plan de Recuperaci\u00f3n, Transformaci\u00f3n y Resiliencia\">Plan de Recuperaci\u00f3n, Transformaci\u00f3n y Resiliencia<\/a><\/strong>. Esta actuaci\u00f3n, enmarcada dentro de la convocatoria de 2022  para la <a href=\"https:\/\/www.transportes.gob.es\/ministerio\/proyectos-singulares\/prtr\/transporte\/ayudas-municipios-para-implantacion-zonas-bajas-emisiones\" target=\"_blank\" rel=\"noreferrer noopener\" title=\"implantaci\u00f3n de zonas de bajas emisiones y la transformaci\u00f3n digital y sostenible del transporte urbano\">implantaci\u00f3n de zonas de bajas emisiones y la transformaci\u00f3n digital y sostenible del transporte urbano<\/a>, constituye una de las intervenciones m\u00e1s significativas del actual mandato en materia de renaturalizaci\u00f3n urbana y conectividad sostenible.<\/p>\n\n\n\n<h3>Un proyecto vertebrador para la ciudad <\/h3>\n\n\n\n<p>La alcaldesa de Castell\u00f3n, Bego\u00f1a Carrasco, junto al teniente alcalde del distrito Oeste, Vicent Sales, el concejal de Infraestructuras y Urbanismo, Sergio Toledo, y el concejal de Medio Ambiente, Cristian Ram\u00edrez, ha visitado la reciente finalizaci\u00f3n de las obras de urbanizaci\u00f3n de la ribera del Riu Sec en la zona del Cr\u00e9mor. En la visita tambi\u00e9n han participado representantes de las asociaciones de vecinos de Venta Nova, San Jos\u00e9 Obrero, Venta Rosita, Cardenal Costa, Donoso Cort\u00e9s, Roser, Cr\u00e9mor y Raval Universitari, Sant Joan del Riu Sec, adem\u00e1s de la directora y jefa de estudios del CEIP Jaume I.<\/p>\n\n\n\n<blockquote class=\"wp-block-quote\"><p>Esta actuaci\u00f3n se enmarca dentro del Plan de Renaturalizaci\u00f3n de la Ciudad, con el que se persigue hacer de Castell\u00f3n una ciudad m\u00e1s verde, m\u00e1s habitable y mejor conectada, donde se impulse el turismo sostenible y la pr\u00e1ctica deportiva. Hoy damos respuesta a una demanda vecinal con una intervenci\u00f3n moderna, sostenible y pensada en mejorar la calidad de vida de las personas<\/p><cite>Bego\u00f1a Carrasco, alcaldesa de Castell\u00f3n. <\/cite><\/blockquote>\n\n\n\n<p>Esta actuaci\u00f3n representa una de las principales apuestas del actual equipo de gobierno por la vertebraci\u00f3n de zonas residenciales y la transformaci\u00f3n de su entorno, cosiendo los barrios, mejorando la calidad de vida de los vecinos. Una apuesta clara por la renaturalizaci\u00f3n urbana y la recuperaci\u00f3n de espacios p\u00fablicos para la ciudadana.<\/p>\n\n\n\n<figure class=\"wp-block-image size-large\"><img loading=\"lazy\" width=\"1024\" height=\"683\" src=\"https:\/\/agendaurbanacastello.es\/wp-content\/uploads\/2025\/07\/RIBERA-DEL-RIU-SEC-2-1024x683.jpg\" alt=\"\" class=\"wp-image-2794\" srcset=\"https:\/\/agendaurbanacastello.es\/wp-content\/uploads\/2025\/07\/RIBERA-DEL-RIU-SEC-2-1024x683.jpg 1024w, https:\/\/agendaurbanacastello.es\/wp-content\/uploads\/2025\/07\/RIBERA-DEL-RIU-SEC-2-300x200.jpg 300w, https:\/\/agendaurbanacastello.es\/wp-content\/uploads\/2025\/07\/RIBERA-DEL-RIU-SEC-2-768x512.jpg 768w, https:\/\/agendaurbanacastello.es\/wp-content\/uploads\/2025\/07\/RIBERA-DEL-RIU-SEC-2-1536x1024.jpg 1536w, https:\/\/agendaurbanacastello.es\/wp-content\/uploads\/2025\/07\/RIBERA-DEL-RIU-SEC-2-2048x1365.jpg 2048w, https:\/\/agendaurbanacastello.es\/wp-content\/uploads\/2025\/07\/RIBERA-DEL-RIU-SEC-2-18x12.jpg 18w, https:\/\/agendaurbanacastello.es\/wp-content\/uploads\/2025\/07\/RIBERA-DEL-RIU-SEC-2-365x243.jpg 365w\" sizes=\"(max-width: 1024px) 100vw, 1024px\" \/><figcaption>Bego\u00f1a Carrasco y Sergio Toledo durante la visita<\/figcaption><\/figure>\n\n\n\n<h3>Respuesta a la demanda ciudadana<\/h3>\n\n\n\n<p>Durante la visita, la alcaldesa ha afirmado que \u201cesta obra no solo supone una mejora urban\u00edstica de un entorno clave, sino que pone en valor un entorno natural \u00fanico como es el Riu Sec, revitalizando un espacio natural emblem\u00e1tico de la ciudad\u201d. Adem\u00e1s, \u201cse mejora la conectividad entre diversos barrios de Castell\u00f3n. Hoy damos respuesta a una demanda vecinal hist\u00f3rica con una intervenci\u00f3n moderna, sostenible y pensada para las personas\u201d, ha manifestado.<\/p>\n\n\n\n<p>Carrasco tambi\u00e9n ha destacado que \u201cpocos proyectos haremos como este, con este importe econ\u00f3mico, que sean tan transformadores y vertebradores. Une la zona del Raval Universitari, une la zona de la estaci\u00f3n de ferrocarril, en la que ya estamos actuando para dignificarla y une tambi\u00e9n la zona de la avenida Alcora y los barrios del distrito Oeste. Un proyecto sostenible, integrador y centrado en mejorar la calidad de vida de las personas\u201d.<\/p>\n\n\n\n<h3>La pasarela ciclopeatonal: s\u00edmbolo de la nueva movilidad<\/h3>\n\n\n\n<p>Uno de los elementos m\u00e1s singulares del proyecto es la nueva pasarela ciclopeatonal, de dise\u00f1o con arco met\u00e1lico y entarimado de madera natural, con una longitud de cerca de 42 metros, que conecta ambos m\u00e1rgenes del Riu Sec: desde la calle Cronista Muntaner, en el barrio del Cr\u00e9mor, hasta el parque Bot\u00e0nica Carmen Albert, en el Raval Universitari. Esta infraestructura permite no solo mejorar la conectividad entre barrios, sino tambi\u00e9n embellecer un entorno natural clave de la ciudad y hacerlo m\u00e1s accesible para peatones y ciclistas.<\/p>\n\n\n\n<p>Carrasco ha se\u00f1alado que esta actuaci\u00f3n se enmarca dentro del Plan de Renaturalizaci\u00f3n de la Ciudad, con el que se persigue \u201chacer de Castell\u00f3n una ciudad m\u00e1s verde, m\u00e1s habitable y conectada, donde se fomente el uso de la bicicleta y el paseo, y se impulse el turismo sostenible y deportivo\u201d. En este sentido, ha recordado que \u201cseguimos apostando por proyectos que favorezcan la movilidad sostenible y la pr\u00e1ctica del deporte al aire libre. <\/p>\n\n\n\n<p>Esta obra contribuye, adem\u00e1s, a reforzar nuestro compromiso de querer ser Capital del Deporte y de mantener el sello Active Running City, un t\u00edtulo que recibimos con orgullo en el Comit\u00e9 Ol\u00edmpico Espa\u00f1ol, coincidiendo con FITUR. Un reconocimiento a la apuesta que hacemos en Castell\u00f3n por favorecer la pr\u00e1ctica del running en entornos urbanos\u201d.<\/p>\n\n\n\n<p>Los trabajos han abarcado m\u00e1s de 29.000 metros cuadrados, incluyendo actuaciones en ambos m\u00e1rgenes del r\u00edo, el cauce, la v\u00eda pecuaria Vereda de la Enramada y la adecuaci\u00f3n del entorno de la ermita de Sant Joanet del Riu, cumpliendo con ello el compromiso adquirido con los vecinos.<\/p>\n\n\n\n<figure class=\"wp-block-image size-large\"><img loading=\"lazy\" width=\"1024\" height=\"660\" src=\"https:\/\/agendaurbanacastello.es\/wp-content\/uploads\/2025\/07\/RIBERA-DEL-RIU-SEC-1024x660.jpg\" alt=\"\" class=\"wp-image-2796\" srcset=\"https:\/\/agendaurbanacastello.es\/wp-content\/uploads\/2025\/07\/RIBERA-DEL-RIU-SEC-1024x660.jpg 1024w, https:\/\/agendaurbanacastello.es\/wp-content\/uploads\/2025\/07\/RIBERA-DEL-RIU-SEC-300x194.jpg 300w, https:\/\/agendaurbanacastello.es\/wp-content\/uploads\/2025\/07\/RIBERA-DEL-RIU-SEC-768x495.jpg 768w, https:\/\/agendaurbanacastello.es\/wp-content\/uploads\/2025\/07\/RIBERA-DEL-RIU-SEC-1536x991.jpg 1536w, https:\/\/agendaurbanacastello.es\/wp-content\/uploads\/2025\/07\/RIBERA-DEL-RIU-SEC-18x12.jpg 18w, https:\/\/agendaurbanacastello.es\/wp-content\/uploads\/2025\/07\/RIBERA-DEL-RIU-SEC.jpg 1600w\" sizes=\"(max-width: 1024px) 100vw, 1024px\" \/><figcaption>Nueva pasarela ciclopeatonal,  s\u00edmbolo de una nueva forma de movilidad sostenible <\/figcaption><\/figure>\n\n\n\n<h3>M\u00e1s de 29.000 m\u00b2 de transformaci\u00f3n verde<\/h3>\n\n\n\n<p>Adem\u00e1s, se ha creado un mirador al r\u00edo y se ha habilitado una amplia zona verde de unos 24.000 metros cuadrados, atravesada por itinerarios peatonales y ciclistas que van desde la avenida de l\u2019Alcora hasta la avenida Cardenal Costa, pasando bajo el puente del siglo XXI.<\/p>\n\n\n\n<p>En total se han plantado 200 \u00e1rboles y 2.200 plantas arbustivas, se han instalado 100 nuevas luminarias, sistemas de riego y una estaci\u00f3n de bombeo de aguas pluviales, as\u00ed como mobiliario urbano compuesto por 25 bancos, 3 fuentes de consumo humano y 30 papeleras.<\/p>\n\n\n\n<p>La obra ha sido ejecutada en un plazo de 12 meses m\u00e1s 3 meses de pr\u00f3rroga debido a retrasos en la fabricaci\u00f3n de la pasarela, provocados por la atenci\u00f3n prioritaria de la empresa a otras obras de emergencia por la DANA y tambi\u00e9n debido a problemas en el suministro de materiales.<\/p>\n\n\n\n<h3>Urbanizaci\u00f3n calle Venecia<\/h3>\n\n\n\n<p>El proyecto ha incluido la urbanizaci\u00f3n de 206 metros lineales de la calle Venecia, que ahora conecta con el Camino Viejo de l\u2019Alcora y dispone de nuevos servicios urban\u00edsticos, calzada de sentido \u00fanico, aparcamiento en cord\u00f3n y aceras, adem\u00e1s de redes de alcantarillado, pluviales, alumbrado, abastecimiento, electricidad y telecomunicaciones.<\/p>\n\n\n\n<figure class=\"wp-block-image size-large\"><img loading=\"lazy\" width=\"1024\" height=\"683\" src=\"https:\/\/agendaurbanacastello.es\/wp-content\/uploads\/2025\/07\/RIBERA-DEL-RIU-SEC-3-1024x683.jpg\" alt=\"\" class=\"wp-image-2795\" srcset=\"https:\/\/agendaurbanacastello.es\/wp-content\/uploads\/2025\/07\/RIBERA-DEL-RIU-SEC-3-1024x683.jpg 1024w, https:\/\/agendaurbanacastello.es\/wp-content\/uploads\/2025\/07\/RIBERA-DEL-RIU-SEC-3-300x200.jpg 300w, https:\/\/agendaurbanacastello.es\/wp-content\/uploads\/2025\/07\/RIBERA-DEL-RIU-SEC-3-768x512.jpg 768w, https:\/\/agendaurbanacastello.es\/wp-content\/uploads\/2025\/07\/RIBERA-DEL-RIU-SEC-3-1536x1024.jpg 1536w, https:\/\/agendaurbanacastello.es\/wp-content\/uploads\/2025\/07\/RIBERA-DEL-RIU-SEC-3-2048x1365.jpg 2048w, https:\/\/agendaurbanacastello.es\/wp-content\/uploads\/2025\/07\/RIBERA-DEL-RIU-SEC-3-18x12.jpg 18w, https:\/\/agendaurbanacastello.es\/wp-content\/uploads\/2025\/07\/RIBERA-DEL-RIU-SEC-3-365x243.jpg 365w\" sizes=\"(max-width: 1024px) 100vw, 1024px\" \/><\/figure>\n\n\n\n<h3>Infraestructura educativa complementaria: el nuevo IES Cr\u00e8mor<\/h3>\n\n\n\n<p>En el mismo entorno se encuentra la pastilla de terreno para ceder a la Conselleria para la construcci\u00f3n de un nuevo instituto en el barrio Cr\u00e8mor, una infraestructura educativa que responde a la demanda de la zona y que permitir\u00e1 ampliar la oferta formativa de la zona. La alcaldesa ha destacado que se trata de un centro \u201cmuy necesario para Castell\u00f3n y para los vecinos y vecinas del barrio\u201d.<\/p>\n\n\n\n<h3>Una actuaci\u00f3n dentro del plan de acci\u00f3n de la Agenda Urbana de Castell\u00f3n <\/h3>\n\n\n\n<p>El proyecto de transformaci\u00f3n de la Ribera del Riu Sec est\u00e1 vinculado a varios proyectos prioritarios del plan de acci\u00f3n de la Agenda Urbana de Castell\u00f3n. Por una parte, forma parte de la <a href=\"https:\/\/agendaurbanacastello.es\/va\/ficha\/estrategia-de-renaturalizacion-municipal-y-restauracion-ecologica\/\" target=\"_blank\" rel=\"noreferrer noopener\" title=\"Estrat\u00e8gia de renaturalitzaci\u00f3 Municipal i Restauraci\u00f3 Ecol\u00f2gica\">Estrat\u00e8gia de renaturalitzaci\u00f3 Municipal i Restauraci\u00f3 Ecol\u00f2gica<\/a>, que tiene como fin consolidar las infraestructuras verdes y restaurar los sistemas fluviales y zonas h\u00famedas para conservar y poner en valor los activos ambientales paisaj\u00edsticos y culturales del territorio. Por la otra, est\u00e1 directamente vinculado a la <a href=\"https:\/\/agendaurbanacastello.es\/va\/ficha\/estrategia-de-supermanzanas-y-zonas-de-bajas-emisiones\/\" target=\"_blank\" rel=\"noreferrer noopener\" title=\"Estrategia de Supermanzanas y Zonas de Bajas Emisiones\">Estrategia de Supermanzanas y Zonas de Bajas Emisiones<\/a>, con el objetivo de materializar una nueva reorganizaci\u00f3n del espacio p\u00fablico que favorezca una movilidad m\u00e1s eficiente, sostenible y segura a partir de una nueva jerarqu\u00eda viaria.<\/p>\n\n\n\n<p><\/p>\n\n\n\n<hr class=\"wp-block-separator\"\/>","protected":false},"excerpt":{"rendered":"<p>La nueva Ribera del Riu Sec se convierte en una de las intervenciones m\u00e1s significativas en materia de renaturalizaci\u00f3n urbana y conectividad sostenible<\/p>","protected":false},"author":1,"featured_media":2793,"comment_status":"closed","ping_status":"closed","sticky":false,"template":"","format":"standard","meta":{"_monsterinsights_skip_tracking":false,"_monsterinsights_sitenote_active":false,"_monsterinsights_sitenote_note":"","_monsterinsights_sitenote_category":0},"categories":[1],"tags":[90,78,166,45,44,147,177,115,94],"acf":[],"_links":{"self":[{"href":"https:\/\/agendaurbanacastello.es\/va\/wp-json\/wp\/v2\/posts\/2791"}],"collection":[{"href":"https:\/\/agendaurbanacastello.es\/va\/wp-json\/wp\/v2\/posts"}],"about":[{"href":"https:\/\/agendaurbanacastello.es\/va\/wp-json\/wp\/v2\/types\/post"}],"author":[{"embeddable":true,"href":"https:\/\/agendaurbanacastello.es\/va\/wp-json\/wp\/v2\/users\/1"}],"replies":[{"embeddable":true,"href":"https:\/\/agendaurbanacastello.es\/va\/wp-json\/wp\/v2\/comments?post=2791"}],"version-history":[{"count":3,"href":"https:\/\/agendaurbanacastello.es\/va\/wp-json\/wp\/v2\/posts\/2791\/revisions"}],"predecessor-version":[{"id":2798,"href":"https:\/\/agendaurbanacastello.es\/va\/wp-json\/wp\/v2\/posts\/2791\/revisions\/2798"}],"wp:featuredmedia":[{"embeddable":true,"href":"https:\/\/agendaurbanacastello.es\/va\/wp-json\/wp\/v2\/media\/2793"}],"wp:attachment":[{"href":"https:\/\/agendaurbanacastello.es\/va\/wp-json\/wp\/v2\/media?parent=2791"}],"wp:term":[{"taxonomy":"category","embeddable":true,"href":"https:\/\/agendaurbanacastello.es\/va\/wp-json\/wp\/v2\/categories?post=2791"},{"taxonomy":"post_tag","embeddable":true,"href":"https:\/\/agendaurbanacastello.es\/va\/wp-json\/wp\/v2\/tags?post=2791"}],"curies":[{"name":"wp","href":"https:\/\/api.w.org\/{rel}","templated":true}]}}