{"id":2804,"date":"2025-07-05T11:40:00","date_gmt":"2025-07-05T11:40:00","guid":{"rendered":"https:\/\/agendaurbanacastello.es\/?p=2804"},"modified":"2025-07-10T12:04:58","modified_gmt":"2025-07-10T12:04:58","slug":"castellon-avanza-hacia-una-administracion-mas-agil-e-inteligente","status":"publish","type":"post","link":"https:\/\/agendaurbanacastello.es\/va\/castellon-avanza-hacia-una-administracion-mas-agil-e-inteligente\/","title":{"rendered":"Castell\u00f3n avanza hacia una administraci\u00f3n m\u00e1s \u00e1gil e inteligente"},"content":{"rendered":"<h2>El Comit\u00e9 de Innovaci\u00f3n impulsa el uso de la Inteligencia Artificial para mejorar la atenci\u00f3n ciudadana y simplificar tr\u00e1mites<\/h2>\n\n\n\n<p>L' <a href=\"https:\/\/www.castello.es\/es\/\" target=\"_blank\" rel=\"noreferrer noopener\" title=\"Ayuntamiento de Castell\u00f3n\">Ayuntamiento de Castell\u00f3n<\/a> ha dado un paso decisivo en su apuesta por una administraci\u00f3n local moderna, \u00fatil y cercana, al abordar la implementaci\u00f3n de la Inteligencia Artificial (IA) como herramienta estrat\u00e9gica para mejorar los servicios p\u00fablicos que se prestan a la ciudadan\u00eda. As\u00ed se ha planteado en la segunda reuni\u00f3n del Comit\u00e9 de Innovaci\u00f3n Municipal, presidida por el concejal de Modernizaci\u00f3n y Transparencia, Paco Caba\u00f1ero, que cuenta con la colaboraci\u00f3n de <a href=\"https:\/\/xarxatec.com\/\" target=\"_blank\" rel=\"noreferrer noopener\" title=\"Xarxatec, la Asociaci\u00f3n de Empresas Tecnol\u00f3gicas de Castell\u00f3n\">Xarxatec, la Asociaci\u00f3n de Empresas Tecnol\u00f3gicas de Castell\u00f3n<\/a>.<\/p>\n\n\n\n<h3>IA al servicio de la ciudadan\u00eda<\/h3>\n\n\n\n<p>El Ayuntamiento trabaja ya en un plan de an\u00e1lisis de los servicios municipales con el objetivo de detectar las \u00e1reas m\u00e1s id\u00f3neas para incorporar soluciones basadas en IA. La propuesta contempla el desarrollo de una prueba piloto en el \u00c1rea de Atenci\u00f3n y Participaci\u00f3n Ciudadana, que incluir\u00e1 la posible implementaci\u00f3n de un asistente virtual destinado a facilitar el acceso de la ciudadan\u00eda a la informaci\u00f3n y la documentaci\u00f3n necesaria para realizar tr\u00e1mites administrativos.<\/p>\n\n\n\n<blockquote class=\"wp-block-quote\"><p>\u201cQueremos dar un salto cualitativo en la relaci\u00f3n entre el ciudadano y la administraci\u00f3n. La Inteligencia Artificial no es una amenaza, es una oportunidad para simplificar procesos, ganar en eficiencia y mejorar los servicios que prestamos. Y lo estamos haciendo con el talento local\u201d<\/p><cite>Paco Caba\u00f1ero, Concejal de Modernizaci\u00f3n y Transparencia<\/cite><\/blockquote>\n\n\n\n<h3>Una administraci\u00f3n cercana, \u00fatil y \u00e1gil<\/h3>\n\n\n\n<p>En este sentido, la colaboraci\u00f3n entre el Ayuntamiento y el ecosistema empresarial tecnol\u00f3gico, representado por Xarxatec y ocho empresas locales especializadas en IA, refuerza el enfoque de una transformaci\u00f3n digital basada en la innovaci\u00f3n aplicada al servicio de la ciudadan\u00eda.<\/p>\n\n\n\n<p>\u201cPara este equipo de gobierno, la clave es construir una administraci\u00f3n \u00e1gil y humana, que aproveche la tecnolog\u00eda para servir mejor a las personas sin perder el componente social y emp\u00e1tico del servicio p\u00fablico\u201d, ha a\u00f1adido el concejal.<\/p>\n\n\n\n<h3>Cultura de innovaci\u00f3n y colaboraci\u00f3n p\u00fablico-privada<\/h3>\n\n\n\n<p>El Ayuntamiento de Castell\u00f3n contin\u00faa avanzando hacia una ciudad m\u00e1s inteligente, sostenible y centrada en las personas, integrando la tecnolog\u00eda como aliada para construir una gesti\u00f3n p\u00fablica m\u00e1s transparente, eficaz y participativa. <\/p>\n\n\n\n<p>En esta l\u00ednea, el Comit\u00e9 de Innovaci\u00f3n se consolida como un espacio de gobernanza colaborativa, donde participan t\u00e9cnicos municipales de las \u00e1reas de modernizaci\u00f3n, desarrollo tecnol\u00f3gico y planificaci\u00f3n, junto con representantes del sector tecnol\u00f3gico local, con el objetivo de impulsar pol\u00edticas de innovaci\u00f3n, ciberseguridad y digitalizaci\u00f3n desde una perspectiva estrat\u00e9gica y compartida.<\/p>\n\n\n\n<h3>Una iniciativa vinculada al plan de acci\u00f3n de la Agenda Urbana de Castell\u00f3n <\/h3>\n\n\n\n<p>Esta apuesta por impulsar la Inteligencia Artificial responde a uno de los principios estrat\u00e9gicos de la Agenda Urbana: una administraci\u00f3n digital que simplifique los procesos, reduzca cargas administrativas y acerque la gesti\u00f3n p\u00fablica a las personas.<\/p>\n\n\n\n<p>Es por ello que la iniciativa se vincula directamente con dos de los proyectos prioritarios del plan de acci\u00f3n de la <a href=\"https:\/\/agendaurbanacastello.es\/va\/\" target=\"_blank\" rel=\"noreferrer noopener\" title=\"Agenda Urbana de Castell\u00f3n\">Agenda Urbana de Castell\u00f3n<\/a>. En primer lugar est\u00e1 alineado con el proyecto &#8220;<a href=\"https:\/\/agendaurbanacastello.es\/va\/ficha\/transformacion-digital-urbana\/\" target=\"_blank\" rel=\"noreferrer noopener\" title=\"Transformaci\u00f3 Digital Urbana\">Transformaci\u00f3 Digital Urbana<\/a>&#8220;, que tiene como fin seguir avanzando hacia un modelo de ciudad inteligente e innovador introduciendo nuevas tecnolog\u00edas disruptivas para optimizar y simplificar los procesos internos y facilitar nuevos servicios a la ciudadan\u00eda. <\/p>\n\n\n\n<p>En segundo lugar se vincula directamente con el eje de &#8220;<a href=\"https:\/\/agendaurbanacastello.es\/va\/ficha\/cultura-formacion-y-participacion-ciudadana\/\" target=\"_blank\" rel=\"noreferrer noopener\" title=\"Cultura, formaci\u00f3 i participaci\u00f3 ciutadana\">Cultura, formaci\u00f3 i participaci\u00f3 ciutadana<\/a>&#8221; de la Agenda Urbana local, pues la IA ser\u00e1 gran aliada para informar, sensibilizar y capacitar a la ciudadan\u00eda y personal t\u00e9cnico del Ayuntamiento. <\/p>","protected":false},"excerpt":{"rendered":"<p>Castell\u00f3n apuesta por la Inteligencia Artificial para la participaci\u00f3n ciudadana e<\/p>","protected":false},"author":1,"featured_media":2806,"comment_status":"closed","ping_status":"closed","sticky":false,"template":"","format":"standard","meta":{"_monsterinsights_skip_tracking":false,"_monsterinsights_sitenote_active":false,"_monsterinsights_sitenote_note":"","_monsterinsights_sitenote_category":0},"categories":[1],"tags":[151,204,205,153,48,60],"acf":[],"_links":{"self":[{"href":"https:\/\/agendaurbanacastello.es\/va\/wp-json\/wp\/v2\/posts\/2804"}],"collection":[{"href":"https:\/\/agendaurbanacastello.es\/va\/wp-json\/wp\/v2\/posts"}],"about":[{"href":"https:\/\/agendaurbanacastello.es\/va\/wp-json\/wp\/v2\/types\/post"}],"author":[{"embeddable":true,"href":"https:\/\/agendaurbanacastello.es\/va\/wp-json\/wp\/v2\/users\/1"}],"replies":[{"embeddable":true,"href":"https:\/\/agendaurbanacastello.es\/va\/wp-json\/wp\/v2\/comments?post=2804"}],"version-history":[{"count":2,"href":"https:\/\/agendaurbanacastello.es\/va\/wp-json\/wp\/v2\/posts\/2804\/revisions"}],"predecessor-version":[{"id":2807,"href":"https:\/\/agendaurbanacastello.es\/va\/wp-json\/wp\/v2\/posts\/2804\/revisions\/2807"}],"wp:featuredmedia":[{"embeddable":true,"href":"https:\/\/agendaurbanacastello.es\/va\/wp-json\/wp\/v2\/media\/2806"}],"wp:attachment":[{"href":"https:\/\/agendaurbanacastello.es\/va\/wp-json\/wp\/v2\/media?parent=2804"}],"wp:term":[{"taxonomy":"category","embeddable":true,"href":"https:\/\/agendaurbanacastello.es\/va\/wp-json\/wp\/v2\/categories?post=2804"},{"taxonomy":"post_tag","embeddable":true,"href":"https:\/\/agendaurbanacastello.es\/va\/wp-json\/wp\/v2\/tags?post=2804"}],"curies":[{"name":"wp","href":"https:\/\/api.w.org\/{rel}","templated":true}]}}