{"id":2808,"date":"2025-06-30T11:37:00","date_gmt":"2025-06-30T11:37:00","guid":{"rendered":"https:\/\/agendaurbanacastello.es\/?p=2808"},"modified":"2025-07-18T11:24:28","modified_gmt":"2025-07-18T11:24:28","slug":"comienzan-las-obras-de-la-zona-de-bajas-emisiones-ii","status":"publish","type":"post","link":"https:\/\/agendaurbanacastello.es\/va\/comienzan-las-obras-de-la-zona-de-bajas-emisiones-ii\/","title":{"rendered":"Comienzan las obras de la Zona de Bajas Emisiones II"},"content":{"rendered":"<h2>Esta semana inician las obras en las calles Amadeo I, Rosell, German\u00edas y Echegaray<\/h2>\n\n\n\n<p>El calendario de actuaciones de la <a href=\"https:\/\/www.castello.es\/va\/zbe\" target=\"_blank\" rel=\"noreferrer noopener\" title=\"Zona de Bajas Emisiones\">Zona de Bajas Emisiones<\/a> sigue avanzando y esta semana han comenzado los trabajos de las calles de la Zona de Bajas Emisiones II.<\/p>\n\n\n\n<p>El concejal de Movilidad y Medio Ambiente en el <a href=\"https:\/\/www.castello.es\/va\/inici\" target=\"_blank\" rel=\"noreferrer noopener\" title=\"Ayuntamiento de Castell\u00f3n\">Ayuntamiento de Castell\u00f3n<\/a>, Cristian Ram\u00edrez ha avanzado que entre hoy y ma\u00f1ana se est\u00e1 se\u00f1alizando en el parking del antiguo mercado del lunes para informar de que no se podr\u00e1 estacionar ya que esta semana dar\u00e1n comienzo las obras.<\/p>\n\n\n\n<p>Ram\u00edrez ha incidido en que \u201cla planificaci\u00f3n de los trabajos se ha hecho teniendo en cuenta a los vecinos y durante los meses de verano, la bajada de tr\u00e1fico nos va a permitir avanzar las obras de modo que genere las menores molestias posibles\u201d.<\/p>\n\n\n\n<p>Por otra parte el edil tambi\u00e9n ha destacado que \u201ces importante destacar que gracias a estas obras Castell\u00f3n contar\u00e1 con m\u00e1s espacios verdes, calles m\u00e1s paseables con zonas de sombra y m\u00e1s accesibles, se recuperan plazas de aparcamiento y se est\u00e1 instalando m\u00e1s mobiliario urbano, y se est\u00e1 aprovechando para renovar los servicios que presentan signos de deterioro como la red de saneamiento y alcantarillado\u201d.<\/p>\n\n\n\n<h3>Zona de Bajas Emisiones II \u2013 Amadeo I, Rosell y German\u00edas<\/h3>\n\n\n\n<p>As\u00ed pues, esta semana Ram\u00edrez ha informado de que han comenzado las obras en la calle Rosell en el lado norte, en la calle Amadeo I en el lado este y en la calle German\u00edas tambi\u00e9n en el lado este.<\/p>\n\n\n\n<p>En dichas calles est\u00e1 prohibido el estacionamiento. El edil ha recordado que \u201cpreviamente se han realizado reuniones con los vecinos de dichas calles, donde se les ha entregado un tr\u00edptico informativo de los trabajos que se van a realizar, el calendario as\u00ed como de c\u00f3mo quedar\u00e1n las calles con la obra finalizada. Con los vecinos, previamente se han consensuado las acciones contando con sus aportaciones y necesidades, ya que el objetivo de este proyecto es que sea funcional y se adapte a las necesidades de cada barrio\u201d, indica Ram\u00edrez.<\/p>\n\n\n\n<h3>Calle Echegaray<\/h3>\n\n\n\n<p>A partir de ma\u00f1ana tambi\u00e9n se va a contactar con los vecinos de la calle Echegaray para informarles de las actuaciones, dado que tambi\u00e9n han comenzado con la instalaci\u00f3n de la se\u00f1al\u00e9tica dado que est\u00e1 previsto el jueves arranquen las demoliciones.<\/p>\n\n\n\n<h3>Calle San Vicente<\/h3>\n\n\n\n<p>En la calle San Vicente se est\u00e1 trabajando en la acera sur, tambi\u00e9n se ha renovado el servicio de agua potable y hoy tambi\u00e9n se est\u00e1 realizando la instalaci\u00f3n de las farolas. Se est\u00e1 preparando la calle con los encintados para proceder esta semana a la instalaci\u00f3n del adoqu\u00edn.<\/p>\n\n\n\n<h3>Calle Asensi<\/h3>\n\n\n\n<p>En la calle Asensi est\u00e1 la losa colocada en la acera norte y ahora se est\u00e1 trabajando en la acera sur. Esta semana est\u00e1 previsto comiencen las labores de instalaci\u00f3n del podo t\u00e1ctil, que es el pavimento con textura que permite que al caminar advierta al peat\u00f3n o sirva de gu\u00eda para personas con discapacidad visual.<\/p>\n\n\n\n<p>A lo largo de la jornada de hoy est\u00e1 previsto concluyan las labores de instalaci\u00f3n de la red agua potable y la acera sur est\u00e1 muestreada para, tan pronto como sea posible, comenzar con la instalaci\u00f3n del porcel\u00e1nico.<\/p>\n\n\n\n<h3>Proyecto financiado con fondos europeos enmarcado en la Agenda Urbana de Castell\u00f3n<\/h3>\n\n\n\n<p>El proyecto de la Zona de Bajas Emisiones conseguir\u00e1 que la ciudad cuente con m\u00e1s zonas verdes y mejorar\u00e1 la accesibilidad en la zona centro. Se trata de una actuaci\u00f3n financiada con fondos europeos Next Generation el marco del <a href=\"https:\/\/planderecuperacion.gob.es\/\" target=\"_blank\" rel=\"noreferrer noopener\" title=\"Plan de Recuperaci\u00f3n, Transformaci\u00f3n y Resiliencia (PRTR)\">Plan de Recuperaci\u00f3n, Transformaci\u00f3n y Resiliencia (PRTR)<\/a>.<\/p>\n\n\n\n<p>La implantaci\u00f3n de la Zona de Bajas Emisiones de Castell\u00f3n responde, entre otras, a las imposiciones recogidas en la Ley de Cambio Clim\u00e1tico y Transici\u00f3n Energ\u00e9tica, donde se obliga a todas las ciudades espa\u00f1olas de m\u00e1s de 50.000 habitantes a establecer, zonas de bajas emisiones como medida esencial para la mejora de la calidad del aire y, en consecuencia, para conseguir un ambiente m\u00e1s saludable para la ciudadana.<\/p>\n\n\n\n<p>Adem\u00e1s, responde a las necesidades identificadas en el proceso de definici\u00f3n y elaboraci\u00f3n del plan de acci\u00f3n de la <a href=\"https:\/\/agendaurbanacastello.es\/va\/\" target=\"_blank\" rel=\"noreferrer noopener\" title=\"Agenda Urbana de Castell\u00f3n\">Agenda Urbana de Castell\u00f3n<\/a>, dando lugar al proyecto prioritario &#8220;<a href=\"https:\/\/agendaurbanacastello.es\/va\/ficha\/estrategia-de-supermanzanas-y-zonas-de-bajas-emisiones\/\" target=\"_blank\" rel=\"noreferrer noopener\" title=\"Estrategia de supermanzanas y de bajas emisiones\">Estrategia de supermanzanas y de bajas emisiones<\/a>&#8220;, con el fin de materializar una nueva reorganizaci\u00f3n del espacio p\u00fablico que favorezca una movilidad m\u00e1s eficiente, sostenible y segura a partir de una nueva jerarqu\u00eda viaria.<\/p>","protected":false},"excerpt":{"rendered":"<p>Esta semana inician las obras en las calles Amadeo I, Rosell, German\u00edas y Echegaray El calendario de actuaciones de la Zona de Bajas Emisiones sigue avanzando y esta semana han&#8230;<\/p>","protected":false},"author":1,"featured_media":2859,"comment_status":"closed","ping_status":"closed","sticky":false,"template":"","format":"standard","meta":{"_monsterinsights_skip_tracking":false,"_monsterinsights_sitenote_active":false,"_monsterinsights_sitenote_note":"","_monsterinsights_sitenote_category":0},"categories":[1],"tags":[78,45,77,48,44,116,208],"acf":[],"_links":{"self":[{"href":"https:\/\/agendaurbanacastello.es\/va\/wp-json\/wp\/v2\/posts\/2808"}],"collection":[{"href":"https:\/\/agendaurbanacastello.es\/va\/wp-json\/wp\/v2\/posts"}],"about":[{"href":"https:\/\/agendaurbanacastello.es\/va\/wp-json\/wp\/v2\/types\/post"}],"author":[{"embeddable":true,"href":"https:\/\/agendaurbanacastello.es\/va\/wp-json\/wp\/v2\/users\/1"}],"replies":[{"embeddable":true,"href":"https:\/\/agendaurbanacastello.es\/va\/wp-json\/wp\/v2\/comments?post=2808"}],"version-history":[{"count":4,"href":"https:\/\/agendaurbanacastello.es\/va\/wp-json\/wp\/v2\/posts\/2808\/revisions"}],"predecessor-version":[{"id":2861,"href":"https:\/\/agendaurbanacastello.es\/va\/wp-json\/wp\/v2\/posts\/2808\/revisions\/2861"}],"wp:featuredmedia":[{"embeddable":true,"href":"https:\/\/agendaurbanacastello.es\/va\/wp-json\/wp\/v2\/media\/2859"}],"wp:attachment":[{"href":"https:\/\/agendaurbanacastello.es\/va\/wp-json\/wp\/v2\/media?parent=2808"}],"wp:term":[{"taxonomy":"category","embeddable":true,"href":"https:\/\/agendaurbanacastello.es\/va\/wp-json\/wp\/v2\/categories?post=2808"},{"taxonomy":"post_tag","embeddable":true,"href":"https:\/\/agendaurbanacastello.es\/va\/wp-json\/wp\/v2\/tags?post=2808"}],"curies":[{"name":"wp","href":"https:\/\/api.w.org\/{rel}","templated":true}]}}