{"id":2848,"date":"2025-07-17T08:25:00","date_gmt":"2025-07-17T08:25:00","guid":{"rendered":"https:\/\/agendaurbanacastello.es\/?p=2848"},"modified":"2025-07-18T10:03:35","modified_gmt":"2025-07-18T10:03:35","slug":"el-pleno-aprueba-castellon-naturaleza-en-red","status":"publish","type":"post","link":"https:\/\/agendaurbanacastello.es\/va\/el-pleno-aprueba-castellon-naturaleza-en-red\/","title":{"rendered":"El pleno aprueba \u201cCastell\u00f3n, Naturaleza en Red\u201d"},"content":{"rendered":"<h2><strong>A trav\u00e9s de este proyecto cofinanciado con fondos europeos FEDER la ciudad invertir\u00e1 3,5 millones para la renaturalizaci\u00f3n urbana<\/strong><\/h2>\n\n\n\n<p><\/p>\n\n\n\n<p>El pleno municipal, reunido en la sesi\u00f3n ordinaria y correspondiente al mes de agosto, ha aprobado la participaci\u00f3n del <a href=\"https:\/\/www.castello.es\/es\/\" target=\"_blank\" rel=\"noreferrer noopener\" title=\"Ayuntamiento de Castell\u00f3n de la Plana \">Ayuntamiento de Castell\u00f3n de la Plana<\/a> con la <a href=\"http:\/\/SEO Birdlife\" target=\"_blank\" rel=\"noreferrer noopener\" title=\"Sociedad Espa\u00f1ola de Ornitolog\u00eda (SEO Birdlife)\">Sociedad Espa\u00f1ola de Ornitolog\u00eda (SEO Birdlife)<\/a> y aceptar la subvenci\u00f3n para llevar a cabo el proyecto<strong> \u201cCastell\u00f3n, Naturaleza en Red\u201d<\/strong>, que va a permitir la inversi\u00f3n de 3,5 millones de euros que permitir\u00e1n avanzar en la renaturalizaci\u00f3n de la ciudad. Un acuerdo que ha contado con los votos a favor de los grupos municipales del Partido Popular, Comprom\u00eds y PSOE.<\/p>\n\n\n\n<p>Hay que destacar que, de estos 3\u20195 millones de euros, el 60% llegan procedentes de ayudas procedentes de la Uni\u00f3n Europea y de su Fondo Europeo de Desarrollo Regional (FEDER). Unas ayudas conseguidas gracias a la labor de la <a href=\"https:\/\/www.castello.es\/es\/planificacion-y-proyeccion-economica\" target=\"_blank\" rel=\"noreferrer noopener\" title=\"Oficina de Planificaci\u00f3n y Proyecci\u00f3n Econ\u00f3mica\">Oficina de Planificaci\u00f3n y Proyecci\u00f3n Econ\u00f3mica<\/a> del Ayuntamiento de Castell\u00f3n. Una iniciativa que refuerza la estrategia de renaturalizaci\u00f3n de la alcaldesa, Bego\u00f1a Carrasco.<\/p>\n\n\n\n<p>El concejal de Urbanismo e Infraestructuras, Sergio Toledo, ha intervenido recordando que \u201cesta ayudas llegan a trav\u00e9s de la convocatoria de la <a href=\"https:\/\/fundacion-biodiversidad.es\/\" target=\"_blank\" rel=\"noreferrer noopener\" title=\"Fundaci\u00f3n Biodiversidad\">Fundaci\u00f3n Biodiversidad<\/a> destinada a financiar actuaciones dirigidas al fomento de infraestructuras verdes para la renaturalizaci\u00f3n y resiliencia con un plazo de ejecuci\u00f3n de tres a\u00f1os hasta 2028. Y del presupuesto total de esta convocatoria a nivel nacional, de m\u00e1s de 39 millones dirigido a capitales de provincia y municipios de m\u00e1s de 20 mil habitantes, el Ayuntamiento de Castell\u00f3n va a obtener casi un 10%, con un montante total de casi 3,5 millones de euros\u201d.<\/p>\n\n\n\n<p>Toledo ha explicado que el proyecto \u2018Castell\u00f3n Naturaleza en Red\u2019 se desarrollar\u00e1 a trav\u00e9s de tres l\u00edneas principales como son \u201cla renaturalizaci\u00f3n en colegios y centros educativos, la mejora de espacios verdes ya existentes como los estanques urbanos, as\u00ed como la creaci\u00f3n de nuevas zonas como es el caso de la cubierta de 600 m\u00b2 de los soportales de la plaza Santa Clara, a la que se sumar\u00e1 la cubierta de 150 m\u00b2 correspondiente al edificio que alberga la florister\u00edas en la misma plaza, y la renaturalizaci\u00f3n de diferentes rotondas en la ciudad, como las del Castell Vell o la de acceso al Grau en la CS-22\u201d.<\/p>\n\n\n\n<p>En el caso de los centros educativos, ser\u00e1n una quincena los colegios donde se actuar\u00e1n en la ciudad. En estos colegios se implementar\u00e1 la creaci\u00f3n de elementos como p\u00e9rgolas vegetales para generar sombra natural, huertos escolares, tambi\u00e9n con una funci\u00f3n did\u00e1ctica, as\u00ed como zonas ajardinadas o de cubiertas vegetales que permitir\u00e1n la mejora de la eficiencia energ\u00e9tica de estos edificios educativos.<\/p>\n\n\n\n<h3>Proyecto vinculado a la Agenda Urbana de Castell\u00f3n <\/h3>\n\n\n\n<p>Por su car\u00e1cter transversal y su impacto en el desarrollo urbano de la ciudad, Castell\u00f3n Naturaleza en Red forma parte del plan de acci\u00f3n de la Agenda Urbana de Castell\u00f3n. <\/p>\n\n\n\n<p>La iniciativa se vincula directamente a proyectos prioritarios de la Agenda Urbana local como la <a href=\"https:\/\/agendaurbanacastello.es\/va\/ficha\/estrategia-de-renaturalizacion-municipal-y-restauracion-ecologica\/\" target=\"_blank\" rel=\"noreferrer noopener\" title=\"Estrategia de renaturalizaci\u00f3n municipal y restauraci\u00f3n ecol\u00f3gica\">Estrategia de renaturalizaci\u00f3n municipal y restauraci\u00f3n ecol\u00f3gica<\/a>, <a href=\"https:\/\/agendaurbanacastello.es\/va\/ficha\/biodiversidad-urbana\/\" target=\"_blank\" rel=\"noreferrer noopener\" title=\"Biodiversidad Urbana\">Biodiversidad Urbana<\/a> i <a href=\"https:\/\/agendaurbanacastello.es\/va\/ficha\/cultura-formacion-y-participacion-ciudadana\/\" target=\"_blank\" rel=\"noreferrer noopener\" title=\"Cultura, formaci\u00f3 i participaci\u00f3 ciutadana\">Cultura, formaci\u00f3 i participaci\u00f3 ciutadana<\/a>. Asimismo, impacta indirectamente en proyectos como <a href=\"https:\/\/agendaurbanacastello.es\/va\/ficha\/mejora-de-entornos-urbanos-para-una-vida-activa-y-saludable\/\" target=\"_blank\" rel=\"noreferrer noopener\" title=\"Millora d&#039;entorns urbans per a una vida activa i saludable\">Millora d'entorns urbans per a una vida activa i saludable<\/a>, <a href=\"https:\/\/agendaurbanacastello.es\/va\/ficha\/inclusion-social-e-integracion-urbana\/\" target=\"_blank\" rel=\"noreferrer noopener\" title=\"Inclusi\u00f3 social i integraci\u00f3 urbana\">Inclusi\u00f3 social i integraci\u00f3 urbana<\/a>, <a href=\"https:\/\/agendaurbanacastello.es\/va\/ficha\/envejecimiento-activo-y-saludable\/\" target=\"_blank\" rel=\"noreferrer noopener\" title=\"Envelliment actiu i saludable\">Envelliment actiu i saludable<\/a> i <a href=\"https:\/\/agendaurbanacastello.es\/va\/ficha\/turismo-sostenible-inteligente-y-deportivo\/\" target=\"_blank\" rel=\"noreferrer noopener\" title=\"Turismo sostenible, inteligente y deportivo\">Turismo sostenible, inteligente y deportivo<\/a>.<\/p>\n\n\n\n<figure class=\"wp-block-image size-large\"><img loading=\"lazy\" width=\"1024\" height=\"683\" src=\"https:\/\/agendaurbanacastello.es\/wp-content\/uploads\/2025\/07\/Carrasco-Pleno-Municipal-17-julio-1024x683.jpg\" alt=\"\" class=\"wp-image-2850\" srcset=\"https:\/\/agendaurbanacastello.es\/wp-content\/uploads\/2025\/07\/Carrasco-Pleno-Municipal-17-julio-1024x683.jpg 1024w, https:\/\/agendaurbanacastello.es\/wp-content\/uploads\/2025\/07\/Carrasco-Pleno-Municipal-17-julio-300x200.jpg 300w, https:\/\/agendaurbanacastello.es\/wp-content\/uploads\/2025\/07\/Carrasco-Pleno-Municipal-17-julio-768x512.jpg 768w, https:\/\/agendaurbanacastello.es\/wp-content\/uploads\/2025\/07\/Carrasco-Pleno-Municipal-17-julio-1536x1024.jpg 1536w, https:\/\/agendaurbanacastello.es\/wp-content\/uploads\/2025\/07\/Carrasco-Pleno-Municipal-17-julio-2048x1366.jpg 2048w, https:\/\/agendaurbanacastello.es\/wp-content\/uploads\/2025\/07\/Carrasco-Pleno-Municipal-17-julio-18x12.jpg 18w, https:\/\/agendaurbanacastello.es\/wp-content\/uploads\/2025\/07\/Carrasco-Pleno-Municipal-17-julio-365x243.jpg 365w\" sizes=\"(max-width: 1024px) 100vw, 1024px\" \/><figcaption>Bego\u00f1a Carrasco durante la celebraci\u00f3n del Pleno<\/figcaption><\/figure>\n\n\n\n<h3>Castell\u00f3n Naturaleza en Red<\/h3>\n\n\n\n<h4>Estanques<\/h4>\n\n\n\n<p>Toledo ha avanzando asimismo que \u201cCastell\u00f3n, Naturaleza en Red\u201d tambi\u00e9n va a permitir la restauraci\u00f3n ecol\u00f3gica de los estanques del Parque Ribalta y Parque Ge\u00f3logo Royo, as\u00ed como el redise\u00f1o del estanque del Parque M\u00e9rida. Con la reintroducci\u00f3n de vegetaci\u00f3n acu\u00e1tica en estos estanques y redise\u00f1o para evitar problemas de filtraci\u00f3n, con un mayor control de la calidad del agua\u201d.<\/p>\n\n\n\n<p>Este proyecto cuenta con el apoyo de la Fundaci\u00f3n Biodiversidad del Ministerio para la Transici\u00f3n Ecol\u00f3gica y el Reto Demogr\u00e1fico a trav\u00e9s de la convocatoria para el fomento de actuaciones dirigidas al desarrollo y consolidaci\u00f3n de la infraestructura verde para la renaturalizaci\u00f3n y resiliencia de ciudades espa\u00f1olas financiada por la Uni\u00f3n Europea a trav\u00e9s del Fondo Europeo de Desarrollo Regional (FEDER).<\/p>\n\n\n\n<h4>Red de oasis clim\u00e1ticos<\/h4>\n\n\n\n<p>Otra de las iniciativas que a las que el pleno municipal ha dado el visto bueno ha sido la moci\u00f3n presentada por el grupo municipal de Comprom\u00eds, con enmienda del grupo del Partido Popular, referente a la consolidaci\u00f3n y ejecuci\u00f3n de una red de oasis clim\u00e1ticos y un plan estrat\u00e9gico de sombras y confort t\u00e9rmico en la ciudad de Castell\u00f3n. Una moci\u00f3n que ha contado con el voto a favor de los grupos municipales del Partido Popular, Comprom\u00eds y PSOE y la abstenci\u00f3n del grupo de VOX\u201d.<\/p>\n\n\n\n<p>En esta iniciativa se recoge tambi\u00e9n la puesta en marcha del proyecto \u201cCastell\u00f3n, Naturaleza en Red\u201d, que llevar\u00e1 a cabo el Ayuntamiento de Castell\u00f3n gracias a la concesi\u00f3n de ayudas de fondos europeos FEDER, apostando por seguir avanzando en diferentes medidas de renaturalizaci\u00f3n en la ciudad contempladas ya en este nuevo proyecto europeo, como la creaci\u00f3n de oasis clim\u00e1ticos en diferentes centros educativos o la renaturalizaci\u00f3n de la plaza Santa Clara y varias rotondas urbanas.<\/p>\n\n\n\n<p>As\u00ed, quedan reflejados diferentes acuerdos entre los que destacan, entre otras medidas, establecer un calendario para el desarrollo de una serie de oasis clim\u00e1ticos; el dise\u00f1o de un Plan Estrat\u00e9gico Verde, Azul y de Biodiversidad o establecer protocolos de protecci\u00f3n para el personal municipal y externalizado que realiza trabajos al aire libre durante las olas de calor.<\/p>\n\n\n\n<p>En nombre del grupo del Partido Popular, el concejal Vicent Sales, ha recordado que \u201cel pleno del ayuntamiento celebrado el 30 de noviembre de 2023 aprob\u00f3 la actualizaci\u00f3n del primer plan de acci\u00f3n local de la Agenda Urbana. Y la estrategia de la Agenda Urbana de Castell\u00f3 busca la renaturalizaci\u00f3n de la ciudad la biodiversidad urbana, la mejora de los entornos urbanos por una vida activa y saludable la inclusi\u00f3n social, la integraci\u00f3n urbana y, en definitiva, promover un desarrollo social, econ\u00f3mico y medioambiental\u201d.<\/p>\n\n\n\n<p>Sales tambi\u00e9n ha hecho hincapi\u00e9 en que \u201cexiste una relaci\u00f3n directa entre las altas temperaturas y el incremento de la mortalidad por golpes de calor, especialmente graves en personas vulnerables como ni\u00f1os, adultos y enfermedades cr\u00f3nicas. Por lo tanto, estas olas de calor afectan a la gente vulnerable con discapacidad o precariedad, que no tienen acceso a la refrigeraci\u00f3n, as\u00ed como las personas que trabajan al aire libre y es importante garantizar su seguridad\u201d.<\/p>","protected":false},"excerpt":{"rendered":"<p>A trav\u00e9s de este proyecto cofinanciado con fondos europeos FEDER la ciudad invertir\u00e1 3,5 millones para la renaturalizaci\u00f3n urbana El pleno municipal, reunido en la sesi\u00f3n ordinaria y correspondiente al&#8230;<\/p>","protected":false},"author":1,"featured_media":2849,"comment_status":"closed","ping_status":"closed","sticky":false,"template":"","format":"standard","meta":{"_monsterinsights_skip_tracking":false,"_monsterinsights_sitenote_active":false,"_monsterinsights_sitenote_note":"","_monsterinsights_sitenote_category":0},"categories":[1],"tags":[186,151,90,185,207,147,177],"acf":[],"_links":{"self":[{"href":"https:\/\/agendaurbanacastello.es\/va\/wp-json\/wp\/v2\/posts\/2848"}],"collection":[{"href":"https:\/\/agendaurbanacastello.es\/va\/wp-json\/wp\/v2\/posts"}],"about":[{"href":"https:\/\/agendaurbanacastello.es\/va\/wp-json\/wp\/v2\/types\/post"}],"author":[{"embeddable":true,"href":"https:\/\/agendaurbanacastello.es\/va\/wp-json\/wp\/v2\/users\/1"}],"replies":[{"embeddable":true,"href":"https:\/\/agendaurbanacastello.es\/va\/wp-json\/wp\/v2\/comments?post=2848"}],"version-history":[{"count":2,"href":"https:\/\/agendaurbanacastello.es\/va\/wp-json\/wp\/v2\/posts\/2848\/revisions"}],"predecessor-version":[{"id":2852,"href":"https:\/\/agendaurbanacastello.es\/va\/wp-json\/wp\/v2\/posts\/2848\/revisions\/2852"}],"wp:featuredmedia":[{"embeddable":true,"href":"https:\/\/agendaurbanacastello.es\/va\/wp-json\/wp\/v2\/media\/2849"}],"wp:attachment":[{"href":"https:\/\/agendaurbanacastello.es\/va\/wp-json\/wp\/v2\/media?parent=2848"}],"wp:term":[{"taxonomy":"category","embeddable":true,"href":"https:\/\/agendaurbanacastello.es\/va\/wp-json\/wp\/v2\/categories?post=2848"},{"taxonomy":"post_tag","embeddable":true,"href":"https:\/\/agendaurbanacastello.es\/va\/wp-json\/wp\/v2\/tags?post=2848"}],"curies":[{"name":"wp","href":"https:\/\/api.w.org\/{rel}","templated":true}]}}