{"id":2906,"date":"2025-06-16T12:27:00","date_gmt":"2025-06-16T12:27:00","guid":{"rendered":"https:\/\/agendaurbanacastello.es\/?p=2906"},"modified":"2025-07-25T09:39:52","modified_gmt":"2025-07-25T09:39:52","slug":"mas-de-250-ninos-ninas-y-jovenes-se-han-inscrito-ya-en-el-campamento-digital-gratuito-de-castellon","status":"publish","type":"post","link":"https:\/\/agendaurbanacastello.es\/va\/mas-de-250-ninos-ninas-y-jovenes-se-han-inscrito-ya-en-el-campamento-digital-gratuito-de-castellon\/","title":{"rendered":"M\u00e1s de 250 ni\u00f1os, ni\u00f1as y j\u00f3venes se han inscrito ya en el Campamento Digital gratuito de Castell\u00f3n"},"content":{"rendered":"<h2>El Ayuntamiento apuesta por el talento digital a trav\u00e9s de formaci\u00f3n presencial y gratuita en competencias digitales <\/h2>\n\n\n\n<p>El concejal de Modernizaci\u00f3n y Transparencia del <a href=\"https:\/\/www.castello.es\/es\/\" target=\"_blank\" rel=\"noreferrer noopener\" title=\"Ayuntamiento de Castell\u00f3n de la Plana\">Ayuntamiento de Castell\u00f3n de la Plana<\/a>, Francisco Caba\u00f1ero, ha presentado este lunes en rueda de prensa junto a Pau Gim\u00e9nez, gestor de proyectos en la Comunidad Valenciana de <a href=\"https:\/\/www.cibervoluntarios.org\/\" target=\"_blank\" rel=\"noreferrer noopener\" title=\"Fundaci\u00f3n Cibervoluntarios\">Fundaci\u00f3n Cibervoluntarios<\/a>, y Carlos Jaime, gerente de <a href=\"https:\/\/xarxatec.com\/\" target=\"_blank\" rel=\"noreferrer noopener\" title=\"XarxaTec, la Asociaci\u00f3n de Empresas Tecnol\u00f3gicas de Castell\u00f3n\">XarxaTec, la Asociaci\u00f3n de Empresas Tecnol\u00f3gicas de Castell\u00f3n<\/a>, el Campamento Digital dirigido a ni\u00f1os, ni\u00f1as y j\u00f3venes de 9 a 17 con educadores especializados.<\/p>\n\n\n\n<p>Tendr\u00e1 lugar del 23 de junio al 5 de septiembre. Se trata de una iniciativa de formaci\u00f3n presencial y gratuita en competencias digitales. A trav\u00e9s de la web <a href=\"http:\/\/campamentodigital.org\/\">campamentodigital.org<\/a> ya se han inscrito m\u00e1s de 250 personas para participar de los once cursos en aulas de Puzzle Consultores (calle de Carcaixent, 1), que es una de las empresas de Xarxatec, y en Menador Espai Cultural (plaza Hort dels Corders, 4).<\/p>\n\n\n\n<h3>Compromiso con la innovaci\u00f3n, la educaci\u00f3n y la inclusi\u00f3n digital<\/h3>\n\n\n\n<p>\u201cEl Campamento Digital no es solo un espacio formativo, sino tambi\u00e9n un punto de encuentro, de participaci\u00f3n y de futuro. Una muestra del compromiso del Ayuntamiento de Castell\u00f3n con la innovaci\u00f3n, la educaci\u00f3n y la inclusi\u00f3n digital. Una evidencia de que cuando las instituciones p\u00fablicas y las entidades sociales colaboran, se pueden generar oportunidades reales para toda la ciudadan\u00eda\u201d, se\u00f1ala el edil de Modernizaci\u00f3n y Transparencia.<\/p>\n\n\n\n<p>Campamento Digital responde a la necesidad de que la infancia y juventud cuente con herramientas adecuadas para desenvolverse en un entorno cada vez m\u00e1s digitalizado. El objetivo de esta iniciativa es formar en el uso seguro y responsable de la tecnolog\u00eda, potenciar el talento digital y fomentar el pensamiento cr\u00edtico entre los m\u00e1s j\u00f3venes, con especial atenci\u00f3n a aquellos en situaci\u00f3n de mayor vulnerabilidad digital. Con el fin de facilitar la conciliaci\u00f3n, esta propuesta estival se desarrolla a lo largo de una semana de forma intensiva en horario de ma\u00f1ana (lunes a viernes, 9 a 14 horas).<\/p>\n\n\n\n<p>\u201cEste programa es de gran ayuda para que los nativos y nativas digitales puedan desenvolverse en internet y hacer un buen uso de la nuevas tecnolog\u00edas&#8221;, se\u00f1ala Carlos Jaime.<\/p>\n\n\n\n<p>Campamento Digital es una iniciativa de Fundaci\u00f3n Cibervoluntarios totalmente gratuita para las familias, ya que forma parte del Programa de Competencias Digitales para la Infancia, CODI, puesto en marcha por el Ministerio de Juventud e Infancia, financiado por la Uni\u00f3n Europea-Next Generation EU.<\/p>\n\n\n\n<p>Pau Gim\u00e9nez explica que este programa \u201cest\u00e1 enfocado desde el ocio educativo con una metodolog\u00eda activa y participativa\u201d.<\/p>\n\n\n\n<h3>La digitalizaci\u00f3n urbana como eje clave del plan de acci\u00f3n de la Agenda Urbana de Castell\u00f3n<\/h3>\n\n\n\n<p>Con el fin de seguir avanzando hacia un modelo de ciudad inteligente e innovador que no deje a nadie atr\u00e1s, el plan de acci\u00f3n de la Agenda Urbana de Castell\u00f3n cuenta con varios proyectos prioritarios centrados en la digitalizaci\u00f3n.<\/p>\n\n\n\n<ul><li><a href=\"https:\/\/agendaurbanacastello.es\/va\/ficha\/transformacion-digital-urbana\/\" target=\"_blank\" rel=\"noreferrer noopener\" title=\"Transformaci\u00f3n digital urbana:\">Transformaci\u00f3n digital urbana:<\/a> seguir avanzando hacia un modelo de ciudad inteligente e innovador introduciendo nuevas tecnolog\u00edas disruptivas para optimizar y simplificar los procesos internos y facilitar nuevos servicios a la ciudadan\u00eda.<\/li><li><a href=\"https:\/\/agendaurbanacastello.es\/va\/ficha\/cultura-formacion-y-participacion-ciudadana\/\" target=\"_blank\" rel=\"noreferrer noopener\" title=\"Cultura, formaci\u00f3 i participaci\u00f3 ciutadana\">Cultura, formaci\u00f3 i participaci\u00f3 ciutadana<\/a>: informar, sensibilizar y capacitar a la ciudadan\u00eda y personal t\u00e9cnico del Ayuntamiento en conceptos clave en materia urbana para que comprendan el funcionamiento de su ciudad y hacerles part\u00edcipes.<\/li><li><a href=\"https:\/\/agendaurbanacastello.es\/va\/ficha\/gemelo-digital-castello\/\" target=\"_blank\" rel=\"noreferrer noopener\" title=\"Gemelo digital Castell\u00f3n\">Gemelo digital Castell\u00f3n<\/a>: contar con una r\u00e9plica virtual de los principales elementos de la ciudad que permita analizar, modelar, simular y predecir escenarios o elaborar supuestos para una mejor toma de decisiones sobre planificaci\u00f3n y gesti\u00f3n urbana.<\/li><\/ul>\n\n\n\n<figure class=\"wp-block-image size-large\"><img loading=\"lazy\" width=\"1024\" height=\"576\" src=\"https:\/\/agendaurbanacastello.es\/wp-content\/uploads\/2025\/07\/campamento-digital-Castellon1-1024x576.jpeg\" alt=\"\" class=\"wp-image-2909\" srcset=\"https:\/\/agendaurbanacastello.es\/wp-content\/uploads\/2025\/07\/campamento-digital-Castellon1-1024x576.jpeg 1024w, https:\/\/agendaurbanacastello.es\/wp-content\/uploads\/2025\/07\/campamento-digital-Castellon1-300x169.jpeg 300w, https:\/\/agendaurbanacastello.es\/wp-content\/uploads\/2025\/07\/campamento-digital-Castellon1-768x432.jpeg 768w, https:\/\/agendaurbanacastello.es\/wp-content\/uploads\/2025\/07\/campamento-digital-Castellon1-1536x864.jpeg 1536w, https:\/\/agendaurbanacastello.es\/wp-content\/uploads\/2025\/07\/campamento-digital-Castellon1-2048x1152.jpeg 2048w, https:\/\/agendaurbanacastello.es\/wp-content\/uploads\/2025\/07\/campamento-digital-Castellon1-18x10.jpeg 18w\" sizes=\"(max-width: 1024px) 100vw, 1024px\" \/><figcaption>Campamento digital Castell\u00f3n verano 2025<\/figcaption><\/figure>\n\n\n\n<h3>Contenidos adaptados por edades<\/h3>\n\n\n\n<p>El programa se organiza en diferentes grupos de edad y todos los contenidos est\u00e1n dise\u00f1ados para adaptarse a sus necesidades y capacidades. \u201cLos m\u00e1s peque\u00f1os, entre 9 y 11 a\u00f1os, se convierten en \u201cdetectives digitales\u201d que aprenden a identificar noticias falsas, proteger su identidad en internet y crear contenido como presentaciones o v\u00eddeos\u201d, destaca Gim\u00e9nez.<\/p>\n\n\n\n<p>En la franja de 12 a 13 a\u00f1os profundizan en el uso consciente de la tecnolog\u00eda, la convivencia digital, el cuidado de la privacidad en redes sociales y el uso equilibrado de las pantallas. Para los j\u00f3venes de 14 a 17 a\u00f1os, Campamento Digital se convierte en un espacio de exploraci\u00f3n y proyecci\u00f3n de futuro. En esta etapa se trabajan temas como la creaci\u00f3n de un curr\u00edculum digital, el emprendimiento online, el desarrollo de contenido para redes sociales, la inteligencia artificial, la programaci\u00f3n y la ciberseguridad.<\/p>\n\n\n\n<p>Al finalizar, todos los participantes reciben el certificado oficial DigComp, que acredita sus competencias digitales seg\u00fan el marco europeo, aportando un valor diferencial a su formaci\u00f3n acad\u00e9mica y profesional.<\/p>","protected":false},"excerpt":{"rendered":"<p>Se trata de una iniciativa de formaci\u00f3n presencial y gratuita en competencias digitales que tendr\u00e1 lugar del 23 de junio al 5 de septiembre.<\/p>","protected":false},"author":1,"featured_media":2908,"comment_status":"closed","ping_status":"closed","sticky":false,"template":"","format":"standard","meta":{"_monsterinsights_skip_tracking":false,"_monsterinsights_sitenote_active":false,"_monsterinsights_sitenote_note":"","_monsterinsights_sitenote_category":0},"categories":[1],"tags":[151,133,67,48,60],"acf":[],"_links":{"self":[{"href":"https:\/\/agendaurbanacastello.es\/va\/wp-json\/wp\/v2\/posts\/2906"}],"collection":[{"href":"https:\/\/agendaurbanacastello.es\/va\/wp-json\/wp\/v2\/posts"}],"about":[{"href":"https:\/\/agendaurbanacastello.es\/va\/wp-json\/wp\/v2\/types\/post"}],"author":[{"embeddable":true,"href":"https:\/\/agendaurbanacastello.es\/va\/wp-json\/wp\/v2\/users\/1"}],"replies":[{"embeddable":true,"href":"https:\/\/agendaurbanacastello.es\/va\/wp-json\/wp\/v2\/comments?post=2906"}],"version-history":[{"count":2,"href":"https:\/\/agendaurbanacastello.es\/va\/wp-json\/wp\/v2\/posts\/2906\/revisions"}],"predecessor-version":[{"id":2910,"href":"https:\/\/agendaurbanacastello.es\/va\/wp-json\/wp\/v2\/posts\/2906\/revisions\/2910"}],"wp:featuredmedia":[{"embeddable":true,"href":"https:\/\/agendaurbanacastello.es\/va\/wp-json\/wp\/v2\/media\/2908"}],"wp:attachment":[{"href":"https:\/\/agendaurbanacastello.es\/va\/wp-json\/wp\/v2\/media?parent=2906"}],"wp:term":[{"taxonomy":"category","embeddable":true,"href":"https:\/\/agendaurbanacastello.es\/va\/wp-json\/wp\/v2\/categories?post=2906"},{"taxonomy":"post_tag","embeddable":true,"href":"https:\/\/agendaurbanacastello.es\/va\/wp-json\/wp\/v2\/tags?post=2906"}],"curies":[{"name":"wp","href":"https:\/\/api.w.org\/{rel}","templated":true}]}}