{"id":2919,"date":"2025-08-25T08:22:00","date_gmt":"2025-08-25T08:22:00","guid":{"rendered":"https:\/\/agendaurbanacastello.es\/?p=2919"},"modified":"2025-09-01T08:50:34","modified_gmt":"2025-09-01T08:50:34","slug":"castellon-presenta-su-proyecto-de-renaturalizacion-urbana","status":"publish","type":"post","link":"https:\/\/agendaurbanacastello.es\/va\/castellon-presenta-su-proyecto-de-renaturalizacion-urbana\/","title":{"rendered":"Castell\u00f3n presenta su proyecto de renaturalizaci\u00f3n urbana"},"content":{"rendered":"<h2><strong>La alcaldesa presentar\u00e1 en las Jornadas de la Fundaci\u00f3n Biodiversidad en Madrid el proyecto de renaturalizaci\u00f3n de la ciudad<\/strong><\/h2>\n\n\n\n<p>La alcaldesa de Castell\u00f3n, Bego\u00f1a Carrasco, en el marco de las jornadas organizadas por la <a href=\"https:\/\/fundacion-biodiversidad.es\/\" target=\"_blank\" rel=\"noreferrer noopener\" title=\"Fundaci\u00f3n Biodiversidad\">Fundaci\u00f3n Biodiversidad<\/a>, presentar\u00e1 el pr\u00f3ximo 3 de septiembre en Madrid, el proyecto de renaturalizaci\u00f3n de la ciudad.<\/p>\n\n\n\n<p>Se trata de una cita en la que la primera edil participar\u00e1, ya que la ciudad de Castell\u00f3n, con el proyecto<strong> \u201cCastell\u00f3n Naturaleza en Red\u201d<\/strong>, ha sido una de las entidades beneficiarias de la convocatoria de subvenciones de la Fundaci\u00f3n Biodiversidad para el fomento de actuaciones para la renaturalizaci\u00f3n y resiliencia de ciudades espa\u00f1olas cofinanciada por el FEDER.<\/p>\n\n\n\n<p>Concretamente, la alcaldesa ha se\u00f1alado que \u201cse presentan los proyectos que han sido financiados. Es una convocatoria muy exigente y compleja, ya que de m\u00e1s de 100 proyectos presentados solo se han seleccionado 12 para su financiaci\u00f3n, entre los que se encuentra el de Castell\u00f3n. Son proyectos de importancia estrat\u00e9gica y ser\u00e1n ejemplo de buenas pr\u00e1cticas para la Renaturalizaci\u00f3n de las ciudades espa\u00f1olas y se presentar\u00e1n ante representantes de la Direcci\u00f3n General de Pol\u00edtica Regional de la Comisi\u00f3n Europea\u201d.<\/p>\n\n\n\n<p>Carrasco ha declarado que \u201ces un honor participar en estas jornadas, porque significa que Castell\u00f3n ha conseguido optar a esta convocatoria de ayudas que permitir\u00e1 dotar de mayor protagonismo a los espacios verdes en la ciudad\u201d.<\/p>\n\n\n\n<h3><strong>3\u20195 millones de euros<\/strong><\/h3>\n\n\n\n<p>As\u00ed pues, la primera edil ha explicado que \u201ces un proyecto que se ha presentado a esta convocatoria nacional, dirigida a capitales de provincia y municipios de m\u00e1s de 20.000 habitantes, con un presupuesto total de m\u00e1s de 39 millones. De este modo, el Ayuntamiento de Castell\u00f3n obtendr\u00e1 casi un 10% del importe, lo que supone un montante total de casi 3,5 millones de euros\u201d.<\/p>\n\n\n\n<p>La alcaldesa tambi\u00e9n ha elogiado el trabajo que se viene realizando desde la <a href=\"https:\/\/www.castello.es\/va\/planificacio-i-proyeccio-economica\" target=\"_blank\" rel=\"noreferrer noopener\">Oficina de Planificaci\u00f3n y Promoci\u00f3n Econ\u00f3mica del Ayuntamiento de Castell\u00f3n<\/a>, que dirige Carmen Vilanova, quien tambi\u00e9n acompa\u00f1ar\u00e1 a la alcaldesa al evento. \u201cPuedo decir con orgullo que Castell\u00f3n es una ciudad referente a nivel nacional en la gesti\u00f3n de fondos europeos y eso es gracias al trabajo constante y la profesionalidad de quienes forman parte de este departamento\u201d.<\/p>\n\n\n\n<p>El proyecto castellonense ser\u00e1 explicado por la alcaldesa en una de las mesas tem\u00e1ticas denominada Oasis clim\u00e1ticos: escuelas y calles y Restauraci\u00f3n de espacios como conectores ecol\u00f3gicos de la IVU (Infraestructura Verde Urbana).<\/p>\n\n\n\n<figure class=\"wp-block-image size-large\"><img loading=\"lazy\" width=\"768\" height=\"1024\" src=\"https:\/\/agendaurbanacastello.es\/wp-content\/uploads\/2025\/07\/ParqueRibalta_estanque-768x1024.jpg\" alt=\"\" class=\"wp-image-2816\" srcset=\"https:\/\/agendaurbanacastello.es\/wp-content\/uploads\/2025\/07\/ParqueRibalta_estanque-768x1024.jpg 768w, https:\/\/agendaurbanacastello.es\/wp-content\/uploads\/2025\/07\/ParqueRibalta_estanque-225x300.jpg 225w, https:\/\/agendaurbanacastello.es\/wp-content\/uploads\/2025\/07\/ParqueRibalta_estanque-1152x1536.jpg 1152w, https:\/\/agendaurbanacastello.es\/wp-content\/uploads\/2025\/07\/ParqueRibalta_estanque-1536x2048.jpg 1536w, https:\/\/agendaurbanacastello.es\/wp-content\/uploads\/2025\/07\/ParqueRibalta_estanque-9x12.jpg 9w, https:\/\/agendaurbanacastello.es\/wp-content\/uploads\/2025\/07\/ParqueRibalta_estanque-scaled.jpg 1920w\" sizes=\"(max-width: 768px) 100vw, 768px\" \/><figcaption>Una de las acciones a realizar en el marco del proyecto ser\u00e1 la restauraci\u00f3n ecol\u00f3gica del estanque del Parque Ribalta<\/figcaption><\/figure>\n\n\n\n<h3><strong>Proyecto \u201cCastell\u00f3n Naturaleza en Red\u201d<\/strong><\/h3>\n\n\n\n<p>Finalmente, la alcaldesa ha recordado que el proyecto \u2018Castell\u00f3n Naturaleza en Red\u2019 consta de tres pilares fundamentales.<\/p>\n\n\n\n<p>En primer lugar, consta de un apartado educativo donde se crear\u00e1n \u201coasis clim\u00e1ticos\u201d en cerca m\u00e1s de 15 centros escolares; con la instalaci\u00f3n de p\u00e9rgolas vegetales para generar sombra natural, la creaci\u00f3n de huertos escolares y zonas ajardinadas y la implementaci\u00f3n de cubiertas verdes en los edificios educativos. \u201cEs un plan para la renaturalizaci\u00f3n de colegios, porque va dirigido a los castellonenses del futuro, a nuestros ni\u00f1os y nuestras ni\u00f1as\u201d, se\u00f1ala la alcaldesa.<\/p>\n\n\n\n<p>Estas medidas no solo contribuir\u00e1n a reducir el calor en los patios escolares, sino que tambi\u00e9n fomentar\u00e1n la educaci\u00f3n ambiental y la sostenibilidad entre el alumnado.<\/p>\n\n\n\n<p>El segundo apartado que contempla la creaci\u00f3n de espacios verdes en la ciudad, donde se proceder\u00e1 a la renaturalizaci\u00f3n de la cubierta de 600 m2 en forma de \u201cU\u201d de la Plaza Santa Clara junto con la cubierta de 150 m2 perteneciente al edificio de las florister\u00edas.<\/p>\n\n\n\n<p>El tercer apartado trata sobre la restauraci\u00f3n ecol\u00f3gica de los estanques del Parque Ribalta y Parque Ge\u00f3logo Royo, as\u00ed como el redise\u00f1o del estanque del Parque M\u00e9rida.<\/p>\n\n\n\n<h3><strong>Proyecto vinculado a la Agenda Urbana de Castell\u00f3n<\/strong><\/h3>\n\n\n\n<p>Por su car\u00e1cter transversal y su impacto en el desarrollo urbano de la ciudad, Castell\u00f3n Naturaleza en Red forma parte del plan de acci\u00f3n de la <a href=\"https:\/\/agendaurbanacastello.es\/va\/\" target=\"_blank\" rel=\"noreferrer noopener\" title=\"Agenda Urbana de Castell\u00f3n\">Agenda Urbana de Castell\u00f3n<\/a>.<\/p>\n\n\n\n<p>La iniciativa se vincula directamente a proyectos prioritarios de la Agenda Urbana local como la <a href=\"https:\/\/agendaurbanacastello.es\/va\/ficha\/estrategia-de-renaturalizacion-municipal-y-restauracion-ecologica\/\" target=\"_blank\" rel=\"noreferrer noopener\" title=\"Estrategia de renaturalizaci\u00f3n municipal y restauraci\u00f3n ecol\u00f3gica\">Estrategia de renaturalizaci\u00f3n municipal y restauraci\u00f3n ecol\u00f3gica<\/a>, <a href=\"https:\/\/agendaurbanacastello.es\/va\/ficha\/biodiversidad-urbana\/\" target=\"_blank\" rel=\"noreferrer noopener\" title=\"Biodiversidad Urbana\">Biodiversidad Urbana<\/a> i <a href=\"https:\/\/agendaurbanacastello.es\/va\/ficha\/cultura-formacion-y-participacion-ciudadana\/\" target=\"_blank\" rel=\"noreferrer noopener\" title=\"Cultura, formaci\u00f3 i participaci\u00f3 ciutadana\">Cultura, formaci\u00f3 i participaci\u00f3 ciutadana<\/a>. Asimismo, impacta indirectamente en proyectos como Mejora de entornos urbanos para una vida activa y saludable, Inclusi\u00f3n social e integraci\u00f3n urbana, Envejecimiento activo y saludable y Turismo sostenible, inteligente y deportivo.<\/p>\n\n\n\n<div class=\"wp-block-image\"><figure class=\"aligncenter size-large\"><img loading=\"lazy\" width=\"410\" height=\"1024\" src=\"https:\/\/agendaurbanacastello.es\/wp-content\/uploads\/2025\/09\/Resumen-Castellon-naturaleza-en-red-410x1024.jpg\" alt=\"\" class=\"wp-image-2921\" srcset=\"https:\/\/agendaurbanacastello.es\/wp-content\/uploads\/2025\/09\/Resumen-Castellon-naturaleza-en-red-410x1024.jpg 410w, https:\/\/agendaurbanacastello.es\/wp-content\/uploads\/2025\/09\/Resumen-Castellon-naturaleza-en-red-120x300.jpg 120w, https:\/\/agendaurbanacastello.es\/wp-content\/uploads\/2025\/09\/Resumen-Castellon-naturaleza-en-red-768x1920.jpg 768w, https:\/\/agendaurbanacastello.es\/wp-content\/uploads\/2025\/09\/Resumen-Castellon-naturaleza-en-red-5x12.jpg 5w, https:\/\/agendaurbanacastello.es\/wp-content\/uploads\/2025\/09\/Resumen-Castellon-naturaleza-en-red.jpg 800w\" sizes=\"(max-width: 410px) 100vw, 410px\" \/><figcaption>Informaci\u00f3n resumida sobre Castell\u00f3n Naturaleza en Red <\/figcaption><\/figure><\/div>\n\n\n\n<p><\/p>","protected":false},"excerpt":{"rendered":"<p>Bego\u00f1a Carrasco participar\u00e1 el 3 de septiembre en el evento de presentaci\u00f3n de los proyectos seleccionados en la convocatoria de subvenciones de la Fundaci\u00f3n Biodiversidad, para la renaturalizaci\u00f3n de ciudades espa\u00f1olas<\/p>","protected":false},"author":1,"featured_media":2920,"comment_status":"closed","ping_status":"closed","sticky":false,"template":"","format":"standard","meta":{"_monsterinsights_skip_tracking":false,"_monsterinsights_sitenote_active":false,"_monsterinsights_sitenote_note":"","_monsterinsights_sitenote_category":0},"categories":[1],"tags":[186,206,151,90,207,147,177,49],"acf":[],"_links":{"self":[{"href":"https:\/\/agendaurbanacastello.es\/va\/wp-json\/wp\/v2\/posts\/2919"}],"collection":[{"href":"https:\/\/agendaurbanacastello.es\/va\/wp-json\/wp\/v2\/posts"}],"about":[{"href":"https:\/\/agendaurbanacastello.es\/va\/wp-json\/wp\/v2\/types\/post"}],"author":[{"embeddable":true,"href":"https:\/\/agendaurbanacastello.es\/va\/wp-json\/wp\/v2\/users\/1"}],"replies":[{"embeddable":true,"href":"https:\/\/agendaurbanacastello.es\/va\/wp-json\/wp\/v2\/comments?post=2919"}],"version-history":[{"count":2,"href":"https:\/\/agendaurbanacastello.es\/va\/wp-json\/wp\/v2\/posts\/2919\/revisions"}],"predecessor-version":[{"id":2924,"href":"https:\/\/agendaurbanacastello.es\/va\/wp-json\/wp\/v2\/posts\/2919\/revisions\/2924"}],"wp:featuredmedia":[{"embeddable":true,"href":"https:\/\/agendaurbanacastello.es\/va\/wp-json\/wp\/v2\/media\/2920"}],"wp:attachment":[{"href":"https:\/\/agendaurbanacastello.es\/va\/wp-json\/wp\/v2\/media?parent=2919"}],"wp:term":[{"taxonomy":"category","embeddable":true,"href":"https:\/\/agendaurbanacastello.es\/va\/wp-json\/wp\/v2\/categories?post=2919"},{"taxonomy":"post_tag","embeddable":true,"href":"https:\/\/agendaurbanacastello.es\/va\/wp-json\/wp\/v2\/tags?post=2919"}],"curies":[{"name":"wp","href":"https:\/\/api.w.org\/{rel}","templated":true}]}}