{"id":2943,"date":"2025-08-13T09:13:00","date_gmt":"2025-08-13T09:13:00","guid":{"rendered":"https:\/\/agendaurbanacastello.es\/?p=2943"},"modified":"2025-09-02T09:32:39","modified_gmt":"2025-09-02T09:32:39","slug":"campamento-digital-de-verano","status":"publish","type":"post","link":"https:\/\/agendaurbanacastello.es\/va\/campamento-digital-de-verano\/","title":{"rendered":"Campamento digital de verano"},"content":{"rendered":"<h2>Talleres en el Menador para que ni\u00f1os, ni\u00f1as y j\u00f3venes aprenden a proteger su identidad digital, detectar noticias falsas y usar la Inteligencia Artificial<\/h2>\n\n\n\n<p> Paco Caba\u00f1ero, concejal de Modernizaci\u00f3n y Transparencia del <a href=\"https:\/\/www.castello.es\/es\/\" target=\"_blank\" rel=\"noreferrer noopener\" title=\"Ayuntamiento de Castell\u00f3n\">Ayuntamiento de Castell\u00f3n<\/a>, ha visitado una de las actividades de Campamento Digital que organiza la Fundaci\u00f3n Cibervoluntarios, en colaboraci\u00f3n con el Ayuntamiento de Castell\u00f3n, en el centro Menador Espai Cultural<a href=\"https:\/\/campamentodigital.org\/\">,<\/a> donde se traslad\u00f3 la iniciativa el pasado 28 de julio, tal y como estaba previsto.<\/p>\n\n\n\n<p>\u201cEs un orgullo ceder un espacio municipal emblem\u00e1tico como el Menador, para que los ni\u00f1os, ni\u00f1as y j\u00f3venes aprendan algo tan importante como es hacer un uso responsable de internet y desarrollar habilidades tecnol\u00f3gicas aplicables en su d\u00eda a d\u00eda\u201d, ha asegura el concejal.<\/p>\n\n\n\n<p>Durante los meses de agosto y septiembre m\u00e1s de 200 ni\u00f1os y ni\u00f1as y j\u00f3venes participan en este espacio municipal en una iniciativa que tiene como objetivo formar en el uso seguro y responsable de la tecnolog\u00eda, potenciar el talento digital y fomentar el pensamiento cr\u00edtico entre los m\u00e1s j\u00f3venes, con especial atenci\u00f3n a aquellos en situaci\u00f3n de mayor vulnerabilidad digital.<\/p>\n\n\n\n<blockquote class=\"wp-block-quote\"><p>Esta actividad no solo ense\u00f1a a usar la tecnolog\u00eda, sino a comprenderla y aprovecharla como herramienta de desarrollo personal y profesional, promoviendo una educaci\u00f3n digital cercana.<\/p><cite>Paco Caba\u00f1ero, concejal de Modernizaci\u00f3n y Transparencia Ayuntamiento de Castell\u00f3n <\/cite><\/blockquote>\n\n\n\n<h3>Contenidos adaptados por edades<\/h3>\n\n\n\n<p>El programa se organiza en diferentes grupos de edad y todos los contenidos est\u00e1n dise\u00f1ados para adaptarse a sus necesidades y capacidades.<\/p>\n\n\n\n<p>El concejal de Modernizaci\u00f3n tambi\u00e9n ha explicado que \u201clos m\u00e1s peque\u00f1os, entre 9 y 11 a\u00f1os, se convierten en una especie de \u2018detectives digitales\u2019, que aprenden a identificar noticias falsas o fake news, proteger su identidad en Internet y crear contenido como presentaciones o v\u00eddeos. En la franja de 12 a 13 a\u00f1os profundizan en el uso consciente de la tecnolog\u00eda, la convivencia digital y el cuidado de la privacidad en redes sociales\u201d.<\/p>\n\n\n\n<p>\u201cMientras, los j\u00f3venes de 14 a 17 a\u00f1os, el campamento es un espacio de exploraci\u00f3n y proyecci\u00f3n de futuro, al trabajar la creaci\u00f3n de un curr\u00edculum digital, el desarrollo de contenido para redes sociales o el uso responsable de la inteligencia artificial como herramienta\u201d, ha comentado el edil.<\/p>\n\n\n\n<p>Por \u00faltimo, Caba\u00f1ero ha recordado que \u201cal finalizar, todos los participantes reciben el certificado oficial DigComp, que acredita sus competencias digitales seg\u00fan el marco europeo, que aporta un valor diferencial a su formaci\u00f3n acad\u00e9mica y profesional\u201d.<\/p>\n\n\n\n<h3>Una prioridad en la Agenda Urbana de Castell\u00f3n<\/h3>\n\n\n\n<p>Con el fin de responder a necesidades de digitalizaci\u00f3n identificadas en el proceso de definici\u00f3n y elaboraci\u00f3n del plan de acci\u00f3n local y dar respuesta a los principales retos planteados en el plan para la transformaci\u00f3n digital de Europa, la <a href=\"https:\/\/agendaurbanacastello.es\/va\/\" target=\"_blank\" rel=\"noreferrer noopener\" title=\"Agenda Urbana de Castell\u00f3n\">Agenda Urbana de Castell\u00f3n<\/a> contempla varios proyectos prioritarios centrados en la digitalizaci\u00f3n y la formaci\u00f3n e competencias digitales: <\/p>\n\n\n\n<ul><li><a href=\"https:\/\/agendaurbanacastello.es\/va\/ficha\/transformacion-digital-urbana\/\" target=\"_blank\" rel=\"noreferrer noopener\" title=\"Transformaci\u00f3 digital urbana\">Transformaci\u00f3 digital urbana<\/a>: seguir avanzando hacia un modelo de ciudad inteligente e innovador introduciendo nuevas tecnolog\u00edas disruptivas para optimizar y simplificar los procesos internos y facilitar nuevos servicios a la ciudadan\u00eda.<\/li><li><a href=\"https:\/\/agendaurbanacastello.es\/va\/ficha\/gemelo-digital-castello\/\" target=\"_blank\" rel=\"noreferrer noopener\" title=\"Gemelo digital Castell\u00f3n\">Gemelo digital Castell\u00f3n<\/a>: contar con una r\u00e9plica virtual de los principales elementos de la ciudad que permita analizar, modelar, simular y predecir escenarios o elaborar supuestos para una mejor toma de decisiones sobre planificaci\u00f3n y gesti\u00f3n urbana.<\/li><li><a href=\"https:\/\/agendaurbanacastello.es\/va\/ficha\/cultura-formacion-y-participacion-ciudadana\/\" target=\"_blank\" rel=\"noreferrer noopener\" title=\"Cultura, formaci\u00f3 i participaci\u00f3 ciutadana\">Cultura, formaci\u00f3 i participaci\u00f3 ciutadana<\/a>: informar, sensibilizar y capacitar a la ciudadan\u00eda y personal t\u00e9cnico del Ayuntamiento en conceptos clave en materia urbana para que comprendan el funcionamiento de su ciudad y hacerles part\u00edcipes.<\/li><\/ul>","protected":false},"excerpt":{"rendered":"<p>En los meses de agosto y septiembre m\u00e1s de 200 ni\u00f1os, ni\u00f1as y j\u00f3venes pasar\u00e1n por este espacio municipal para formarse en el uso seguro y responsable de la tecnolog\u00eda<\/p>","protected":false},"author":1,"featured_media":2944,"comment_status":"closed","ping_status":"closed","sticky":false,"template":"","format":"standard","meta":{"_monsterinsights_skip_tracking":false,"_monsterinsights_sitenote_active":false,"_monsterinsights_sitenote_note":"","_monsterinsights_sitenote_category":0},"categories":[1],"tags":[214,151,133,67,48,60],"acf":[],"_links":{"self":[{"href":"https:\/\/agendaurbanacastello.es\/va\/wp-json\/wp\/v2\/posts\/2943"}],"collection":[{"href":"https:\/\/agendaurbanacastello.es\/va\/wp-json\/wp\/v2\/posts"}],"about":[{"href":"https:\/\/agendaurbanacastello.es\/va\/wp-json\/wp\/v2\/types\/post"}],"author":[{"embeddable":true,"href":"https:\/\/agendaurbanacastello.es\/va\/wp-json\/wp\/v2\/users\/1"}],"replies":[{"embeddable":true,"href":"https:\/\/agendaurbanacastello.es\/va\/wp-json\/wp\/v2\/comments?post=2943"}],"version-history":[{"count":1,"href":"https:\/\/agendaurbanacastello.es\/va\/wp-json\/wp\/v2\/posts\/2943\/revisions"}],"predecessor-version":[{"id":2945,"href":"https:\/\/agendaurbanacastello.es\/va\/wp-json\/wp\/v2\/posts\/2943\/revisions\/2945"}],"wp:featuredmedia":[{"embeddable":true,"href":"https:\/\/agendaurbanacastello.es\/va\/wp-json\/wp\/v2\/media\/2944"}],"wp:attachment":[{"href":"https:\/\/agendaurbanacastello.es\/va\/wp-json\/wp\/v2\/media?parent=2943"}],"wp:term":[{"taxonomy":"category","embeddable":true,"href":"https:\/\/agendaurbanacastello.es\/va\/wp-json\/wp\/v2\/categories?post=2943"},{"taxonomy":"post_tag","embeddable":true,"href":"https:\/\/agendaurbanacastello.es\/va\/wp-json\/wp\/v2\/tags?post=2943"}],"curies":[{"name":"wp","href":"https:\/\/api.w.org\/{rel}","templated":true}]}}