{"id":2949,"date":"2025-08-09T11:21:00","date_gmt":"2025-08-09T11:21:00","guid":{"rendered":"https:\/\/agendaurbanacastello.es\/?p=2949"},"modified":"2025-09-02T11:42:01","modified_gmt":"2025-09-02T11:42:01","slug":"envejecimiento-activo-y-saludable","status":"publish","type":"post","link":"https:\/\/agendaurbanacastello.es\/va\/envejecimiento-activo-y-saludable\/","title":{"rendered":"Envelliment actiu i saludable"},"content":{"rendered":"<h2>M\u00e1s de 2.800 personas disfrutan de las actividades programadas por la Concejal\u00eda de Gente Mayor<\/h2>\n\n\n\n<p>La alcaldesa de Castell\u00f3n, Bego\u00f1a Carrasco, y la concejala de <a href=\"https:\/\/www.castello.es\/es\/unidad-gente-mayor\" title=\"Gente Mayor\">Gente Mayor<\/a>, Clara Adsuara, han celebrado el balance positivo de las actividades promovidas durante el a\u00f1o por el <a href=\"https:\/\/www.castello.es\/es\/\" target=\"_blank\" rel=\"noreferrer noopener\" title=\"Ayuntamiento de Castell\u00f3n\">Ayuntamiento de Castell\u00f3n<\/a> para las personas mayores. <\/p>\n\n\n\n<p>\u201cEstamos muy contentos con el \u00e9xito que han tenido las actividades organizadas desde la Concejal\u00eda de Gente Mayor. La masiva respuesta de nuestros mayores, a quienes tanto les debemos y tratamos de cuidar todos los d\u00edas del a\u00f1o, es la constataci\u00f3n de que vamos por el buen camino. Nuestros mayores van a seguir estando en el centro de las pol\u00edticas municipales porque tienen mucho que aportar\u201d, afirma la primera edil.<\/p>\n\n\n\n<p>En total, 2.873 personas mayores se han matriculado en alguna de las 69 actividades distintas que se han realizado en el <a href=\"https:\/\/ceacastellon.es\/\" target=\"_blank\" rel=\"noreferrer noopener\" title=\"Centro Senior de Vida Activa y Saludable\">Centro Senior de Vida Activa y Saludable<\/a>, de la calle Antonio Maura; en el centro de mayores Columbretes y en otros centros de mayores y espacios p\u00fablicos de la ciudad.<\/p>\n\n\n\n<p>\u201cLa gente mayor se siente activa y con ganas de seguir aportando a la ciudad. Es un orgullo contar con su participaci\u00f3n, con sus ganas y con su experiencia en este Castell\u00f3n de todos y para todos por el que apostamos desde el equipo de gobierno\u201d, ha explicado Adsuara.<\/p>\n\n\n\n<h3>Actividades ajustadas al I Plan de Personas Mayores de Castell\u00f3n<\/h3>\n\n\n\n<p>Las actividades, de car\u00e1cter socio-cultural y deportivas siguen la l\u00ednea estrat\u00e9gica del I Plan Municipal de Personas Mayores aprobado por el Pleno el pasado mes de junio. Los usuarios han podido disfrutar de actividades enfocadas en la alimentaci\u00f3n, la salud emocional y cognitiva, el deporte, las nuevas tecnolog\u00edas o la estimulaci\u00f3n sensorial, entre otras.<\/p>\n\n\n\n<figure class=\"wp-block-image size-large\"><img loading=\"lazy\" width=\"1024\" height=\"683\" src=\"https:\/\/agendaurbanacastello.es\/wp-content\/uploads\/2025\/07\/Pleno-junio-personas-mayores-castellon2-1024x683.jpeg\" alt=\"\" class=\"wp-image-2869\" srcset=\"https:\/\/agendaurbanacastello.es\/wp-content\/uploads\/2025\/07\/Pleno-junio-personas-mayores-castellon2-1024x683.jpeg 1024w, https:\/\/agendaurbanacastello.es\/wp-content\/uploads\/2025\/07\/Pleno-junio-personas-mayores-castellon2-300x200.jpeg 300w, https:\/\/agendaurbanacastello.es\/wp-content\/uploads\/2025\/07\/Pleno-junio-personas-mayores-castellon2-768x512.jpeg 768w, https:\/\/agendaurbanacastello.es\/wp-content\/uploads\/2025\/07\/Pleno-junio-personas-mayores-castellon2-1536x1024.jpeg 1536w, https:\/\/agendaurbanacastello.es\/wp-content\/uploads\/2025\/07\/Pleno-junio-personas-mayores-castellon2-2048x1365.jpeg 2048w, https:\/\/agendaurbanacastello.es\/wp-content\/uploads\/2025\/07\/Pleno-junio-personas-mayores-castellon2-18x12.jpeg 18w, https:\/\/agendaurbanacastello.es\/wp-content\/uploads\/2025\/07\/Pleno-junio-personas-mayores-castellon2-365x243.jpeg 365w\" sizes=\"(max-width: 1024px) 100vw, 1024px\" \/><figcaption>Clara Adsuara, Concejala de Gente Mayor del Ayuntamiento de Castell\u00f3n<\/figcaption><\/figure>\n\n\n\n<p>\u201cTenemos una hoja de ruta clara de la que no nos vamos a desviar, est\u00e1 marcada en este Plan que aprobamos, fruto de la colaboraci\u00f3n de todos, para seguir desarrollando pol\u00edticas de envejecimiento activo y que proporcionen bienestar. Sin olvidarnos, por supuesto, del Plan Castell\u00f3n Acompa\u00f1a con el que vamos a combatir, a la vuelta del verano, la soledad no deseada que sufren muchas personas mayores en nuestra ciudad\u201d, insiste la alcaldesa.<\/p>\n\n\n\n<p>Las matr\u00edculas registradas en el Centro Senior de Vida Activa y Saludable de la calle Antonio Maura han sido 868; en el Centro para Mayores Columbretes han sido 1043 matriculaciones, y en otros centros municipales de mayores de la ciudad 962, de las cuales 205 han sido matriculaciones en actividades socio-culturales y 757 matr\u00edculas en actividades deportivas.<\/p>\n\n\n\n<p>Adem\u00e1s, la Concejal\u00eda de Gente Mayor, durante este curso, ha puesto a disposici\u00f3n del colectivo de mayores actividades gratuitas como talleres de teatro y actividades al aire libre en 2 parques de la ciudad, Ribalta y el Ge\u00f3logo Jos\u00e9 Royo. Entre las propuestas tambi\u00e9n se incluyen conferencias sobre la prevenci\u00f3n del maltrato a personas mayores, talleres de primeros auxilios y h\u00e1bitos de alimentaci\u00f3n saludable.<\/p>\n\n\n\n<p>Entre las actividades que m\u00e1s aceptaci\u00f3n han tenido, destacan los di\u00e1logos en franc\u00e9s, impartido en el Centro de Vida Activa y Saludable, y el taller de historia del arte, que dobl\u00f3 el n\u00famero de inscritos con un total de 170.<\/p>\n\n\n\n<h3>Novedades para el pr\u00f3ximo curso<\/h3>\n\n\n\n<p>De cara al pr\u00f3ximo ejercicio, que comenzar\u00e1 en septiembre, la concejal\u00eda de Gente Mayor ampliar\u00e1 la oferta de actividades a m\u00e1s espacios al aire libre, incluyendo el parque Rafalafena y el parque de La Panderola, en el Grao.<\/p>\n\n\n\n<p>Como novedad, se incorporar\u00e1n m\u00e1s actividades intergeneracionales que sigan fomentando el intercambio de experiencias entre j\u00f3venes y mayores, como ya se ha hecho con \u2018MasterChef Senior\u2019 o las visitas de alumnos de infantil a las residencias de personas mayores, con el objetivo de fortalecer los lazos sociales y emocionales entre generaciones.<\/p>\n\n\n\n<h3>Una prioridad en la Agenda Urbana de Castell\u00f3n<\/h3>\n\n\n\n<p>El plan de acci\u00f3n de la <a href=\"https:\/\/agendaurbanacastello.es\/va\/\" target=\"_blank\" rel=\"noreferrer noopener\" title=\"Agenda Urbana de Castell\u00f3n\">Agenda Urbana de Castell\u00f3n<\/a> se compone de 16 proyectos prioritarios para hacer de la ciudad un espacio m\u00e1s inclusivo, resiliente y sostenible. <\/p>\n\n\n\n<p>Entre los proyectos prioritarios destaca la iniciativa &#8220;<a href=\"https:\/\/agendaurbanacastello.es\/va\/ficha\/envejecimiento-activo-y-saludable\/\" target=\"_blank\" rel=\"noreferrer noopener\" title=\"Envelliment actiu i saludable\">Envelliment actiu i saludable<\/a>&#8220;, que contempla un conjunto de actuaciones dise\u00f1adas para hacer de Castell\u00f3n una ciudad de referencia en la promoci\u00f3n del envejecimiento activo y saludable. Es decir, disponer de espacios y servicios enmarcados en una estrategia municipal que contribuya a mejorar la calidad de vida de las personas mayores en materia de salud f\u00edsica y emocional.<\/p>","protected":false},"excerpt":{"rendered":"<p>Se trata de actividades de car\u00e1cter socio-cultural y deportivas vinculadas al I Plan Municipal de Personas Mayores aprobado el pasado mes de junio. <\/p>","protected":false},"author":1,"featured_media":2950,"comment_status":"closed","ping_status":"closed","sticky":false,"template":"","format":"standard","meta":{"_monsterinsights_skip_tracking":false,"_monsterinsights_sitenote_active":false,"_monsterinsights_sitenote_note":"","_monsterinsights_sitenote_category":0},"categories":[1],"tags":[55,134,84,48],"acf":[],"_links":{"self":[{"href":"https:\/\/agendaurbanacastello.es\/va\/wp-json\/wp\/v2\/posts\/2949"}],"collection":[{"href":"https:\/\/agendaurbanacastello.es\/va\/wp-json\/wp\/v2\/posts"}],"about":[{"href":"https:\/\/agendaurbanacastello.es\/va\/wp-json\/wp\/v2\/types\/post"}],"author":[{"embeddable":true,"href":"https:\/\/agendaurbanacastello.es\/va\/wp-json\/wp\/v2\/users\/1"}],"replies":[{"embeddable":true,"href":"https:\/\/agendaurbanacastello.es\/va\/wp-json\/wp\/v2\/comments?post=2949"}],"version-history":[{"count":1,"href":"https:\/\/agendaurbanacastello.es\/va\/wp-json\/wp\/v2\/posts\/2949\/revisions"}],"predecessor-version":[{"id":2951,"href":"https:\/\/agendaurbanacastello.es\/va\/wp-json\/wp\/v2\/posts\/2949\/revisions\/2951"}],"wp:featuredmedia":[{"embeddable":true,"href":"https:\/\/agendaurbanacastello.es\/va\/wp-json\/wp\/v2\/media\/2950"}],"wp:attachment":[{"href":"https:\/\/agendaurbanacastello.es\/va\/wp-json\/wp\/v2\/media?parent=2949"}],"wp:term":[{"taxonomy":"category","embeddable":true,"href":"https:\/\/agendaurbanacastello.es\/va\/wp-json\/wp\/v2\/categories?post=2949"},{"taxonomy":"post_tag","embeddable":true,"href":"https:\/\/agendaurbanacastello.es\/va\/wp-json\/wp\/v2\/tags?post=2949"}],"curies":[{"name":"wp","href":"https:\/\/api.w.org\/{rel}","templated":true}]}}