{"id":2952,"date":"2025-08-01T07:04:00","date_gmt":"2025-08-01T07:04:00","guid":{"rendered":"https:\/\/agendaurbanacastello.es\/?p=2952"},"modified":"2025-09-03T07:33:06","modified_gmt":"2025-09-03T07:33:06","slug":"contratada-la-direccion-de-obra-del-mercado-central","status":"publish","type":"post","link":"https:\/\/agendaurbanacastello.es\/va\/contratada-la-direccion-de-obra-del-mercado-central\/","title":{"rendered":"Contratada la direcci\u00f3n de obra del Mercado Central"},"content":{"rendered":"<h2>El gobierno municipal aprueba el expediente para contratar la direcci\u00f3n de obra del Mercado Central con un presupuesto de 309.297 euros<\/h2>\n\n\n\n<p>La Junta de Gobierno Local ha aprobado esta semana el expediente para contratar, mediante procedimiento abierto, el servicio de arquitectura e ingenier\u00eda para la direcci\u00f3n t\u00e9cnica, coordinaci\u00f3n de seguridad y salud y redacci\u00f3n de los posibles proyectos modificados de las obras de rehabilitaci\u00f3n integral del Mercado Central de Castell\u00f3n. El presupuesto asciende a 255.617,90 euros, m\u00e1s 53.679,76 euros en concepto de IVA.<\/p>\n\n\n\n<p>Un paso adelante en la transformaci\u00f3n del emblem\u00e1tico Mercado Central con el fin de convertirlo en un espacio moderno e innovador que combinar\u00e1 venta y gastronom\u00eda, como ocurre en otras capitales espa\u00f1olas y europeas. Una rehabilitaci\u00f3n integral que lo convertir\u00e1 en punto de atracci\u00f3n comercial y tur\u00edstica dinamizando y revitalizando todo el centro de la ciudad.<\/p>\n\n\n\n<p>El concejal de Urbanismo, Sergio Toledo, ha se\u00f1alado al respecto que dada la complejidad se ha cre\u00eddo conveniente externalizar la contrataci\u00f3n de la direcci\u00f3n de obra. \u201cUn proyecto en el que vamos de la mano de los vendedores para hacer del Mercado Central el mayor reclamo tur\u00edstico y comercial, tanto para vecinos, como turistas\u201d. Y ha recordado que \u201cajustaremos los plazos tanto como sea posible para que los vendedores s\u00f3lo trasladen su actividad comercial al mercado provisional que se instalar\u00e1 en la plaza Santa Clara, solo una campa\u00f1a navide\u00f1a, la Navidad de 2025\u201d.<\/p>\n\n\n\n<figure class=\"wp-block-image size-large\"><img loading=\"lazy\" width=\"1024\" height=\"683\" src=\"https:\/\/agendaurbanacastello.es\/wp-content\/uploads\/2025\/09\/MERCADO-CENTRAL-1024x683.jpg\" alt=\"\" class=\"wp-image-2954\" srcset=\"https:\/\/agendaurbanacastello.es\/wp-content\/uploads\/2025\/09\/MERCADO-CENTRAL-1024x683.jpg 1024w, https:\/\/agendaurbanacastello.es\/wp-content\/uploads\/2025\/09\/MERCADO-CENTRAL-300x200.jpg 300w, https:\/\/agendaurbanacastello.es\/wp-content\/uploads\/2025\/09\/MERCADO-CENTRAL-768x512.jpg 768w, https:\/\/agendaurbanacastello.es\/wp-content\/uploads\/2025\/09\/MERCADO-CENTRAL-1536x1024.jpg 1536w, https:\/\/agendaurbanacastello.es\/wp-content\/uploads\/2025\/09\/MERCADO-CENTRAL-2048x1365.jpg 2048w, https:\/\/agendaurbanacastello.es\/wp-content\/uploads\/2025\/09\/MERCADO-CENTRAL-18x12.jpg 18w, https:\/\/agendaurbanacastello.es\/wp-content\/uploads\/2025\/09\/MERCADO-CENTRAL-365x243.jpg 365w\" sizes=\"(max-width: 1024px) 100vw, 1024px\" \/><figcaption>Fachada del emblem\u00e1tico mercado de Castell\u00f3n <\/figcaption><\/figure>\n\n\n\n<h3>Una actuaci\u00f3n en el marco del Plan de Acci\u00f3n Integrado de Castell\u00f3n  <\/h3>\n\n\n\n<p>El proyecto de remodelaci\u00f3n de este emblem\u00e1tico edificio y motor comercial de la ciudad es uno de los siete proyectos presentados para optar a financiaci\u00f3n europea a trav\u00e9s de las Estrategias de Desarrollo Integrado Local (EDIL).<\/p>\n\n\n\n<p>Un proyecto con un presupuesto de m\u00e1s de 10 millones de euros, de los cu\u00e1les 6 millones se pretenden financiar a trav\u00e9s de fondos europeos que ya se han solicitado a la Uni\u00f3n Europea. De los otros 4 millones de euros, 2,5 millones ya est\u00e1n presupuestados en este 2025 por parte del Ayuntamiento y el resto se implementar\u00e1 en el ejercicio 2026.<\/p>\n\n\n\n<h3>La Agenda Urbana de Castell\u00f3n como paraguas <\/h3>\n\n\n\n<p>El proyecto de remodelaci\u00f3n del Mercado Central de Castell\u00f3n est\u00e1 vinculado a varios proyectos prioritarios del plan de acci\u00f3n de la <a href=\"https:\/\/agendaurbanacastello.es\/va\/\" target=\"_blank\" rel=\"noreferrer noopener\" title=\"Agenda Urbana de Castell\u00f3n\">Agenda Urbana de Castell\u00f3n<\/a>, el documento estrat\u00e9gico de desarrollo urbano de la ciudad en el horizonte 2030. <\/p>\n\n\n\n<p>Por su capacidad para seguir apostando por un modelo econ\u00f3mico basado en el conocimiento y la innovaci\u00f3n sostenible, tecnol\u00f3gica y social, la remodelaci\u00f3n es una de las actuaciones contempladas en el proyecto &#8220;<a href=\"https:\/\/agendaurbanacastello.es\/va\/ficha\/talento-emprendimiento-industria-y-comercio\/\" target=\"_blank\" rel=\"noreferrer noopener\" title=\"Talent, emprenedoria, ind\u00fastria i comer\u00e7\">Talent, emprenedoria, ind\u00fastria i comer\u00e7<\/a>&#8220;. Asimismo, forma parte de la iniciativa &#8220;<a href=\"https:\/\/agendaurbanacastello.es\/va\/ficha\/transicion-eficiencia-energetica-municipal\/\" target=\"_blank\" rel=\"noreferrer noopener\" title=\"Transici\u00f3 i efici\u00e8ncia energ\u00e8tica municipal\">Transici\u00f3 i efici\u00e8ncia energ\u00e8tica municipal<\/a>&#8220;, pues las mejoras en el edifico contribuir\u00e1n a reducir las emisiones y avanzar hacia los objetivos marcados por la \u201cEstrategia Valenciana de Cambio Clim\u00e1tico y Energ\u00eda 2030.<\/p>\n\n\n\n<p><\/p>\n\n\n\n<p> <\/p>","protected":false},"excerpt":{"rendered":"<p>Se trata de un paso m\u00e1s para convertir el emblem\u00e1tico Mercado Central en un espacio moderno e innovador que combinar\u00e1 venta y gastronom\u00eda. Una rehabilitaci\u00f3n integral que lo convertir\u00e1 en punto de atracci\u00f3n comercial y tur\u00edstica dinamizando y revitalizando todo el centro de la ciudad<\/p>","protected":false},"author":1,"featured_media":2953,"comment_status":"closed","ping_status":"closed","sticky":false,"template":"","format":"standard","meta":{"_monsterinsights_skip_tracking":false,"_monsterinsights_sitenote_active":false,"_monsterinsights_sitenote_note":"","_monsterinsights_sitenote_category":0},"categories":[1],"tags":[202,193,185,164,48,184,199,163],"acf":[],"_links":{"self":[{"href":"https:\/\/agendaurbanacastello.es\/va\/wp-json\/wp\/v2\/posts\/2952"}],"collection":[{"href":"https:\/\/agendaurbanacastello.es\/va\/wp-json\/wp\/v2\/posts"}],"about":[{"href":"https:\/\/agendaurbanacastello.es\/va\/wp-json\/wp\/v2\/types\/post"}],"author":[{"embeddable":true,"href":"https:\/\/agendaurbanacastello.es\/va\/wp-json\/wp\/v2\/users\/1"}],"replies":[{"embeddable":true,"href":"https:\/\/agendaurbanacastello.es\/va\/wp-json\/wp\/v2\/comments?post=2952"}],"version-history":[{"count":1,"href":"https:\/\/agendaurbanacastello.es\/va\/wp-json\/wp\/v2\/posts\/2952\/revisions"}],"predecessor-version":[{"id":2955,"href":"https:\/\/agendaurbanacastello.es\/va\/wp-json\/wp\/v2\/posts\/2952\/revisions\/2955"}],"wp:featuredmedia":[{"embeddable":true,"href":"https:\/\/agendaurbanacastello.es\/va\/wp-json\/wp\/v2\/media\/2953"}],"wp:attachment":[{"href":"https:\/\/agendaurbanacastello.es\/va\/wp-json\/wp\/v2\/media?parent=2952"}],"wp:term":[{"taxonomy":"category","embeddable":true,"href":"https:\/\/agendaurbanacastello.es\/va\/wp-json\/wp\/v2\/categories?post=2952"},{"taxonomy":"post_tag","embeddable":true,"href":"https:\/\/agendaurbanacastello.es\/va\/wp-json\/wp\/v2\/tags?post=2952"}],"curies":[{"name":"wp","href":"https:\/\/api.w.org\/{rel}","templated":true}]}}