{"id":2956,"date":"2025-08-02T07:38:00","date_gmt":"2025-08-02T07:38:00","guid":{"rendered":"https:\/\/agendaurbanacastello.es\/?p=2956"},"modified":"2025-09-03T08:25:22","modified_gmt":"2025-09-03T08:25:22","slug":"mas-de-7-000-personas-aportan-ideas-para-el-nuevo-censal-parc","status":"publish","type":"post","link":"https:\/\/agendaurbanacastello.es\/va\/mas-de-7-000-personas-aportan-ideas-para-el-nuevo-censal-parc\/","title":{"rendered":"M\u00e1s de 7.000 personas aportan ideas para el nuevo Censal Parc"},"content":{"rendered":"<h2>Destacan iniciativas relacionadas con la creaci\u00f3n de grandes \u00e1reas de arboleda y zonas de agua<\/h2>\n\n\n\n<p>La alcaldesa de Castell\u00f3n, ha valorado hoy los resultados del proceso de participaci\u00f3n ciudadana realizado en Castell\u00f3n sobre el futuro Censal Parc, proyectado como el parque urbano m\u00e1s grande de la ciudad, con m\u00e1s de 122.000 m\u00b2. Un proceso que comenz\u00f3 en el mes de mayo y finaliz\u00f3 ayer 31 de julio.<\/p>\n\n\n\n<p>Carrasco ha hecho hincapi\u00e9 en que \u201cse han obtenido un total de 7.005 encuestas v\u00e1lidas \u2013 excluyendo las generadas por bots o aquellas que llegan desde fuera de la ciudad de Castell\u00f3n \u2013 que nos han servido para saber c\u00f3mo quieren los castellonenses que sea el futuro Censal Parc, utilizando canales como las diferentes redes sociales, as\u00ed como encuestas presenciales, salvando la brecha digital\u201d.<\/p>\n\n\n\n<p>La alcaldesa ha recordado que \u201cdicho proceso participativo se ha articulado a trav\u00e9s de la plataforma web www.censalparc.com a trav\u00e9s de un cuestionario con siete preguntas cerradas y una abierta, donde los castellonenses han podido aportar sus sugerencias o peticiones acerca de las caracter\u00edsticas de esta nueva zona verde de la capital\u201d.<\/p>\n\n\n\n<p>Tambi\u00e9n ha insistido en \u201cla importancia que desde el equipo de gobierno municipal damos a la escucha activa y la participaci\u00f3n ciudadana para ese Castell\u00f3n de todos y para todos por el que trabajamos. Por ello tambi\u00e9n se ha compartido el proyecto en diferente foros de participaci\u00f3n como las Juntas de Distrito; Consejo Municipal de Participaci\u00f3n Ciudadana, el Consejo Social de la Ciudad o dem\u00e1s consejos municipales\u201d.<\/p>\n\n\n\n<h3>Un parque m\u00e1s verde, seguro, accesible y multiusos<\/h3>\n\n\n\n<p>La primera edila ha explicado que \u201cestas miles de aportaciones, de ideas, muestran, por un lado, el gran inter\u00e9s que despierta el nuevo Censal Parc entre nuestros vecinos y vecinas. Pero, sobre todo, muestra la implicaci\u00f3n de los castellonenses en un proyecto de ciudad, que se va a convertir en una nueva referencia ciudadana a nivel urban\u00edstico, medioambiental y como punto de encuentro\u201d.<\/p>\n\n\n\n<p>As\u00ed, la alcaldesa ha adelantado que \u201cuna de las principales peticiones es crear un verdadero pulm\u00f3n verde, con protagonismo de la vegetaci\u00f3n y abundantes zonas de arbolado y sombra, as\u00ed como zonas de agua como estanques y fuentes\u201d. Otra de las sugerencias que m\u00e1s han trasladado los vecinos en esta encuesta tiene que ver \u201ccon el dise\u00f1o de un parque que sea seguro, con especial incidencia en la contar con una iluminaci\u00f3n suficiente y eficiente, que evite zonas oscuras\u201d.<\/p>\n\n\n\n<figure class=\"wp-block-image size-large\"><img loading=\"lazy\" width=\"1024\" height=\"768\" src=\"https:\/\/agendaurbanacastello.es\/wp-content\/uploads\/2025\/09\/imagen-1024x768.png\" alt=\"\" class=\"wp-image-2958\" srcset=\"https:\/\/agendaurbanacastello.es\/wp-content\/uploads\/2025\/09\/imagen-1024x768.png 1024w, https:\/\/agendaurbanacastello.es\/wp-content\/uploads\/2025\/09\/imagen-300x225.png 300w, https:\/\/agendaurbanacastello.es\/wp-content\/uploads\/2025\/09\/imagen-768x576.png 768w, https:\/\/agendaurbanacastello.es\/wp-content\/uploads\/2025\/09\/imagen-16x12.png 16w, https:\/\/agendaurbanacastello.es\/wp-content\/uploads\/2025\/09\/imagen.png 1298w\" sizes=\"(max-width: 1024px) 100vw, 1024px\" \/><figcaption>Encuestadores a pie de calle para ampliar el alcance y evitar la brecha digital<\/figcaption><\/figure>\n\n\n\n<p>Por otro lado, Bego\u00f1a Carrasco ha adelantado que \u201ctambi\u00e9n han sido muchas las personas que han apostado por integrar \u00e1reas de juego infantil innovadoras, as\u00ed como instalaciones deportivas diversas, promoviendo en cualquier caso la la convivencia entre usuarios de todas las edades y apostando por la una accesibilidad. Porque Censal Parc debe ser el parque de todos y para todos, un parque inclusivo, sin barreras y con itinerarios accesibles\u201d.<\/p>\n\n\n\n<p>La alcaldesa de Castell\u00f3n ha trasladado asimismo otro tipo de aportaciones de los ciudadanos en este proceso participativo \u201cque solicitan ampliar los usos habituales de un parque a otros de tipo cultural, con un espacio esc\u00e9nico polivalente donde celebrar eventos, como un anfiteatro al aire libre con gradas, para albergar actuaciones de m\u00fasica o representaciones de teatro. Un espacio multiusos que pueda acoger incluso ferias o mercadillos\u201d.<\/p>\n\n\n\n<h3>El mayor proceso participativo<\/h3>\n\n\n\n<p>Bego\u00f1a Carrasco tambi\u00e9n ha querido poner el foco en el hecho de que \u201cla consulta sobre el que ser\u00e1 el futuro parque urbano m\u00e1s grande de Castell\u00f3n ha sido el proceso participativo m\u00e1s exitoso de todos cuantos se han impulsado desde el <a href=\"https:\/\/www.castello.es\/es\/\" target=\"_blank\" rel=\"noreferrer noopener\" title=\"Ayuntamiento de Castell\u00f3n\">Ayuntamiento de Castell\u00f3n<\/a> respecto a los proyectos con financiaci\u00f3n europea.<\/p>\n\n\n\n<p>\u201cEsto es algo muy a tener en cuenta ya que la Uni\u00f3n Europea valora de manera especial y premia la apuesta por la participaci\u00f3n ciudadana a la hora de otorgar las diferentes ayudas y apoyo econ\u00f3mico a los proyectos presentados\u201d, ha apuntado la alcaldesa.<\/p>\n\n\n\n<p>En este sentido, Carrasco ha querido mostrar su orgullo recordando que \u201cel Ayuntamiento de Castell\u00f3n es l\u00edder y referencia en cuanto a la gesti\u00f3n de los fondos europeos, gracias al excelente trabajo que se desarrolla el personal t\u00e9cnico desde su Oficina de Planificaci\u00f3n y Proyecci\u00f3n Econ\u00f3mica\u201d.<\/p>\n\n\n\n<p>Carrasco no ha olvidado \u201cdar las gracias a los miles de vecinos y vecinas de Castell\u00f3n, de todas las edades, que han aportado su granito de arena en este gran proyecto de ciudad, a trav\u00e9s de esta consulta ciudadana sin precedentes, para hacer realidad entre todos ese Censal Parc con el que hoy sue\u00f1a Castell\u00f3n\u201d.<\/p>\n\n\n\n<p>La alcaldesa de Castell\u00f3n tambi\u00e9n ha recordado finalmente que el Gobierno municipal \u201cest\u00e1 trabajando para que el nuevo Censal Parc comience a ser realidad al final de esta misma legislatura, con una primera fase a disposici\u00f3n de los vecinos y vecinas de Castell\u00f3n\u201d.<\/p>\n\n\n\n<figure class=\"wp-block-image size-large\"><img loading=\"lazy\" width=\"1024\" height=\"682\" src=\"https:\/\/agendaurbanacastello.es\/wp-content\/uploads\/2025\/09\/imagen-1-1024x682.png\" alt=\"\" class=\"wp-image-2959\" srcset=\"https:\/\/agendaurbanacastello.es\/wp-content\/uploads\/2025\/09\/imagen-1-1024x682.png 1024w, https:\/\/agendaurbanacastello.es\/wp-content\/uploads\/2025\/09\/imagen-1-300x200.png 300w, https:\/\/agendaurbanacastello.es\/wp-content\/uploads\/2025\/09\/imagen-1-768x512.png 768w, https:\/\/agendaurbanacastello.es\/wp-content\/uploads\/2025\/09\/imagen-1-18x12.png 18w, https:\/\/agendaurbanacastello.es\/wp-content\/uploads\/2025\/09\/imagen-1-365x243.png 365w, https:\/\/agendaurbanacastello.es\/wp-content\/uploads\/2025\/09\/imagen-1.png 1298w\" sizes=\"(max-width: 1024px) 100vw, 1024px\" \/><figcaption>Gran participaci\u00f3n ciudadana para definir el nuevo parque urbano m\u00e1s grande de la ciudad<\/figcaption><\/figure>\n\n\n\n<h3>Una actuaci\u00f3n en el marco del Plan de Acci\u00f3n Integrado de Castell\u00f3n<\/h3>\n\n\n\n<p>El proyecto de definici\u00f3n y creaci\u00f3n del nuevo Censal Parc es uno de los siete proyectos presentados para optar a financiaci\u00f3n europea a trav\u00e9s de las<a href=\"https:\/\/www.aue.gob.es\/noticias\/planes-edil-abierta-convocatoria-fondos-europeos-ministerio-de-hacienda\" target=\"_blank\" rel=\"noreferrer noopener\" title=\" Estrategias de Desarrollo Integrado Local (EDIL).\"> Estrategias de Desarrollo Integrado Local (EDIL).<\/a> En este caso, el Censal Parc se enmarca dentro del Plan de Actuaci\u00f3n Integrado de Castell\u00f3n y se destinar\u00edan 5 millones de los 20 millones de euros que se solicitan a la UE, con una cofinanciaci\u00f3n que asume en un 60% la Uni\u00f3n Europea y que ir\u00edan a parar para impulsar otros grandes proyectos de ciudad\u201d.<\/p>\n\n\n\n<h3>La Agenda Urbana de Castell\u00f3n como paraguas<\/h3>\n\n\n\n<p>El nuevo Censal Parc est\u00e1 vinculado a varios proyectos prioritarios del plan de acci\u00f3n de la <a href=\"https:\/\/agendaurbanacastello.es\/va\/\" target=\"_blank\" rel=\"noreferrer noopener\" title=\"Agenda Urbana de Castell\u00f3n\">Agenda Urbana de Castell\u00f3n<\/a>, el documento estrat\u00e9gico de desarrollo urbano de la ciudad en el horizonte 2030. Entre ellos destacan:<\/p>\n\n\n\n<ul><li><a href=\"https:\/\/agendaurbanacastello.es\/va\/ficha\/estrategia-de-renaturalizacion-municipal-y-restauracion-ecologica\/\" target=\"_blank\" rel=\"noreferrer noopener\" title=\"Estrategia de renaturalizaci\u00f3n municipal y restauraci\u00f3n ecol\u00f3gica\">Estrategia de renaturalizaci\u00f3n municipal y restauraci\u00f3n ecol\u00f3gica<\/a>: consolidar las infraestructuras verdes y restaurar los sistemas fluviales y zonas h\u00famedas para conservar y poner en valor los activos ambientales paisaj\u00edsticos y culturales del territorio.<\/li><li><a href=\"https:\/\/agendaurbanacastello.es\/va\/ficha\/mejora-de-entornos-urbanos-para-una-vida-activa-y-saludable\/\" target=\"_blank\" rel=\"noreferrer noopener\" title=\"Millora d&#039;entorns urbans per a una vida activa i saludable\">Millora d'entorns urbans per a una vida activa i saludable<\/a>: ampliar  la red primaria de Parques P\u00fablicos y corregir y mejorar las condiciones medioambientales adversas de los parques existentes.<\/li><li><a href=\"https:\/\/agendaurbanacastello.es\/va\/ficha\/biodiversidad-urbana\/\" target=\"_blank\" rel=\"noreferrer noopener\" title=\"Biodiversidad Urbana\">Biodiversidad Urbana<\/a>: estrategia de renaturalizaci\u00f3n en la ciudad incrementando las superficies naturales con Soluciones Basadas en la Naturaleza, mejorando as\u00ed el confort y la calidad de vida de la ciudadan\u00eda.<\/li><li><a href=\"https:\/\/agendaurbanacastello.es\/va\/ficha\/cultura-formacion-y-participacion-ciudadana\/\" target=\"_blank\" rel=\"noreferrer noopener\" title=\"ultura, formaci\u00f3n y participaci\u00f3n ciudadana\">Cultura, formaci\u00f3 i participaci\u00f3 ciutadana<\/a>: informar, sensibilizar y capacitar a la ciudadan\u00eda y personal t\u00e9cnico del Ayuntamiento en conceptos clave en materia urbana para que comprendan el funcionamiento de su ciudad y hacerles part\u00edcipes.<\/li><\/ul>\n\n\n\n<p><\/p>","protected":false},"excerpt":{"rendered":"<p>La consulta sobre el que ser\u00e1 el futuro parque urbano m\u00e1s grande de la ciudad ha sido el proceso participativo m\u00e1s exitoso de todos cuantos se han impulsado desde el Ayuntamiento de Castell\u00f3n. <\/p>","protected":false},"author":1,"featured_media":2957,"comment_status":"closed","ping_status":"closed","sticky":false,"template":"","format":"standard","meta":{"_monsterinsights_skip_tracking":false,"_monsterinsights_sitenote_active":false,"_monsterinsights_sitenote_note":"","_monsterinsights_sitenote_category":0},"categories":[1],"tags":[186,215,151,90,185,88,153,152,48,184],"acf":[],"_links":{"self":[{"href":"https:\/\/agendaurbanacastello.es\/va\/wp-json\/wp\/v2\/posts\/2956"}],"collection":[{"href":"https:\/\/agendaurbanacastello.es\/va\/wp-json\/wp\/v2\/posts"}],"about":[{"href":"https:\/\/agendaurbanacastello.es\/va\/wp-json\/wp\/v2\/types\/post"}],"author":[{"embeddable":true,"href":"https:\/\/agendaurbanacastello.es\/va\/wp-json\/wp\/v2\/users\/1"}],"replies":[{"embeddable":true,"href":"https:\/\/agendaurbanacastello.es\/va\/wp-json\/wp\/v2\/comments?post=2956"}],"version-history":[{"count":1,"href":"https:\/\/agendaurbanacastello.es\/va\/wp-json\/wp\/v2\/posts\/2956\/revisions"}],"predecessor-version":[{"id":2960,"href":"https:\/\/agendaurbanacastello.es\/va\/wp-json\/wp\/v2\/posts\/2956\/revisions\/2960"}],"wp:featuredmedia":[{"embeddable":true,"href":"https:\/\/agendaurbanacastello.es\/va\/wp-json\/wp\/v2\/media\/2957"}],"wp:attachment":[{"href":"https:\/\/agendaurbanacastello.es\/va\/wp-json\/wp\/v2\/media?parent=2956"}],"wp:term":[{"taxonomy":"category","embeddable":true,"href":"https:\/\/agendaurbanacastello.es\/va\/wp-json\/wp\/v2\/categories?post=2956"},{"taxonomy":"post_tag","embeddable":true,"href":"https:\/\/agendaurbanacastello.es\/va\/wp-json\/wp\/v2\/tags?post=2956"}],"curies":[{"name":"wp","href":"https:\/\/api.w.org\/{rel}","templated":true}]}}