{"id":2961,"date":"2025-08-04T08:37:00","date_gmt":"2025-08-04T08:37:00","guid":{"rendered":"https:\/\/agendaurbanacastello.es\/?p=2961"},"modified":"2025-09-03T08:53:41","modified_gmt":"2025-09-03T08:53:41","slug":"se-inician-los-trabajos-de-la-zbe-en-las-calles-trullols-y-arquitecto-traver","status":"publish","type":"post","link":"https:\/\/agendaurbanacastello.es\/va\/se-inician-los-trabajos-de-la-zbe-en-las-calles-trullols-y-arquitecto-traver\/","title":{"rendered":"Inician los trabajos de la ZBE en las calles Trullols y Arquitecto Traver"},"content":{"rendered":"<h2>Las obras de ZBE I est\u00e1n ejecutadas al 85% mientras que en la ZBE II se avanza con el 5% completado<\/h2>\n\n\n\n<p>Las obras de la <a href=\"https:\/\/www.castello.es\/es\/zbe\" target=\"_blank\" rel=\"noreferrer noopener\" title=\"Zona de Bajas Emisiones en Castell\u00f3n\">Zona de Bajas Emisiones en Castell\u00f3n<\/a> encaran un mes de agosto de mucha actividad aprovechando al m\u00e1ximo que baja la densidad del tr\u00e1fico en la capital, debido a la temporada estival, aspecto que va a propiciar evitar molestias.<\/p>\n\n\n\n<p>Si la semana pasada se iniciaron los trabajos de adaptaci\u00f3n a plataforma \u00fanica en la calle <strong>Vilaroig, a partir de hoy lunes los operarios han comenzado con las demoliciones en las calles Trullols y Arquitecto Traver.<\/strong><\/p>\n\n\n\n<p>De esta manera, seg\u00fan el concejal de Urbanismo, Sergio Toledo, \u201cseguimos avanzando, cumpliendo con los plazos para tener finalizada la obra en su totalidad el 31 de diciembre del presente a\u00f1o tal y como marca la normativa europea\u201d.<\/p>\n\n\n\n<p>A este respecto cabe se\u00f1alar que una auditor\u00eda reciente ha avalado los trabajos de adecuaci\u00f3n de la Zona de Bajas Emisiones que se est\u00e1n llevando a cabo en la ciudad de Castell\u00f3n. Es una adecuaci\u00f3n sin restricciones para los vecinos tal y como prometi\u00f3 el gobierno municipal. La resoluci\u00f3n de dicha auditor\u00eda realizada por el Ministerio de Transportes y Movilidad Sostenible se\u00f1ala que la Zona de Bajas Emisiones es acorde a la normativa, por lo que no pone en peligro la financiaci\u00f3n europea y no obliga a restringir el tr\u00e1fico.<\/p>\n\n\n\n<p>En cuanto a su avance, cabe decir que las obras en la Zona de Bajas Emisiones I est\u00e1n ejecutadas al 85%, mientras que en la Zona de Bajas Emisiones II se avanza con el 5% completado.<\/p>\n\n\n\n<h3><strong>Avance de obra en la calle San Vicente y Herrero<\/strong><\/h3>\n\n\n\n<p>Paralelamente, otras calles siguen avanzando en las obras, como es el caso de la calle Herrero, donde en breve las obras cambiar\u00e1n de acera una vez concluyan en la zona este, y en la calle San Vicente, donde ya se ha realizado la adecuaci\u00f3n del servicio de agua. Es \u00e9sta \u00faltima tambi\u00e9n se ha regularizado la acera, se han realizado los encintados y se est\u00e1 preparando para la colocaci\u00f3n del adoqu\u00edn.<\/p>\n\n\n\n<h3><strong>Calle Asensi<\/strong><\/h3>\n\n\n\n<p>La calle Asensi tambi\u00e9n avanza. Los trabajos realizados en la acera sur han constado de los encintados, las excavaciones para instalar jardineras y se est\u00e1 colocando la rigola.<\/p>\n\n\n\n<h3>Proyecto financiado con fondos europeos<\/h3>\n\n\n\n<p>El proyecto de la Zona de Bajas Emisiones conseguir\u00e1 que la ciudad cuente con m\u00e1s zonas verdes, as\u00ed como se incrementar\u00e1n las zonas de aparcamiento y mejorar\u00e1 la accesibilidad en la zona centro.<\/p>\n\n\n\n<p>La actuaci\u00f3n se est\u00e1 llevando a cabo en el marco del <a href=\"https:\/\/planderecuperacion.gob.es\/\" target=\"_blank\" rel=\"noreferrer noopener\" title=\"Plan de Recuperaci\u00f3n, Transformaci\u00f3n y Resiliencia (PRTR)\">Plan de Recuperaci\u00f3n, Transformaci\u00f3n y Resiliencia (PRTR)<\/a> financiado con los fondos europeos.<\/p>","protected":false},"excerpt":{"rendered":"<p>Desde hoy lunes ya se puede ver maquinaria preparada para llevar a cabo las demoliciones del pavimento. El mes de agosto es clave para agilizar las obras aprovechando que baja la densidad del tr\u00e1fico<\/p>","protected":false},"author":1,"featured_media":2963,"comment_status":"closed","ping_status":"closed","sticky":false,"template":"","format":"standard","meta":{"_monsterinsights_skip_tracking":false,"_monsterinsights_sitenote_active":false,"_monsterinsights_sitenote_note":"","_monsterinsights_sitenote_category":0},"categories":[1],"tags":[78,77,48,44,94],"acf":[],"_links":{"self":[{"href":"https:\/\/agendaurbanacastello.es\/va\/wp-json\/wp\/v2\/posts\/2961"}],"collection":[{"href":"https:\/\/agendaurbanacastello.es\/va\/wp-json\/wp\/v2\/posts"}],"about":[{"href":"https:\/\/agendaurbanacastello.es\/va\/wp-json\/wp\/v2\/types\/post"}],"author":[{"embeddable":true,"href":"https:\/\/agendaurbanacastello.es\/va\/wp-json\/wp\/v2\/users\/1"}],"replies":[{"embeddable":true,"href":"https:\/\/agendaurbanacastello.es\/va\/wp-json\/wp\/v2\/comments?post=2961"}],"version-history":[{"count":2,"href":"https:\/\/agendaurbanacastello.es\/va\/wp-json\/wp\/v2\/posts\/2961\/revisions"}],"predecessor-version":[{"id":2965,"href":"https:\/\/agendaurbanacastello.es\/va\/wp-json\/wp\/v2\/posts\/2961\/revisions\/2965"}],"wp:featuredmedia":[{"embeddable":true,"href":"https:\/\/agendaurbanacastello.es\/va\/wp-json\/wp\/v2\/media\/2963"}],"wp:attachment":[{"href":"https:\/\/agendaurbanacastello.es\/va\/wp-json\/wp\/v2\/media?parent=2961"}],"wp:term":[{"taxonomy":"category","embeddable":true,"href":"https:\/\/agendaurbanacastello.es\/va\/wp-json\/wp\/v2\/categories?post=2961"},{"taxonomy":"post_tag","embeddable":true,"href":"https:\/\/agendaurbanacastello.es\/va\/wp-json\/wp\/v2\/tags?post=2961"}],"curies":[{"name":"wp","href":"https:\/\/api.w.org\/{rel}","templated":true}]}}